
{"id":73009,"date":"2019-09-11T18:11:45","date_gmt":"2019-09-11T16:11:45","guid":{"rendered":"http:\/\/www.gdapress.it\/it\/?p=73009"},"modified":"2019-11-11T18:21:04","modified_gmt":"2019-11-11T16:21:04","slug":"ferrarini-protagonista-a-napoli-al-pizza-village-con-il-cotto-ferrarini","status":"publish","type":"post","link":"https:\/\/www.gdapress.it\/it\/index.php\/73009\/enogastronomia\/ferrarini-protagonista-a-napoli-al-pizza-village-con-il-cotto-ferrarini.html","title":{"rendered":"Ferrarini\u00a0protagonista a Napoli al Pizza Village con il cotto\u00a0Ferrarini\u00a0"},"content":{"rendered":"<div><img loading=\"lazy\" decoding=\"async\" class=\"alignleft size-medium wp-image-73010\" src=\"http:\/\/www.gdapress.it\/it\/..\/public\/it\/2019\/11\/Ferrarini_Prosciutto_Cotto-254x300.jpg\" alt=\"\" width=\"254\" height=\"300\" srcset=\"https:\/\/www.gdapress.it\/it\/..\/public\/it\/2019\/11\/Ferrarini_Prosciutto_Cotto-254x300.jpg 254w, https:\/\/www.gdapress.it\/it\/..\/public\/it\/2019\/11\/Ferrarini_Prosciutto_Cotto-768x907.jpg 768w, https:\/\/www.gdapress.it\/it\/..\/public\/it\/2019\/11\/Ferrarini_Prosciutto_Cotto-339x400.jpg 339w, https:\/\/www.gdapress.it\/it\/..\/public\/it\/2019\/11\/Ferrarini_Prosciutto_Cotto.jpg 1878w\" sizes=\"auto, (max-width: 254px) 100vw, 254px\" \/><\/div>\n<div><b><span style=\"font-family: garamond, times new roman, serif; font-size: large;\"><span class=\"mark9pyxu78vf\" data-markjs=\"true\" data-ogac=\"\" data-ogab=\"\" data-ogsc=\"\" data-ogsb=\"\">Ferrarini<\/span>\u00a0protagonista a Napoli al Pizza Village\u00a0il cotto\u00a0<span class=\"mark9pyxu78vf\" data-markjs=\"true\" data-ogac=\"\" data-ogab=\"\" data-ogsc=\"\" data-ogsb=\"\">Ferrarini<\/span>\u00a0sar\u00e0 l\u2019ingrediente per le pizze speciali delle 45 pizzerie partecipanti all\u2019evento<\/span><\/b><\/div>\n<div><\/div>\n<div><span style=\"font-family: garamond, times new roman, serif; font-size: large;\">Il Prosciutto Cotto\u00a0<span class=\"mark9pyxu78vf\" data-markjs=\"true\" data-ogac=\"\" data-ogab=\"\" data-ogsc=\"\" data-ogsb=\"\">Ferrarini<\/span>\u00a0<\/span>\u00a0(<a href=\"http:\/\/r.media.theghostteam.com\/mk\/cl\/f\/j12ZboNJd_d4tshQA3h2QmGYl2KhUSA_K3vcJn3kea5JeESgHb9o2ROcOUcr2U-tgd429mI5cWpCJwYub0JeIlvBzwQvaD3YxxFMKQBBkFMqFRQjElVQmo6pRt8hxP_l1Wte3Thri6bjSIySX4s8jdjDhEd9Ph5rmUClrY9cS3hPNmnCT0fVZoHHsHvT8Bh-YOpi0118YDRuLHqMzLAnCPp8dgLKbb0rE6CfI9ej0PBdQLCgPE7r8TmDi4YnjxEphdIuZl8n42VnoJlo7_Isfffzn-mNljH7uLU1QYZ1Pr3KRheZpO1gctC4xiBp6PFSDfobAtykdya2OARSp5wZ5ellxWx6Jauop_AENGlYNxNVJVcIHslqGBPv8FFMdzSl7L0i-rSFVwIf0zF2fuBVu2bNFx6k7xFzTx7xgog0nFVh33FBB3MvmaNWG6sH3nvqnmj1QSFBpEVH\" target=\"_blank\" rel=\"noopener noreferrer\" data-auth=\"NotApplicable\">www.<span class=\"mark9pyxu78vf\" data-markjs=\"true\" data-ogac=\"\" data-ogab=\"\" data-ogsc=\"\" data-ogsb=\"\">ferrarini<\/span>.com<\/a>)\u00a0entra nei men\u00f9 delle pi\u00f9 importanti pizzerie napoletane. Sar\u00e0 il Prosciutto Cotto, realizzato dal primo brand italiano a produrre prosciutto cotto senza polifosfati aggiunti, il protagonista del Napoli Pizza Village che si svolger\u00e0 a Napoli dal 13 al 22 settembre sul Lungomare.<\/div>\n<div><span style=\"font-family: garamond, times new roman, serif; font-size: large;\">Il Prosciutto Cotto\u00a0<span class=\"mark9pyxu78vf\" data-markjs=\"true\" data-ogac=\"\" data-ogab=\"\" data-ogsc=\"\" data-ogsb=\"\">Ferrarini<\/span>\u00a0sar\u00e0 l\u2019ingrediente speciale per una pizza gourmet, inserita nei men\u00f9 delle 45 pizzerie partecipanti che proporranno la Pizza\u00a0<span class=\"mark9pyxu78vf\" data-markjs=\"true\" data-ogac=\"\" data-ogab=\"\" data-ogsc=\"\" data-ogsb=\"\">Ferrarini<\/span>\u00a0al pi\u00f9 di un milione di visitatori attesi, oltre ai miti intramontabili della Margherita e della Marinara, proposte sin dalla prima edizione di 9 anni fa.<\/span>\n<\/div>\n<div><span style=\"font-family: garamond, times new roman, serif; font-size: large;\">&#8220;Il Napoli Pizza Village, accoglie il prosciutto cotto\u00a0<span class=\"mark9pyxu78vf\" data-markjs=\"true\" data-ogac=\"\" data-ogab=\"\" data-ogsc=\"\" data-ogsb=\"\">Ferrarini<\/span>, un&#8217;altra grande eccellenza del nostro paese &#8211; dichiara l&#8217;organizzatore Claudio Sebillo di Oramata Grandi \u00a0Eventi &#8211; . Abbiamo scelto\u00a0<span class=\"mark9pyxu78vf\" data-markjs=\"true\" data-ogac=\"\" data-ogab=\"\" data-ogsc=\"\" data-ogsb=\"\">Ferrarini<\/span>\u00a0come partner anche su richiesta dei pizzaioli che lo hanno ritenuto per le sue caratteristiche, il profumo e il gusto l\u2019ingrediente perfetto per creare pizze gourmet. Tutti i nostri pizzaioli, con la loro creativit\u00e0, daranno vita ad una pizza al prosciutto cotto che si affiancher\u00e0 alle classiche Margherita e Marinara e alla Specialit\u00e0 di ogni pizzeria, che vengono proposte ogni sera. Nasceranno quindi le 45 \u201cPizze\u00a0<span class=\"mark9pyxu78vf\" data-markjs=\"true\" data-ogac=\"\" data-ogab=\"\" data-ogsc=\"\" data-ogsb=\"\">Ferrarini<\/span>\u201d \u00a0talmente speciali perch\u00e9 tutte diverse, pensate, studiate e realizzate grazie dall\u2019estro di altrettanti maestri pizzaioli napoletani e saranno sicuramente tutte ugualmente appetitose&#8221;.<\/span>\n<\/div>\n<div><span style=\"font-family: garamond, times new roman, serif; font-size: large;\"><span class=\"mark9pyxu78vf\" data-markjs=\"true\" data-ogac=\"\" data-ogab=\"\" data-ogsc=\"\" data-ogsb=\"\">Ferrarini<\/span>, la prima azienda italiana a introdurre sul mercato, nel 1956, il Prosciutto cotto senza polifosfati aggiunti e senza glutine e il cui sapore delicato \u00e8 particolarmente apprezzato dai bambini, omagger\u00e0 i piccoli partecipanti ai laboratori di NPV Kids con un grembiule e una vaschetta di prodotto. \u00a0 \u00a0<\/span>\n<\/div>\n<div><span style=\"font-family: garamond, times new roman, serif; font-size: large;\">\u201cSono gi\u00e0 alcuni anni che il mondo delle pizzerie si sta evolvendo \u2013 dichiara Claudio Rizzi, Direttore Marketing della\u00a0<span class=\"mark9pyxu78vf\" data-markjs=\"true\" data-ogac=\"\" data-ogab=\"\" data-ogsc=\"\" data-ogsb=\"\">Ferrarini<\/span>\u00a0\u2013 e si sta indirizzando verso un\u2019offerta gourmet e di qualit\u00e0. In questo contesto il nostro Prosciutto Cotto \u00e8 sicuramente l\u2019ingrediente ideale sia per le sue caratteristiche che per la notoriet\u00e0 e l\u2019apprezzamento presso i consumatori italiani. Gi\u00e0 molte pizzerie in Italia hanno scelto il Prosciutto Cotto\u00a0<span class=\"mark9pyxu78vf\" data-markjs=\"true\" data-ogac=\"\" data-ogab=\"\" data-ogsc=\"\" data-ogsb=\"\">Ferrarini<\/span>\u00a0e la partecipazione a questo evento ci consacra come partner per questo canale\u201d.<br \/>\nLo storico marchio \u00e8 oggi tra i leader sul mercato nazionale del prosciutto cotto, sia nel canale della grande distribuzione organizzata, sia in quello del dettaglio tradizionale, su tutto il territorio nazionale grazie ad una propria struttura distributiva.<br \/>\n<span class=\"mark9pyxu78vf\" data-markjs=\"true\" data-ogac=\"\" data-ogab=\"\" data-ogsc=\"\" data-ogsb=\"\">Ferrarini<\/span>\u00a0\u00e8 ormai una tra le pi\u00f9 importanti realt\u00e0 europee nel settore agroalimentare e propone in tutto il mondo, oltre al suo prosciutto cotto, i prodotti simbolo del Made in Italy: dal Prosciutto di Parma alle diverse specialit\u00e0 di salumeria, accompagnate dai prodotti dell\u2019azienda agricola\u00a0<span class=\"mark9pyxu78vf\" data-markjs=\"true\" data-ogac=\"\" data-ogab=\"\" data-ogsc=\"\" data-ogsb=\"\">Ferrarini<\/span>, dalla quale l\u2019attivit\u00e0 imprenditoriale ha preso avvio, come il Parmigiano Reggiano DOP, i vini, l\u2019aceto balsamico di Modena IGP e il Tradizionale di Reggio Emilia DOP.<\/span><\/div>\n<div><\/div>\n","protected":false},"excerpt":{"rendered":"<p>Ferrarini\u00a0protagonista a Napoli al Pizza Village\u00a0il cotto\u00a0Ferrarini\u00a0sar\u00e0 l\u2019ingrediente per le pizze speciali delle 45 pizzerie partecipanti all\u2019evento Il Prosciutto Cotto\u00a0Ferrarini\u00a0\u00a0(www.ferrarini.com)\u00a0entra nei men\u00f9 delle pi\u00f9 importanti pizzerie napoletane. Sar\u00e0 il Prosciutto Cotto, realizzato dal primo brand italiano a produrre prosciutto cotto senza polifosfati aggiunti, il protagonista del Napoli Pizza Village che si svolger\u00e0 a Napoli dal &hellip; <a href=\"https:\/\/www.gdapress.it\/it\/index.php\/73009\/enogastronomia\/ferrarini-protagonista-a-napoli-al-pizza-village-con-il-cotto-ferrarini.html\" class=\"more-link\">Read more <span class=\"screen-reader-text\">Ferrarini\u00a0protagonista a Napoli al Pizza Village con il cotto\u00a0Ferrarini\u00a0<\/span><\/a><\/p>\n","protected":false},"author":2,"featured_media":73010,"comment_status":"closed","ping_status":"open","sticky":false,"template":"","format":"standard","meta":{"footnotes":""},"categories":[20],"tags":[25501,97,25502,25503],"class_list":["post-73009","post","type-post","status-publish","format-standard","has-post-thumbnail","hentry","category-enogastronomia","tag-ferrarini","tag-napoli","tag-pizza-village","tag-prosciutto-cotto"],"_links":{"self":[{"href":"https:\/\/www.gdapress.it\/it\/index.php\/wp-json\/wp\/v2\/posts\/73009","targetHints":{"allow":["GET"]}}],"collection":[{"href":"https:\/\/www.gdapress.it\/it\/index.php\/wp-json\/wp\/v2\/posts"}],"about":[{"href":"https:\/\/www.gdapress.it\/it\/index.php\/wp-json\/wp\/v2\/types\/post"}],"author":[{"embeddable":true,"href":"https:\/\/www.gdapress.it\/it\/index.php\/wp-json\/wp\/v2\/users\/2"}],"replies":[{"embeddable":true,"href":"https:\/\/www.gdapress.it\/it\/index.php\/wp-json\/wp\/v2\/comments?post=73009"}],"version-history":[{"count":1,"href":"https:\/\/www.gdapress.it\/it\/index.php\/wp-json\/wp\/v2\/posts\/73009\/revisions"}],"predecessor-version":[{"id":73011,"href":"https:\/\/www.gdapress.it\/it\/index.php\/wp-json\/wp\/v2\/posts\/73009\/revisions\/73011"}],"wp:featuredmedia":[{"embeddable":true,"href":"https:\/\/www.gdapress.it\/it\/index.php\/wp-json\/wp\/v2\/media\/73010"}],"wp:attachment":[{"href":"https:\/\/www.gdapress.it\/it\/index.php\/wp-json\/wp\/v2\/media?parent=73009"}],"wp:term":[{"taxonomy":"category","embeddable":true,"href":"https:\/\/www.gdapress.it\/it\/index.php\/wp-json\/wp\/v2\/categories?post=73009"},{"taxonomy":"post_tag","embeddable":true,"href":"https:\/\/www.gdapress.it\/it\/index.php\/wp-json\/wp\/v2\/tags?post=73009"}],"curies":[{"name":"wp","href":"https:\/\/api.w.org\/{rel}","templated":true}]}}