
{"id":72722,"date":"2019-10-21T07:37:38","date_gmt":"2019-10-21T05:37:38","guid":{"rendered":"http:\/\/www.gdapress.it\/it\/?p=72722"},"modified":"2019-10-21T07:37:38","modified_gmt":"2019-10-21T05:37:38","slug":"tutto-pronto-a-milano-per-la-prima-dellalta-langa","status":"publish","type":"post","link":"https:\/\/www.gdapress.it\/it\/index.php\/72722\/enogastronomia\/tutto-pronto-a-milano-per-la-prima-dellalta-langa.html","title":{"rendered":"TUTTO PRONTO A MILANO PER\u00a0\u201cLA PRIMA DELL\u2019ALTA LANGA\u201d"},"content":{"rendered":"<p class=\"x_MsoNormal\" align=\"center\"><b><img loading=\"lazy\" decoding=\"async\" class=\"alignleft size-large wp-image-72723\" src=\"http:\/\/www.gdapress.it\/it\/..\/public\/it\/2019\/10\/29340216_1872391962802559_9139741859596206080_n-400x400.jpg\" alt=\"\" width=\"400\" height=\"400\" srcset=\"https:\/\/www.gdapress.it\/it\/..\/public\/it\/2019\/10\/29340216_1872391962802559_9139741859596206080_n-400x400.jpg 400w, https:\/\/www.gdapress.it\/it\/..\/public\/it\/2019\/10\/29340216_1872391962802559_9139741859596206080_n-150x150.jpg 150w, https:\/\/www.gdapress.it\/it\/..\/public\/it\/2019\/10\/29340216_1872391962802559_9139741859596206080_n-300x300.jpg 300w, https:\/\/www.gdapress.it\/it\/..\/public\/it\/2019\/10\/29340216_1872391962802559_9139741859596206080_n-768x768.jpg 768w, https:\/\/www.gdapress.it\/it\/..\/public\/it\/2019\/10\/29340216_1872391962802559_9139741859596206080_n.jpg 777w\" sizes=\"auto, (max-width: 400px) 100vw, 400px\" \/><\/b><\/p>\n<p class=\"x_MsoNormal\">Tutto pronto a Milano per\u00a0\u00a0<b>\u201cLa Prima dell\u2019Alta Langa\u201d<\/b>, la grande degustazione di tutte le cuv\u00e9e dei soci del\u00a0<b>Consorzio Alta Langa<\/b>\u00a0che si svolge\u00a0a\u00a0<b>Palazzo Serbelloni<\/b><\/p>\n<p class=\"x_MsoNormal\">Dopo il successo delle prime due edizioni piemontesi, che hanno attirato al Castello di Grinzane Cavour (Cuneo) oltre 1500 addetti ai lavori provenienti in gran parte dal Nord Ovest, il Consorzio Alta Langa ha deciso di organizzare l\u2019evento nella capitale meneghina per favorire l\u2019incontro in particolare con gli operatori del Centro-Nord.<\/p>\n<p>Dichiara\u00a0<b>Giulio Bava<\/b>, presidente del Consorzio: &#8220;<i>Milano \u00e8 un luogo d\u2019elezione per il confronto con gli estimatori delle migliori bollicine, italiane e straniere\u00a0<\/i><i>con La Prima dell\u2019Alta Langa a Milano<\/i>\u00a0<i>vogliamo consolidare e allargare la conoscenza della denominazione nella ristorazione nazionale<\/i>&#8220;.<\/p>\n<p class=\"x_MsoNormal\">Nel programma della manifestazione sono previste\u00a0<b>due masterclass<\/b>\u00a0della durata di 45 minuti ciascuna.<\/p>\n<p class=\"x_MsoNormal\"><b>L\u2019Alta Langa in cinque calici<\/b>\u00a0 guidata da\u00a0<b>Sandro Minella<\/b>.<\/p>\n<p class=\"x_MsoNormal\"><i>Un Pinot nero 100%, uno Chardonnay 100%, una cuv\u00e9e di Pinot nero e Chardonnay, un rosato e una riserva: cinque calici di Alta Langa Docg per raccontare storia, caratteristiche e disciplinare di produzione della denominazione.<\/i><\/p>\n<p class=\"x_MsoNormal\"><b>Analisi sensoriale del Tartufo Bianco d\u2019Alba e Alta Langa Docg<\/b>\u00a0 realizzata in collaborazione con\u00a0<b>Ente Fiera Internazionale del Tartufo Bianco d\u2019Alba<\/b>\u00a0e\u00a0<b>Centro Nazionale Studi Tartufo<\/b>\u00a0e guidata da\u00a0<b>Isabella Gianicolo<\/b>.<\/p>\n<p class=\"x_MsoNormal\"><i>Nelle colline piemontesi a ottobre si respira il profumo del Tartufo Bianco d\u2019Alba. Le brume autunnali portano con s\u00e9 il conforto di una tavola imbandita con piatti straordinari, vini pregiati e il pi\u00f9 nobile tra i funghi. Il connubio con l\u2019Alta Langa Docg risponde perfettamente alle pi\u00f9 alte aspettative, in un rapporto che da anni rappresenta un percorso di tutela e valorizzazione delle risorse che un territorio come quello del sud Piemonte pu\u00f2 offrire. La masterclass dedicata al Tuber magnatum Pico o Tartufo Bianco d\u2019Alba, rappresenta un piccolo viaggio nell\u2019analisi sensoriale, ovvero lo studio del percepito, l\u2019unica tecnica possibile per la valutazione di esemplari unici. Un esperto vi condurr\u00e0 nel mondo del tartufo, narrandone le caratteristiche, descrivendone i particolari e magari sollevando alcuni dei numerosi veli che avvolgono questo prodotto. L\u2019analisi sensoriale infine sar\u00e0 strumento per fornire ai partecipanti un potere di valutazione del prodotto fresco in occasione di eventuali acquisti.<\/i><\/p>\n<p class=\"x_MsoNormal\"><i>Al termine della masterclass la promessa mantenuta dell\u2019abbinamento perfetto tra Alta Langa Docg e Tartufo Bianco d\u2019Alba.<\/i><br \/>\nI partner del Consorzio Alta Langa sono\u00a0<b>Eurostampa<\/b>\u00a0e\u00a0<b>Verallia<\/b>.<\/p>\n<p class=\"x_MsoNormal\">I partner tecnici dell\u2019evento sono\u00a0<b>Lurisia<\/b>,\u00a0<b>Nocciole d\u2019Elite<\/b>,\u00a0<b>Mario Fongo<\/b>,\u00a0<b>Caseificio dell\u2019Alta Langa<\/b>,\u00a0<b>Agrimontana<\/b>.<b><\/b><b><\/b><\/p>\n<p class=\"x_MsoNormal\"><b>L&#8217;ALTA LANGA DOCG \u00c8 LO SPUMANTE BRUT STORICO DEL PIEMONTE\u00a0<\/b>&#8211; Una denominazione dalla produzione contenuta, con una storia molto lunga: fu il primo metodo classico a essere prodotto in Italia, fin dalla met\u00e0 dell\u2019Ottocento, nelle \u201cCattedrali Sotterranee\u201d, dal giugno 2014 riconosciute Patrimonio dell\u2019Umanit\u00e0 Unesco.<\/p>\n<p class=\"x_MsoNormal\">\u00c8 fatto di uve Pinot Nero e Chardonnay, in purezza o insieme in percentuale variabile; pu\u00f2 essere bianco o ros\u00e9, brut o pas dos\u00e9 e ha lunghissimi tempi di affinamento sui lieviti, come prevede il severo disciplinare: almeno 30 mesi. L\u2019Alta Langa \u00e8 esclusivamente millesimato, riporta cio\u00e8 sempre in etichetta l\u2019anno della vendemmia.<\/p>\n<p class=\"x_MsoNormal\"><b>LE TERRE DELL\u2019ALTA LANGA DOCG\u00a0<\/b>&#8211; Un territorio che guarda le cime innevate delle Alpi e respira il mare. Una terra che raccoglie l\u2019eredit\u00e0 conservata dagli avi, mantenuta intatta per molto tempo senza subire trasformazioni radicali come \u00e8 avvenuto invece nelle basse colline. L\u2019Alta Langa \u00e8 una zona preziosa, fragile, da sostenere, in cui salvaguardare la biodiversit\u00e0. Terra letteraria, terra straordinaria di resistenze &#8211; di guerre e di culture -, che ha fatto fronte ai cambiamenti e li ha assecondati, senza perdere il suo bagaglio di memoria e la sua forte identit\u00e0.<\/p>\n<p class=\"x_MsoNormal\"><b>IL CONSORZIO ALTA LANGA\u00a0<\/b>&#8211; Quello dell\u2019Alta Langa \u00e8 oggi un Consorzio molto attivo: viticoltori e produttori sono coinvolti nello sviluppo di un vino, di una denominazione e di un territorio. Tutti legati da una grande scommessa: quella di un vino che non sar\u00e0 pronto prima di sei anni dall\u2019impianto e che per questo deve necessariamente essere un vino importante.<b><\/b><\/p>\n<p class=\"x_MsoNormal\">\n","protected":false},"excerpt":{"rendered":"<p>Tutto pronto a Milano per\u00a0\u00a0\u201cLa Prima dell\u2019Alta Langa\u201d, la grande degustazione di tutte le cuv\u00e9e dei soci del\u00a0Consorzio Alta Langa\u00a0che si svolge\u00a0a\u00a0Palazzo Serbelloni Dopo il successo delle prime due edizioni piemontesi, che hanno attirato al Castello di Grinzane Cavour (Cuneo) oltre 1500 addetti ai lavori provenienti in gran parte dal Nord Ovest, il Consorzio Alta &hellip; <a href=\"https:\/\/www.gdapress.it\/it\/index.php\/72722\/enogastronomia\/tutto-pronto-a-milano-per-la-prima-dellalta-langa.html\" class=\"more-link\">Read more <span class=\"screen-reader-text\">TUTTO PRONTO A MILANO PER\u00a0\u201cLA PRIMA DELL\u2019ALTA LANGA\u201d<\/span><\/a><\/p>\n","protected":false},"author":2,"featured_media":72723,"comment_status":"closed","ping_status":"open","sticky":false,"template":"","format":"standard","meta":{"footnotes":""},"categories":[20],"tags":[19531,25358,25351,25309,25352,25354,25355,25357,25356,11851,25353],"class_list":["post-72722","post","type-post","status-publish","format-standard","has-post-thumbnail","hentry","category-enogastronomia","tag-agrimontana","tag-caseificio-dellalta-langa","tag-consorzio-alta-langa","tag-ente-fiera-internazionale-del-tartufo-bianco-dalba","tag-giulio-bava","tag-isabella-gianicolo","tag-lurisia","tag-mario-fongo","tag-nocciole-delite","tag-palazzo-serbelloni","tag-sandro-minella"],"_links":{"self":[{"href":"https:\/\/www.gdapress.it\/it\/index.php\/wp-json\/wp\/v2\/posts\/72722","targetHints":{"allow":["GET"]}}],"collection":[{"href":"https:\/\/www.gdapress.it\/it\/index.php\/wp-json\/wp\/v2\/posts"}],"about":[{"href":"https:\/\/www.gdapress.it\/it\/index.php\/wp-json\/wp\/v2\/types\/post"}],"author":[{"embeddable":true,"href":"https:\/\/www.gdapress.it\/it\/index.php\/wp-json\/wp\/v2\/users\/2"}],"replies":[{"embeddable":true,"href":"https:\/\/www.gdapress.it\/it\/index.php\/wp-json\/wp\/v2\/comments?post=72722"}],"version-history":[{"count":1,"href":"https:\/\/www.gdapress.it\/it\/index.php\/wp-json\/wp\/v2\/posts\/72722\/revisions"}],"predecessor-version":[{"id":72724,"href":"https:\/\/www.gdapress.it\/it\/index.php\/wp-json\/wp\/v2\/posts\/72722\/revisions\/72724"}],"wp:featuredmedia":[{"embeddable":true,"href":"https:\/\/www.gdapress.it\/it\/index.php\/wp-json\/wp\/v2\/media\/72723"}],"wp:attachment":[{"href":"https:\/\/www.gdapress.it\/it\/index.php\/wp-json\/wp\/v2\/media?parent=72722"}],"wp:term":[{"taxonomy":"category","embeddable":true,"href":"https:\/\/www.gdapress.it\/it\/index.php\/wp-json\/wp\/v2\/categories?post=72722"},{"taxonomy":"post_tag","embeddable":true,"href":"https:\/\/www.gdapress.it\/it\/index.php\/wp-json\/wp\/v2\/tags?post=72722"}],"curies":[{"name":"wp","href":"https:\/\/api.w.org\/{rel}","templated":true}]}}