
{"id":72529,"date":"2019-10-01T11:27:03","date_gmt":"2019-10-01T09:27:03","guid":{"rendered":"http:\/\/www.gdapress.it\/it\/?p=72529"},"modified":"2019-10-01T11:27:03","modified_gmt":"2019-10-01T09:27:03","slug":"gam-milano-images-of-italy-contemporary-photography-from-the-deutsche-bank-collection","status":"publish","type":"post","link":"https:\/\/www.gdapress.it\/it\/index.php\/72529\/arte\/gam-milano-images-of-italy-contemporary-photography-from-the-deutsche-bank-collection.html","title":{"rendered":"GAM MILANO \u201cImages of Italy. Contemporary photography from the Deutsche Bank Collection\u201d"},"content":{"rendered":"<div>\n<p><img loading=\"lazy\" decoding=\"async\" class=\"alignleft size-large wp-image-72530\" src=\"http:\/\/www.gdapress.it\/it\/..\/public\/it\/2019\/10\/70712216_3027633283920252_2854592941760970752_o-500x226.jpg\" alt=\"\" width=\"500\" height=\"226\" srcset=\"https:\/\/www.gdapress.it\/it\/..\/public\/it\/2019\/10\/70712216_3027633283920252_2854592941760970752_o-500x226.jpg 500w, https:\/\/www.gdapress.it\/it\/..\/public\/it\/2019\/10\/70712216_3027633283920252_2854592941760970752_o-300x136.jpg 300w, https:\/\/www.gdapress.it\/it\/..\/public\/it\/2019\/10\/70712216_3027633283920252_2854592941760970752_o-768x348.jpg 768w, https:\/\/www.gdapress.it\/it\/..\/public\/it\/2019\/10\/70712216_3027633283920252_2854592941760970752_o.jpg 1491w\" sizes=\"auto, (max-width: 500px) 100vw, 500px\" \/><\/p>\n<p>Fino al 27\u00a0<span class=\"markp7pwlwu7q\" data-markjs=\"true\" data-ogac=\"\" data-ogab=\"\" data-ogsc=\"\" data-ogsb=\"\">ottobre<\/span>\u00a02019 la GAM | Galleria d\u2019Arte Moderna di Milano ospita \u201cImages of Italy. Contemporary photography from the Deutsche Bank Collection\u201d, la prima mostra in Italia che presenta una selezione di opere fotografiche della Deutsche Bank Collection, una delle principali collezioni corporate d\u2019arte contemporanea a livello mondiale.<\/p>\n<p>\u00c8 un\u00a0percorso\u00a0tra\u00a0le\u00a0immagini dell\u2019Italia immortalate dall\u2019obiettivo\u00a0di alcuni fra i pi\u00f9\u00a0noti\u00a0fotografi\u00a0italiani\u00a0e\u00a0tedeschi,\u00a0che\u00a0si\u00a0snoda\u00a0tra\u00a0la\u00a0Sala\u00a0da\u00a0Ballo,\u00a0la\u00a0Sala\u00a029 e La\u00a0Sala\u00a0del\u00a0Parnaso della GAM. All\u2019interno della mostra fotografie\u00a0scattate\u00a0a\u00a0partire\u00a0dagli anni Cinquanta fino\u00a0ai\u00a0giorni nostri\u00a0da\u00a0Luigi Ghirri, Gabriele Basilico, Vincenzo Castella, Ketty La Rocca,\u00a0ArminLinke,\u00a0CandidaH\u00f6fer, G\u00fcnther F\u00f6rge\u00a0Heidi\u00a0Specker,\u00a0solo\u00a0per\u00a0citarne\u00a0alcuni.<\/p>\n<p>\u201cImages of Italy. Contemporary photography from the Deutsche Bank Collection\u201d \u00e8 organizzata e curata da Deutsche Bank e Galleria d\u2019Arte Moderna di Milano e ha il patrocinio del Consolato Generale della Repubblica Federale di Germania, Milano, e del Goethe-Institut Mailand. Co-curatrici della mostra sono Paola Zatti, Conservatore responsabile di GAM, insieme a\u00a0Britta Faerber e Christina Maerz, della divisione Art, Culture &amp; Sports di Deutsche Bank.<\/p>\n<p>Nella prima delle tre sezioni della mostra i fotografi esprimono la loro particolare visione dell\u2019Italia, sia da un punto di vista urbano, che sociale e culturale, mentre la seconda parte \u00e8 dedicata ai fotografi che lavorano con la messa in scena, il montaggio e la tecnica digitale. L\u2019ultima sezione \u00e8 dedicata agli interni e agli esterni, ma anche a come viene affrontato il tema dell\u2019eredit\u00e0 culturale dell\u2019Italia.<\/p>\n<p>I fotografi si accostano alla storia e alla cultura italiane in modo molto diverso, dedicando le loro opere al turismo di massa e al retaggio del moderno, oppure riflettendo nelle immagini la bellezza classica dell\u2019architettura e del paesaggio. Al centro\u00a0dell\u2019attenzione, oltre all\u2019esperimento formale,\u00a0si\u00a0ritrova sempre\u00a0una\u00a0visione estetica\u00a0o\u00a0sociale\u00a0del\u00a0Paese.<\/p>\n<p>\u201cImages of Italy. Contemporary photography from the Deutsche Bank Collection \u201dinoltre propone ai visitatori della mostra un workshop esclusivo a cura dell\u2019artista Luca Vitone, che guider\u00e0 il pubblico alla scoperta del tema generale del percorso filtrato dal suo personale punto di vista, con esercitazioni di lettura delle opere suggerite dal suo metodo.<\/p>\n<p>Grazie alla collaborazione con CorsiArte, la mostra offrir\u00e0 inoltre agli studenti delle scuole milanese una serie di visite guidate programmate ad hoc con le direzioni didattiche degli Istituti aderenti e la possibilit\u00e0 anche per gruppi di insegnanti di prendere parte ad un percorso di formazione con Chiara Gatti, storica dell&#8217;arte, curatrice indipendente e docente. L\u2019obiettivo delle visite \u00e8 quello di fornire agli studenti gli strumenti adatti per accostarsi in modo consapevole all\u2019arte contemporanea, grazie ad un programma didattico appositamente pensato dai curatori della mostra.<\/p>\n<p>Una\u00a0mostra\u00a0che\u00a0unisce l\u2019interesse\u00a0per\u00a0il\u00a0contemporaneo della\u00a0GAM\u00a0a\u00a0quello\u00a0di\u00a0Deutsche Bank\u00a0che\u00a0ha\u00a0raccolto,dalla fine degli anni Settanta, opere provenienti\u00a0dai\u00a0diversi Paesi del mondo\u00a0nei\u00a0quali opera.\u00a0Sin\u00a0dalla\u00a0nascita della Deutsche Bank Collection,\u00a0la\u00a0fotografia contemporanea\u00a0ha\u00a0occupato\u00a0un\u00a0ruolo\u00a0di\u00a0primo piano e oggi\u00a0le\u00a0opere\u00a0di \u201cImages\u00a0of\u00a0Italy\u201d sono esposte nelle\u00a0tre\u00a0sedi italiane\u00a0del\u00a0Gruppo:\u00a0il quartier\u00a0generale\u00a0di\u00a0Milano Bicocca, la seconda sede\u00a0milanese\u00a0di\u00a0via\u00a0Turati e quella\u00a0di\u00a0Piazza\u00a0SS.\u00a0Apostoli\u00a0a\u00a0Roma.<\/p>\n<p>Ingresso compreso nel biglietto del museo<\/p>\n<p>GAM | GALLERIA D\u2019ARTE MODERNA DI MILANO<\/p>\n<p>via Palestro 16, Milano tel. 02 88445943<\/p>\n<p><a href=\"http:\/\/trk.comune.milano.it\/e\/t?q=9%3dGcQfJW%268%3dX%264%3dYNXM%26H%3dOcOURb%267q4wA%3dAFP6_Kmyf_Vw_Ngvl_Xv_Kmyf_U2SCP.373-F5HqGA.95F_Dwis_NB%26t%3d%26BE%3dXObRbO\" target=\"_blank\" rel=\"noopener noreferrer\" data-auth=\"NotApplicable\">www.gam-milano.com<\/a><\/p>\n<p>c.<a href=\"mailto:gam@comune.milano.it\" target=\"_blank\" rel=\"noopener noreferrer\" data-auth=\"NotApplicable\">gam@comune.milano.it<\/a><\/p>\n<p>Facebook: GAM Milano<\/p>\n<p><span lang=\"EN-US\">Twitter @GAM_Milano<\/span><\/p>\n<p><span lang=\"EN-US\">Instagram: @gam_milano<\/span><\/p>\n<p>ORARI<\/p>\n<p>marted\u00ec_domenica dalle 9.00 alle 17.30<\/p>\n<p>TARIFFE MUSEO<\/p>\n<p>biglietto intero\u00a0\u20ac5,00<\/p>\n<p>biglietto ridotto \u20ac 3,00<\/p>\n<p>ingresso gratuito il primo e il terzo marted\u00ec del mese dalle ore 14,00 e ogni prima domenica del mese<\/p>\n<\/div>\n","protected":false},"excerpt":{"rendered":"<p>Fino al 27\u00a0ottobre\u00a02019 la GAM | Galleria d\u2019Arte Moderna di Milano ospita \u201cImages of Italy. Contemporary photography from the Deutsche Bank Collection\u201d, la prima mostra in Italia che presenta una selezione di opere fotografiche della Deutsche Bank Collection, una delle principali collezioni corporate d\u2019arte contemporanea a livello mondiale. \u00c8 un\u00a0percorso\u00a0tra\u00a0le\u00a0immagini dell\u2019Italia immortalate dall\u2019obiettivo\u00a0di alcuni fra &hellip; <a href=\"https:\/\/www.gdapress.it\/it\/index.php\/72529\/arte\/gam-milano-images-of-italy-contemporary-photography-from-the-deutsche-bank-collection.html\" class=\"more-link\">Read more <span class=\"screen-reader-text\">GAM MILANO \u201cImages of Italy. Contemporary photography from the Deutsche Bank Collection\u201d<\/span><\/a><\/p>\n","protected":false},"author":2,"featured_media":72530,"comment_status":"closed","ping_status":"open","sticky":false,"template":"","format":"standard","meta":{"footnotes":""},"categories":[4],"tags":[25253,961],"class_list":["post-72529","post","type-post","status-publish","format-standard","has-post-thumbnail","hentry","category-arte","tag-deutsche-bank-collection","tag-gam-milano"],"_links":{"self":[{"href":"https:\/\/www.gdapress.it\/it\/index.php\/wp-json\/wp\/v2\/posts\/72529","targetHints":{"allow":["GET"]}}],"collection":[{"href":"https:\/\/www.gdapress.it\/it\/index.php\/wp-json\/wp\/v2\/posts"}],"about":[{"href":"https:\/\/www.gdapress.it\/it\/index.php\/wp-json\/wp\/v2\/types\/post"}],"author":[{"embeddable":true,"href":"https:\/\/www.gdapress.it\/it\/index.php\/wp-json\/wp\/v2\/users\/2"}],"replies":[{"embeddable":true,"href":"https:\/\/www.gdapress.it\/it\/index.php\/wp-json\/wp\/v2\/comments?post=72529"}],"version-history":[{"count":1,"href":"https:\/\/www.gdapress.it\/it\/index.php\/wp-json\/wp\/v2\/posts\/72529\/revisions"}],"predecessor-version":[{"id":72531,"href":"https:\/\/www.gdapress.it\/it\/index.php\/wp-json\/wp\/v2\/posts\/72529\/revisions\/72531"}],"wp:featuredmedia":[{"embeddable":true,"href":"https:\/\/www.gdapress.it\/it\/index.php\/wp-json\/wp\/v2\/media\/72530"}],"wp:attachment":[{"href":"https:\/\/www.gdapress.it\/it\/index.php\/wp-json\/wp\/v2\/media?parent=72529"}],"wp:term":[{"taxonomy":"category","embeddable":true,"href":"https:\/\/www.gdapress.it\/it\/index.php\/wp-json\/wp\/v2\/categories?post=72529"},{"taxonomy":"post_tag","embeddable":true,"href":"https:\/\/www.gdapress.it\/it\/index.php\/wp-json\/wp\/v2\/tags?post=72529"}],"curies":[{"name":"wp","href":"https:\/\/api.w.org\/{rel}","templated":true}]}}