
{"id":72418,"date":"2019-09-27T23:41:17","date_gmt":"2019-09-27T21:41:17","guid":{"rendered":"http:\/\/www.gdapress.it\/it\/?p=72418"},"modified":"2019-09-27T23:41:17","modified_gmt":"2019-09-27T21:41:17","slug":"il-teatro-alla-scala-inaugura-una-nuova-stagione-di-musica-creativita-e-divertimento-per-i-piu-piccoli","status":"publish","type":"post","link":"https:\/\/www.gdapress.it\/it\/index.php\/72418\/il-mondo-dei-bambini-dalla-a-alla-z\/il-teatro-alla-scala-inaugura-una-nuova-stagione-di-musica-creativita-e-divertimento-per-i-piu-piccoli.html","title":{"rendered":"Il Teatro alla Scala inaugura una nuova stagione di musica, creativit\u00e0 e divertimento per i pi\u00f9 piccoli"},"content":{"rendered":"<figure id=\"attachment_72419\" aria-describedby=\"caption-attachment-72419\" style=\"width: 500px\" class=\"wp-caption alignleft\"><img loading=\"lazy\" decoding=\"async\" class=\"size-large wp-image-72419\" src=\"http:\/\/www.gdapress.it\/it\/..\/public\/it\/2019\/09\/612212BADG-ph-Brescia-e-Amisano-500x265.jpg\" alt=\"\" width=\"500\" height=\"265\" srcset=\"https:\/\/www.gdapress.it\/it\/..\/public\/it\/2019\/09\/612212BADG-ph-Brescia-e-Amisano-500x265.jpg 500w, https:\/\/www.gdapress.it\/it\/..\/public\/it\/2019\/09\/612212BADG-ph-Brescia-e-Amisano-300x159.jpg 300w, https:\/\/www.gdapress.it\/it\/..\/public\/it\/2019\/09\/612212BADG-ph-Brescia-e-Amisano-768x407.jpg 768w\" sizes=\"auto, (max-width: 500px) 100vw, 500px\" \/><figcaption id=\"caption-attachment-72419\" class=\"wp-caption-text\">La Cenerentola per i bambini &#8211; Solisti e Orchestra dell&#8217;Accademia del Teatro alla Scala Musica: Gioachino Rossini Elaborazione musicale e arrangiamento: Alexander Krampe Direttore: Maxime Pascal Regia: Ulrich Peter Scene: Luigi Perego Costumi: Dorothea Nicolai<\/figcaption><\/figure>\n<p><strong>Il Teatro alla Scala inaugura una nuova stagione di musica, creativit\u00e0 e divertimento per i pi\u00f9 piccoli.<\/strong><\/p>\n<p><strong>GIOTTO in prima linea come Colore Ufficiale de La Cenerentola per i bambini e dei laboratori creativi del Museo.<\/strong><\/p>\n<p>Settembre \u00e8 il mese degli inizi. Parte cos\u00ec anche la <strong>nuova stagione dei<\/strong> \u201c<strong>Grandi Spettacoli per Piccoli\u201d, un progetto del Teatro alla Scala nato per coinvolgere i bambini nel magico mondo del Teatro<\/strong>, facendoli appassionare fin da giovanissimi.<\/p>\n<p>In cinque anni, il progetto ha superato le 150 rappresentazioni e coinvolto oltre 250.000 fra ragazzi, familiari e insegnanti. Per festeggiare i numeri di questo straordinario successo, nel 2019-2020 verr\u00e0 riproposto il titolo con cui il progetto \u00e8 nato: <strong><em>La Cenerentola per i bambini<\/em><\/strong><em>, con<strong> 25 rappresentazioni<\/strong> aperte a scuole (nei weekend) e famiglie <strong>dal 21 settembre 2019 <\/strong>al <strong>5 aprile 2020. <\/strong><\/em>Come negli ultimi anni, i ragazzi entrano al prezzo simbolico di un euro.<\/p>\n<p>Anche quest\u2019anno, <strong>GIOTTO \u00e8 al fianco del Teatro alla Scala come Colore Ufficiale del Programma di Sala<\/strong>. Il brand, da sempre simbolo di creativit\u00e0 e in piena sintonia con una proposta che parla il linguaggio dei pi\u00f9 piccoli, torna infatti a collaborare con il tempio della musica con la sua carica di colore.<\/p>\n<p>Il titolo prescelto per la nuova stagione, con la musica di Gioachino Rossini rielaborata e arrangiata da Alexander Krampe, ed eseguita dai solisti e dell\u2019orchestra dell\u2019Accademia Teatro alla Scala, viene proposto in <strong>versione ridotta e con una drammaturgia ripensata per catturare l\u2019attenzione dei bambini<\/strong>. <strong>Una storia incantevole da rivivere anche a casa grazie al cadeau firmato GIOTTO e distribuito a tutti i partecipanti. <\/strong>Un kit speciale che ogni anno si modella sull\u2019Opera in scena e che questa stagione, in linea con la magia di Cenerentola, invita i bambini a personalizzare le immagini pi\u00f9 belle dei protagonisti con i tocchi luccicanti di GIOTTO Decor Glitter, la colla che si usa come una penna per decorare a rilievo tutte le superfici.<\/p>\n<p>L\u2019offerta edutainment prosegue poi nella cornice del <strong>Museo Teatrale alla Scala<\/strong> che propone per la nuova stagione quattro diversi laboratori a cura di Augusta Gori. Da <strong>Buongiorno Museo!,<\/strong> con visite guidate e laboratorio di teatro per famiglie e bambini dai 6 agli 11 anni, a <strong>Museo mia musa!,<\/strong> cicli di laboratori esperienziali di arti performative per la fascia 6 &#8211; 10 anni e <strong>Torneo al Museo<\/strong>, ispirato alle feste ed eventi che avevano luogo in Teatro, \u00a0passando per \u00a0<strong>Brilla Museo!,<\/strong> la proposta dedicata ai bimbi della Scuola Materna.<\/p>\n<p><strong>Dopo la visita nell\u2019affascinante scenario dell\u2019arte, i bambini potranno immergersi in elaborazioni creativa accompagnati da GIOTTO e il suo materiale creativo<\/strong>, prodotti studiati per colorare, disegnare, dipingere, modellare, dare forma alla fantasia.<\/p>\n<p><em>\u00a0<\/em><em>_______________________________________________________________________________________________<\/em><\/p>\n<p><strong><em>F.I.L.A. (Fabbrica Italiana Lapis ed Affini)<\/em><\/strong><em>, nata a Firenze nel 1920 e gestita dal 1956 dalla famiglia Candela, \u00e8 una Societ\u00e0 italiana e una delle realt\u00e0 industriali e commerciali pi\u00f9 solide, dinamiche, innovative e in crescita sul mercato. Dal novembre 2015, F.I.L.A. \u00e8 quotata alla Borsa di Milano, segmento STAR. L\u2019azienda, con un fatturato di oltre 600 milioni di euro al 31 dicembre 2018, ha registrato negli ultimi vent\u2019anni una crescita significativa e ha perseguito una serie di acquisizioni strategiche, fra cui l\u2019italiana Adica Pongo, le statunitensi Dixon Ticonderoga ed il Gruppo Pacon, la tedesca LYRA, la messicana Lapiceria Mexicana, l\u2019inglese Daler-Rowney Lukas e la francese Canson fondata dalla famiglia Montgolfier nel 1557.F.I.L.A. \u00e8 l\u2019icona della creativit\u00e0 italiana nel mondo con i suoi prodotti per colorare, disegnare, modellare, scrivere e dipingere grazie a marchi come Giotto, Tratto, Das, Did\u00f2, Pongo, Lyra, Doms, Maimeri, Daler-Rowney, Canson, Princeton e Strathmore. Fin dalle sue origini, F.I.L.A. ha scelto di sviluppare la propria crescita sulla base dell\u2019innovazione continua, sia di tecnologie sia di prodotti, col fine di dare alle persone la possibilit\u00e0 di esprimere le proprie idee e il proprio talento con strumenti qualitativamente eccellenti. Inoltre, F.I.L.A. e le aziende del Gruppo collaborano con le Istituzioni sostenendo progetti educativi e culturali per valorizzare la creativit\u00e0 e la capacit\u00e0 espressiva degli individui e per rendere la cultura un\u2019opportunit\u00e0 accessibile a tutti. F.I.L.A. \u00e8 attiva con 21 stabilimenti produttivi (due dei quali in Italia) e 35 filiali commerciali nel mondo e impiega circa 9.500 persone.<\/em><\/p>\n<p><em>\u00a0<\/em><\/p>\n","protected":false},"excerpt":{"rendered":"<p>Il Teatro alla Scala inaugura una nuova stagione di musica, creativit\u00e0 e divertimento per i pi\u00f9 piccoli. GIOTTO in prima linea come Colore Ufficiale de La Cenerentola per i bambini e dei laboratori creativi del Museo. Settembre \u00e8 il mese degli inizi. Parte cos\u00ec anche la nuova stagione dei \u201cGrandi Spettacoli per Piccoli\u201d, un progetto &hellip; <a href=\"https:\/\/www.gdapress.it\/it\/index.php\/72418\/il-mondo-dei-bambini-dalla-a-alla-z\/il-teatro-alla-scala-inaugura-una-nuova-stagione-di-musica-creativita-e-divertimento-per-i-piu-piccoli.html\" class=\"more-link\">Read more <span class=\"screen-reader-text\">Il Teatro alla Scala inaugura una nuova stagione di musica, creativit\u00e0 e divertimento per i pi\u00f9 piccoli<\/span><\/a><\/p>\n","protected":false},"author":2,"featured_media":72419,"comment_status":"closed","ping_status":"open","sticky":false,"template":"","format":"standard","meta":{"footnotes":""},"categories":[7536],"tags":[1111,3853],"class_list":["post-72418","post","type-post","status-publish","format-standard","has-post-thumbnail","hentry","category-il-mondo-dei-bambini-dalla-a-alla-z","tag-giotto","tag-teatro-alla-scala"],"_links":{"self":[{"href":"https:\/\/www.gdapress.it\/it\/index.php\/wp-json\/wp\/v2\/posts\/72418","targetHints":{"allow":["GET"]}}],"collection":[{"href":"https:\/\/www.gdapress.it\/it\/index.php\/wp-json\/wp\/v2\/posts"}],"about":[{"href":"https:\/\/www.gdapress.it\/it\/index.php\/wp-json\/wp\/v2\/types\/post"}],"author":[{"embeddable":true,"href":"https:\/\/www.gdapress.it\/it\/index.php\/wp-json\/wp\/v2\/users\/2"}],"replies":[{"embeddable":true,"href":"https:\/\/www.gdapress.it\/it\/index.php\/wp-json\/wp\/v2\/comments?post=72418"}],"version-history":[{"count":1,"href":"https:\/\/www.gdapress.it\/it\/index.php\/wp-json\/wp\/v2\/posts\/72418\/revisions"}],"predecessor-version":[{"id":72420,"href":"https:\/\/www.gdapress.it\/it\/index.php\/wp-json\/wp\/v2\/posts\/72418\/revisions\/72420"}],"wp:featuredmedia":[{"embeddable":true,"href":"https:\/\/www.gdapress.it\/it\/index.php\/wp-json\/wp\/v2\/media\/72419"}],"wp:attachment":[{"href":"https:\/\/www.gdapress.it\/it\/index.php\/wp-json\/wp\/v2\/media?parent=72418"}],"wp:term":[{"taxonomy":"category","embeddable":true,"href":"https:\/\/www.gdapress.it\/it\/index.php\/wp-json\/wp\/v2\/categories?post=72418"},{"taxonomy":"post_tag","embeddable":true,"href":"https:\/\/www.gdapress.it\/it\/index.php\/wp-json\/wp\/v2\/tags?post=72418"}],"curies":[{"name":"wp","href":"https:\/\/api.w.org\/{rel}","templated":true}]}}