
{"id":72234,"date":"2019-09-13T12:59:39","date_gmt":"2019-09-13T10:59:39","guid":{"rendered":"http:\/\/www.gdapress.it\/it\/?p=72234"},"modified":"2019-09-15T13:05:24","modified_gmt":"2019-09-15T11:05:24","slug":"flora-et-decora-4-a-e-d-i-z-i-o-n-e-a-u-t-u-n-n-a-l-e-2-0-1-9","status":"publish","type":"post","link":"https:\/\/www.gdapress.it\/it\/index.php\/72234\/appuntamenti\/flora-et-decora-4-a-e-d-i-z-i-o-n-e-a-u-t-u-n-n-a-l-e-2-0-1-9.html","title":{"rendered":"FLORA\u00a0et DECORA 4 a \u00a0\u00a0 E d i z i o n e \u00a0\u00a0 A u t u n n a l e \u00a0\u00a0 2 0 1 9"},"content":{"rendered":"<table class=\"x_templateContainer\" border=\"0\" width=\"100%\" cellspacing=\"0\" cellpadding=\"0\">\n<tbody>\n<tr>\n<td id=\"x_templateUpperHeader\" class=\"x_templateHeader\" valign=\"top\">\n<table width=\"100%\" cellspacing=\"0\" cellpadding=\"0\" align=\"left\">\n<tbody>\n<tr>\n<td align=\"left\" valign=\"middle\" width=\"100%\">\n<table class=\"x_mcnTextBlock\" border=\"0\" width=\"100%\" cellspacing=\"0\" cellpadding=\"0\">\n<tbody class=\"x_mcnTextBlockOuter\">\n<tr>\n<td class=\"x_mcnTextBlockInner\" valign=\"top\">\n<table class=\"x_mcnTextContentContainer\" border=\"0\" width=\"100%\" cellspacing=\"0\" cellpadding=\"0\" align=\"left\">\n<tbody>\n<tr>\n<td class=\"x_mcnTextContent\" valign=\"top\">\n<h1><img loading=\"lazy\" decoding=\"async\" class=\"alignleft size-large wp-image-72235\" src=\"http:\/\/www.gdapress.it\/it\/..\/public\/it\/2019\/09\/132a43a9-4db1-4601-9d4d-071a3f88939f-500x290.png\" alt=\"\" width=\"500\" height=\"290\" srcset=\"https:\/\/www.gdapress.it\/it\/..\/public\/it\/2019\/09\/132a43a9-4db1-4601-9d4d-071a3f88939f-500x290.png 500w, https:\/\/www.gdapress.it\/it\/..\/public\/it\/2019\/09\/132a43a9-4db1-4601-9d4d-071a3f88939f-300x174.png 300w, https:\/\/www.gdapress.it\/it\/..\/public\/it\/2019\/09\/132a43a9-4db1-4601-9d4d-071a3f88939f-768x446.png 768w, https:\/\/www.gdapress.it\/it\/..\/public\/it\/2019\/09\/132a43a9-4db1-4601-9d4d-071a3f88939f.png 1341w\" sizes=\"auto, (max-width: 500px) 100vw, 500px\" \/><\/h1>\n<div>\n<\/div>\n<\/td>\n<\/tr>\n<\/tbody>\n<\/table>\n<\/td>\n<\/tr>\n<\/tbody>\n<\/table>\n<table class=\"x_mcnImageBlock\" border=\"0\" width=\"100%\" cellspacing=\"0\" cellpadding=\"0\">\n<tbody class=\"x_mcnImageBlockOuter\">\n<tr>\n<td class=\"x_mcnImageBlockInner\" valign=\"top\">\n<table class=\"x_mcnImageContentContainer\" border=\"0\" width=\"100%\" cellspacing=\"0\" cellpadding=\"0\" align=\"left\">\n<tbody>\n<tr>\n<td class=\"x_mcnImageContent\" valign=\"top\"><\/td>\n<\/tr>\n<\/tbody>\n<\/table>\n<\/td>\n<\/tr>\n<\/tbody>\n<\/table>\n<\/td>\n<\/tr>\n<\/tbody>\n<\/table>\n<\/td>\n<\/tr>\n<tr>\n<td class=\"x_templateHeader\" valign=\"top\">\n<table width=\"100%\" cellspacing=\"0\" cellpadding=\"0\" align=\"left\">\n<tbody>\n<tr>\n<td align=\"left\" valign=\"middle\" width=\"100%\">\n<table class=\"x_mcnTextBlock\" border=\"0\" width=\"100%\" cellspacing=\"0\" cellpadding=\"0\">\n<tbody class=\"x_mcnTextBlockOuter\">\n<tr>\n<td class=\"x_mcnTextBlockInner\" valign=\"top\">\n<table class=\"x_mcnTextContentContainer\" border=\"0\" width=\"100%\" cellspacing=\"0\" cellpadding=\"0\" align=\"left\">\n<tbody>\n<tr>\n<td class=\"x_mcnTextContent\" valign=\"top\"><strong><span class=\"markebfcnm8ex\" data-markjs=\"true\" data-ogac=\"\" data-ogab=\"\" data-ogsc=\"\" data-ogsb=\"\">Flora<\/span>\u00a0et Decora<\/strong>, la mostra mercato dedicata al florovivaismo e alle decorazioni per il giardino, la casa e la persona,\u00a0 si terr\u00e0 su una superficie espositiva di circa 2000mq presso la\u00a0<strong>Fabbrica del Vapore<\/strong>, il\u00a0<strong>14 e 15 settembre 2019<\/strong>, introdotta da una\u00a0<strong>serata inaugurale<\/strong>\u00a0molto speciale il\u00a0<strong>13 settembre<\/strong>.<\/p>\n<p><span class=\"markebfcnm8ex\" data-markjs=\"true\" data-ogac=\"\" data-ogab=\"\" data-ogsc=\"\" data-ogsb=\"\">Flora<\/span>\u00a0et Decora \u00e8 un appuntamento imperdibile per appassionati e professionisti, ma\u00a0offre motivi di interesse\u00a0anche ai curiosi e alle famiglie, grazie anche ai tanti eventi\u00a0collaterali.<\/p>\n<p>I partner di questa edizione sono in primis\u00a0<strong>Regione Lombardia<\/strong>\u00a0e\u00a0<strong>Comune di Milano<\/strong>\u00a0con\u00a0<strong>Fabbrica del Vapore,<\/strong>\u00a0uno dei pi\u00f9 rinomati luoghi di aggregazione culturale di Milano, sede sia di grandi mostre, sia di nuove forme d\u2019arte per il lancio di giovani talenti emergenti. Inoltre\u00a0l\u2019associazione culturale\u00a0<strong>Famiglia Margini<\/strong>\u00a0ed\u00a0<strong>ERSAF<\/strong>, Ente Regionale per i Servizi all&#8217;Agricoltura e alle Foreste, presente con uno spazio dedicato dove promuover\u00e0 le eccellenze enogastronomiche del territorio lombardo.<\/p>\n<p>Sono confermati circa\u00a0<strong>100 espositori<\/strong>, suddivisi nelle due classiche sezioni della mostra:\u00a0<strong><span class=\"markebfcnm8ex\" data-markjs=\"true\" data-ogac=\"\" data-ogab=\"\" data-ogsc=\"\" data-ogsb=\"\">FLORA<\/span><\/strong>, dedicata al florovivaismo, che ospita i maggiori vivai ed esperti del verde italiani;\u00a0<strong>DECORA<\/strong>, con la sua selezione di artigiani dedicata alle decorazioni della casa, del giardino e della persona.\u202f\u2028Oltre alle due storiche aree, si \u00e8 andata affermando con successo negli ultimi anni la sezione\u00a0<strong>RISTORA<\/strong>, dedicata al food d\u2019eccellenza, che accoglie una ventina di produttori, tra cui una piccola, ma molto selezionata rappresentanza di\u00a0FormaggItalia, Salone Italiano dei Formaggi Artigianali, espressione delle migliori eccellenze casearie del nostro territorio:\u00a0Faraboli\u00a0Formaggi, Azienda Agricola San Faustino, Cooperativa Agricola La Poiana e\u00a0Casearea\u00a0Arnoldi.<br \/>\nIl 14 e 15 settembre saranno inoltre presenti alcuni espositori e food truck:<br \/>\n\u00b7\u00a0\u00a0\u00a0\u00a0\u00a0\u00a0\u00a0<strong>Sapori Solari<\/strong>, che nasce dalla passione per il gusto della tradizione e offre una selezione continuamente rinnovata e aggiornata di formaggi, salumi e\u00a0insaccati tipici<br \/>\n\u00b7\u00a0\u00a0\u00a0\u00a0\u00a0\u00a0\u00a0<strong>Winelivery<\/strong>, il primo servizio di consegna a domicilio di vino, birra artigianale, liquori, distillati e drink che vengono consegnati in meno di trenta minuti.<br \/>\n\u00b7\u00a0\u00a0\u00a0\u00a0\u00a0\u00a0\u00a0<strong>Grano Puro<\/strong><strong>,<\/strong>\u00a0una forneria itinerante che propone hamburger, pizze e focacce con i migliori impasti accostati a eccellenti ingredienti del territorio bergamasco<br \/>\n\u00b7\u00a0\u00a0\u00a0\u00a0\u00a0\u00a0\u00a0<strong>Beer Taxi,<\/strong>\u00a0che unisce due passioni come le macchine d\u2019epoca e la birra: un vecchio\u00a0Taxi inglese funzionante a tutti gli effetti trasformato in un moderno e alternativo pub itinerante con ben 5 proposte di birra alla spina<br \/>\n\u00b7\u00a0\u00a0\u00a0\u00a0\u00a0\u00a0\u00a0<strong>Ortociclone<\/strong>\u00a0nasce come naturale e spontanea declinazione di\u00a0Ortociclo, servizio di spesa online di prodotti della terra con consegna a domicilio tramite\u00a0cargobike.<\/p>\n<p><span class=\"markebfcnm8ex\" data-markjs=\"true\" data-ogac=\"\" data-ogab=\"\" data-ogsc=\"\" data-ogsb=\"\">Flora<\/span>\u00a0et Decora \u00e8 da sempre sinonimo di eleganza e raffinatezza, come dimostrano in primis le storiche location che l\u2019hanno ospitata durante le diverse edizioni. Ma \u00e8 anche sinonimo di cura nella scelta degli espositori e dei partner, di grande capacit\u00e0 di accoglienza e passione: sono sempre a disposizione\u00a0con\u00a0<strong>laboratori presso gli stand<\/strong>\u00a0per consigli e suggerimenti.<\/p>\n<p>Anche l\u2019edizione \u202fautunnale di\u00a0<span class=\"markebfcnm8ex\" data-markjs=\"true\" data-ogac=\"\" data-ogab=\"\" data-ogsc=\"\" data-ogsb=\"\">Flora<\/span>\u00a0et Decora\u00a0<strong>sostiene un progetto di carattere filantropico<\/strong>, dedicato questa volta alla\u00a0<strong>Foresta dei Violini<\/strong>\u00a0in Val di Fiemme (Trentino), un luogo incantato che offre la materia prima per la creazione di alcuni tra i migliori violini al mondo, tra cui gli Stradivari.<br \/>\nA causa della tempesta\u00a0Vaia\u00a0dello scorso ottobre, la Foresta ha subito gravissimi danni con ripercussioni\u00a0di lungo periodo\u00a0sull\u2019ambiente e su un prodotto italiano di pregio, richiesto in tutto il mondo.<\/p>\n<p>In collaborazione con\u00a0<strong>Opere Sonore by<\/strong>\u00a0<strong>Ciresa<\/strong>,\u00a0\u00e8 prevista\u00a0il\u00a0<strong>13 settembre<\/strong>\u00a0una serata inaugurale a sostegno della messa a dimora e ripiantumazione degli abeti rossi \u201cStradivari\u201d. La serata sar\u00e0 ricca di\u00a0eventi speciali tramite i quali poter conoscere la storia di questo luogo magico,<br \/>\n&#8211; Preview della\u00a0<strong>mostra fotografica \u201cRinascita con la Musica\u201d<\/strong>, dedicata alla Foresta dei Violini con le immagini della Foresta prima e dopo la tempesta, con la presenza del\u00a0<strong>liutaio Nicola Monzino<\/strong>;<br \/>\n&#8211;\u00a0<strong>Cocktail<\/strong>\u00a0<strong>di benvenuto<\/strong><strong>;<\/strong><br \/>\n&#8211;\u00a0<strong>\u201c<\/strong><strong>Three for<\/strong>\u00a0<strong>trees<\/strong><strong>\u201d<\/strong>, una\u00a0<strong>performance musicale<\/strong>\u00a0con\u00a0il\u00a0<strong>Trio Francesco Fiorio<\/strong>,\u00a0tre giovani musicisti\u00a0che suoneranno il pianoforte digitale\u00a0<strong>Resonance<\/strong>\u00a0<strong>Piano by<\/strong>\u00a0<strong>Ciresa<\/strong>, oltre a due violini antichi, uno\u00a0<strong>Stradivari<\/strong>\u00a0e un\u00a0<strong>Guadagnini<\/strong>. Una vera contaminazione tra storia e modernit\u00e0 che non mancher\u00e0 di incantare tutti i presenti.<br \/>\nResonance\u00a0Piano, ideato da\u00a0<strong>Fabio<\/strong>\u00a0<strong>Ognibeni<\/strong>, titolare di\u00a0Ciresa, \u00e8 il primo strumento capace di unire con successo le caratteristiche sonore di un piano classico e la versatilit\u00e0 del digitale, utilizzando una cassa di risonanza costituita da una coppia di tavole armoniche da pianoforte in abete di Fiemme.<br \/>\nPartner della manifestazione e catering del cocktail di benvenuto alla serata inaugurale sar\u00e0\u00a0<strong>Edoardo Todeschini<\/strong>\u00a0con il suo\u00a0<strong>Rob<\/strong>\u00a0<strong>De Matt<\/strong>,\u00a0un bistrot che nasce come progetto ad inclusione sociale e lavorativa per persone con storie di marginalit\u00e0 e svantaggio.<br \/>\nA chi volesse partecipare alla serata inaugurale del 13 settembre,\u00a0\u00e8\u00a0richiesta una donazione\u00a0<strong>minima di 40\u20ac<\/strong><strong>*;<\/strong>\u00a0i proventi andranno a sostegno della Foresta dei Violini, per riportare questo luogo alla sua antica magnificenza.<\/p>\n<p>Il\u00a0<strong>14 settembre<\/strong>, la serata sar\u00e0 allietata dal\u00a0<strong>Green Bar<\/strong>,\u00a0e dalla\u00a0<strong>Milonga tra i Fiori.<\/strong>\u00a0Il primo sar\u00e0\u00a0collocato al centro della sezione\u00a0<span class=\"markebfcnm8ex\" data-markjs=\"true\" data-ogac=\"\" data-ogab=\"\" data-ogsc=\"\" data-ogsb=\"\">FLORA<\/span>, con\u00a0<strong>aperitivo,<\/strong>\u00a0<strong>musica dal vivo<\/strong>\u00a0<strong>e dj set<\/strong>\u00a0a partire dalle ore 19.<br \/>\nLa serata danzante di\u00a0<strong>Tango Argentino<\/strong>\u00a0con\u00a0dj\u00a0<strong>Auslander<\/strong>\u00a0sar\u00e0 invece organizzata in una delle sale interne di Fabbrica. Un evento unico, l&#8217;occasione di ballare sui 340 mq di\u202fpista di parquet indoor in una sala immersa nella magia delle videoproiezioni dei fiori e degli scenari naturali. \u201cDanziamo, danziamo\u2026 altrimenti siamo perduti\u201d (Pina Bausch).<\/p>\n<p>*Donazione minima di 40\u00a0\u20ac\u00a0da versare sul conto corrente Intesa Sanpaolo:<br \/>\nIBAN\u00a0IT32T0306909606100000151580<br \/>\nintestato a \u201cAssociazione Zerosbatti a favore della Foresta dei Violini\u201d<br \/>\n<em>Si prega di inviare la ricevuta di pagamento a\u00a0<\/em><em>segreteria@<span class=\"markebfcnm8ex\" data-markjs=\"true\" data-ogac=\"\" data-ogab=\"\" data-ogsc=\"\" data-ogsb=\"\">flora<\/span>etdecora.it<\/em><em>\u00a0per ricevere il biglietto d\u2019ingresso e la ricevuta deducibile.<\/em><\/p>\n<p>Informazioni:<br \/>\n13 \u2013 serata inaugurale<br \/>\n14-15 settembre 2019\u00a0\u2013 mostra mercato<br \/>\nDalle 10 alle 19<br \/>\nFabbrica del Vapore<br \/>\nVia G.C. Procaccini 4 \u2013 20154 Milano<br \/>\nIngresso gratuito<br \/>\n<a href=\"https:\/\/rossiebianchi.us3.list-manage.com\/track\/click?u=b3a938190b5380693167a35df&amp;id=1c76f07a40&amp;e=55e516c6a0\" target=\"_blank\" rel=\"noopener noreferrer\" data-auth=\"NotApplicable\">www.<span class=\"markebfcnm8ex\" data-markjs=\"true\" data-ogac=\"\" data-ogab=\"\" data-ogsc=\"\" data-ogsb=\"\">flora<\/span>etdecora.it<\/a><\/p>\n<p><strong>IS.LA Srl\u00a0<\/strong>&#8211; crea e organizza da anni con successo manifestazioni dedicate al verde, al design e al food tradizionale italiano. Tra gli eventi realizzati ci sono\u00a0<span class=\"markebfcnm8ex\" data-markjs=\"true\" data-ogac=\"\" data-ogab=\"\" data-ogsc=\"\" data-ogsb=\"\">Flora<\/span>\u00a0et Decora Milano, Royal Street Food Banquet a Monza e FormaggItalia a Milano.\u00a0<span class=\"markebfcnm8ex\" data-markjs=\"true\" data-ogac=\"\" data-ogab=\"\" data-ogsc=\"\" data-ogsb=\"\">Flora<\/span>\u00a0et Decora primavera riunisce 100 espositori nei chiostri e nei giardini della basilica di sant\u2019Ambrogio a Milano, con fiori, piante, arredi e decorazioni per la casa, il giardino e la terrazza. Sette edizioni svolte in aprile, con oltre 20.000 visitatori. Royal Street Food Banquet al Parco di Monza, di fronte alla seicentesca villa Mirabello. Ha riunito 30 tra i pi\u00f9 significativi espositori nel panorama del cibo di strada italiano, ristoratori e spesso produttori diretti. Una prima edizione a giugno 2016 con oltre 10.000 visitatori. FormaggItalia 2017, prima edizione della nuova manifestazione dedicata interamente ai formaggi italiani d&#8217;eccellenza, sceglie Milano come punto di partenza. Nel 2018 si \u00e8 tenuta a Fieramilanocity con un maggior numero di produttori artigianali e una grande soddisfazione dei visitatori.<\/p>\n<p><strong>Fabbrica del Vapore\u00a0<\/strong>&#8211;\u00a0\u00e8 un luogo di aggregazione culturale, dedicato principalmente ai pi\u00f9 giovani, capace di accogliere grandi mostre e dar spazio contemporaneamente a nuove forme d\u2019arte e nuovi talenti.\u00a0Un polo che \u00e8 diventato sempre pi\u00f9 un punto di riferimento per cittadini e turisti internazionali, grazie a un programma di attivit\u00e0 che nasce da una sintesi tra le iniziative della gestione diretta, le occasioni create dai diversi residenti che abitano i suoi spazi e un palinsesto organizzato da realt\u00e0 terze che la scelgono per veicolare, in collaborazione con il Comune di Milano, i propri contenuti. La peculiarit\u00e0 di Fabbrica del Vapore \u00e8 data anche dalla tipologia architettonica: la Ditta Carminati Toselli &amp; C., storico spazio industriale di inizio Novecento in cui si producevano i tram, si \u00e8 trasformata in un luogo dinamico e originale dove si creano momenti di fruizione culturale. L&#8217;intera superficie misura circa 30.000 mq, di cui 7.000 destinati a progetti di associazioni residenti e altrettanti a mostre, spettacoli e servizi correlati.<br \/>\nA seguito di bando pubblico, sono stati assegnati in concessione d\u2019uso triennale alcuni locali dedicati al progetto\u00a0<em>Spazi al Talento<\/em>, il cui scopo \u00e8 promuovere la creativit\u00e0 giovanile nell\u2019ambito delle arti visive, performative, audiovisivo-multimediali. Oggi le attivit\u00e0 che animano gli spazi di Fabbrica del Vapore sono Studio Azzurro Produzioni s.r.l., Ariella Vidach Aiep \/ DiDstudio, Mostrami Factory, The Art Land, V&amp;A \u2013 Vento &amp; Associati, Careof, Contemporary Music Hub Milano, Ramaya Productions, Lotto 15\/Archivio Viafarini, Macchinazioni teatrali, Fattoria Vittadini., Fondazione Milano Scuole Civiche.<\/p>\n<p><strong>Famiglia Margini<\/strong>\u00a0&#8211; \u00e8 un&#8217;associazione culturale frutto dell&#8217;energia catalizzante di una genuina sperimentazione artistica.\u00a0Inaugurata a Milano il 26 gennaio 2006, propose come base concettuale di partenza i disegni del Nobel Dario Fo con il progetto di una citt\u00e0 rivoluzionata in senso umano. Sostiene un attivo movimento d&#8217;avanguardia artistica, punto d&#8217;incontro di persone che ancora credono nella possibilit\u00e0 di condividere percorsi esistenziali. Nel 2017 Famiglia Margini si trasferisce nella nuova sede in Fabbrica del Vapore di via Procaccini 4, Milano, dove continua ad operare nella proposizione di un&#8217;arte dinamica ed impegnata nell&#8217;obiettivo di salvare l&#8217;umanit\u00e0 da se stessa.<\/td>\n<\/tr>\n<\/tbody>\n<\/table>\n<\/td>\n<\/tr>\n<\/tbody>\n<\/table>\n<\/td>\n<\/tr>\n<\/tbody>\n<\/table>\n<\/td>\n<\/tr>\n<\/tbody>\n<\/table>\n","protected":false},"excerpt":{"rendered":"<p>Flora\u00a0et Decora, la mostra mercato dedicata al florovivaismo e alle decorazioni per il giardino, la casa e la persona,\u00a0 si terr\u00e0 su una superficie espositiva di circa 2000mq presso la\u00a0Fabbrica del Vapore, il\u00a014 e 15 settembre 2019, introdotta da una\u00a0serata inaugurale\u00a0molto speciale il\u00a013 settembre. Flora\u00a0et Decora \u00e8 un appuntamento imperdibile per appassionati e professionisti, ma\u00a0offre &hellip; <a href=\"https:\/\/www.gdapress.it\/it\/index.php\/72234\/appuntamenti\/flora-et-decora-4-a-e-d-i-z-i-o-n-e-a-u-t-u-n-n-a-l-e-2-0-1-9.html\" class=\"more-link\">Read more <span class=\"screen-reader-text\">FLORA\u00a0et DECORA 4 a \u00a0\u00a0 E d i z i o n e \u00a0\u00a0 A u t u n n a l e \u00a0\u00a0 2 0 1 9<\/span><\/a><\/p>\n","protected":false},"author":2,"featured_media":72235,"comment_status":"closed","ping_status":"open","sticky":false,"template":"","format":"standard","meta":{"footnotes":""},"categories":[2245],"tags":[255,12764],"class_list":["post-72234","post","type-post","status-publish","format-standard","has-post-thumbnail","hentry","category-appuntamenti","tag-fabbrica-del-vapore","tag-flora-et-decora"],"_links":{"self":[{"href":"https:\/\/www.gdapress.it\/it\/index.php\/wp-json\/wp\/v2\/posts\/72234","targetHints":{"allow":["GET"]}}],"collection":[{"href":"https:\/\/www.gdapress.it\/it\/index.php\/wp-json\/wp\/v2\/posts"}],"about":[{"href":"https:\/\/www.gdapress.it\/it\/index.php\/wp-json\/wp\/v2\/types\/post"}],"author":[{"embeddable":true,"href":"https:\/\/www.gdapress.it\/it\/index.php\/wp-json\/wp\/v2\/users\/2"}],"replies":[{"embeddable":true,"href":"https:\/\/www.gdapress.it\/it\/index.php\/wp-json\/wp\/v2\/comments?post=72234"}],"version-history":[{"count":1,"href":"https:\/\/www.gdapress.it\/it\/index.php\/wp-json\/wp\/v2\/posts\/72234\/revisions"}],"predecessor-version":[{"id":72236,"href":"https:\/\/www.gdapress.it\/it\/index.php\/wp-json\/wp\/v2\/posts\/72234\/revisions\/72236"}],"wp:featuredmedia":[{"embeddable":true,"href":"https:\/\/www.gdapress.it\/it\/index.php\/wp-json\/wp\/v2\/media\/72235"}],"wp:attachment":[{"href":"https:\/\/www.gdapress.it\/it\/index.php\/wp-json\/wp\/v2\/media?parent=72234"}],"wp:term":[{"taxonomy":"category","embeddable":true,"href":"https:\/\/www.gdapress.it\/it\/index.php\/wp-json\/wp\/v2\/categories?post=72234"},{"taxonomy":"post_tag","embeddable":true,"href":"https:\/\/www.gdapress.it\/it\/index.php\/wp-json\/wp\/v2\/tags?post=72234"}],"curies":[{"name":"wp","href":"https:\/\/api.w.org\/{rel}","templated":true}]}}