
{"id":72148,"date":"2019-08-24T00:51:24","date_gmt":"2019-08-23T22:51:24","guid":{"rendered":"http:\/\/www.gdapress.it\/it\/?p=72148"},"modified":"2019-08-24T00:51:24","modified_gmt":"2019-08-23T22:51:24","slug":"matera-i-sassi-la-mostra-fa-tappa-a-taranto","status":"publish","type":"post","link":"https:\/\/www.gdapress.it\/it\/index.php\/72148\/arte\/matera-i-sassi-la-mostra-fa-tappa-a-taranto.html","title":{"rendered":"\u201cMATERA I SASSI\u201d:  LA MOSTRA FA TAPPA A TARANTO"},"content":{"rendered":"<p><strong><img loading=\"lazy\" decoding=\"async\" class=\"alignleft size-large wp-image-72149\" src=\"http:\/\/www.gdapress.it\/it\/..\/public\/it\/2019\/08\/Locandina-1-189x400.jpg\" alt=\"\" width=\"189\" height=\"400\" srcset=\"https:\/\/www.gdapress.it\/it\/..\/public\/it\/2019\/08\/Locandina-1-189x400.jpg 189w, https:\/\/www.gdapress.it\/it\/..\/public\/it\/2019\/08\/Locandina-1-142x300.jpg 142w, https:\/\/www.gdapress.it\/it\/..\/public\/it\/2019\/08\/Locandina-1.jpg 453w\" sizes=\"auto, (max-width: 189px) 100vw, 189px\" \/>\u201cMATERA I SASSI\u201d: <\/strong><\/p>\n<p><strong>LA MOSTRA FA TAPPA A TARANTO<\/strong><\/p>\n<p><strong>TARANTO. Dopo La Lopa Matera, toccher\u00e0 al Castello Aragonese di Taranto (Galleria Meridionale) ospitare dal 24 agosto al 1\u00b0 settembre 2019 la Mostra fotografica di Cataldo Albano \u201cMATERA I SASSI\u201d, che illuminer\u00e0 successivamente la citt\u00e0 di Verona (dal 25 ottobre).<\/strong><\/p>\n<p>La Mostra \u00e8 organizzata da Cataldo Albano, con il Patrocinio del Comune di Taranto, Comune di Matera, Provincia di Verona, Lucana Film Commission; con la partnership di Comando Marittimo Sud della Marina Militare, Vitis in Vulture, Panificio Cifarelli, Cantine Ruggieri Lizzano, Casa Vestita Grottaglie, Simeoni Arti Grafiche Verona, Dolci Colori S.r.l. Verona.<\/p>\n<p>Si tratta di un\u2019esposizione multimediale, foto e video, frutto del reportage nel mese di ottobre 2017 di Cataldo Albano in compagnia dei Sassi, di tre Artigiani e due Modelle.<\/p>\n<p>All\u2019inaugurazione prevista per sabato 24 agosto 2019, ore 20,00, ai saluti di <strong>Salvatore Vitiello<\/strong> (Ammiraglio di Divisione comandante il Comando Marittimo Sud della Marina Militare) faranno seguito gli interventi di <strong>Mariella Cuoccio<\/strong> (poetessa), <strong>Mimmo Vestita<\/strong> (ceramista), <strong>Francesco Lenoci<\/strong> (docente Universit\u00e0 Cattolica del Sacro Cuore di Milano).<\/p>\n<p>L\u2019ingresso \u00e8 libero.<\/p>\n<p>&nbsp;<\/p>\n","protected":false},"excerpt":{"rendered":"<p>\u201cMATERA I SASSI\u201d: LA MOSTRA FA TAPPA A TARANTO TARANTO. Dopo La Lopa Matera, toccher\u00e0 al Castello Aragonese di Taranto (Galleria Meridionale) ospitare dal 24 agosto al 1\u00b0 settembre 2019 la Mostra fotografica di Cataldo Albano \u201cMATERA I SASSI\u201d, che illuminer\u00e0 successivamente la citt\u00e0 di Verona (dal 25 ottobre). La Mostra \u00e8 organizzata da Cataldo &hellip; <a href=\"https:\/\/www.gdapress.it\/it\/index.php\/72148\/arte\/matera-i-sassi-la-mostra-fa-tappa-a-taranto.html\" class=\"more-link\">Read more <span class=\"screen-reader-text\">\u201cMATERA I SASSI\u201d:  LA MOSTRA FA TAPPA A TARANTO<\/span><\/a><\/p>\n","protected":false},"author":2,"featured_media":72149,"comment_status":"closed","ping_status":"open","sticky":false,"template":"","format":"standard","meta":{"footnotes":""},"categories":[4],"tags":[4474,25017,10933,25018],"class_list":["post-72148","post","type-post","status-publish","format-standard","has-post-thumbnail","hentry","category-arte","tag-castello-aragonese","tag-cataldo-albano","tag-taranto","tag-matera-i-sassi"],"_links":{"self":[{"href":"https:\/\/www.gdapress.it\/it\/index.php\/wp-json\/wp\/v2\/posts\/72148","targetHints":{"allow":["GET"]}}],"collection":[{"href":"https:\/\/www.gdapress.it\/it\/index.php\/wp-json\/wp\/v2\/posts"}],"about":[{"href":"https:\/\/www.gdapress.it\/it\/index.php\/wp-json\/wp\/v2\/types\/post"}],"author":[{"embeddable":true,"href":"https:\/\/www.gdapress.it\/it\/index.php\/wp-json\/wp\/v2\/users\/2"}],"replies":[{"embeddable":true,"href":"https:\/\/www.gdapress.it\/it\/index.php\/wp-json\/wp\/v2\/comments?post=72148"}],"version-history":[{"count":1,"href":"https:\/\/www.gdapress.it\/it\/index.php\/wp-json\/wp\/v2\/posts\/72148\/revisions"}],"predecessor-version":[{"id":72150,"href":"https:\/\/www.gdapress.it\/it\/index.php\/wp-json\/wp\/v2\/posts\/72148\/revisions\/72150"}],"wp:featuredmedia":[{"embeddable":true,"href":"https:\/\/www.gdapress.it\/it\/index.php\/wp-json\/wp\/v2\/media\/72149"}],"wp:attachment":[{"href":"https:\/\/www.gdapress.it\/it\/index.php\/wp-json\/wp\/v2\/media?parent=72148"}],"wp:term":[{"taxonomy":"category","embeddable":true,"href":"https:\/\/www.gdapress.it\/it\/index.php\/wp-json\/wp\/v2\/categories?post=72148"},{"taxonomy":"post_tag","embeddable":true,"href":"https:\/\/www.gdapress.it\/it\/index.php\/wp-json\/wp\/v2\/tags?post=72148"}],"curies":[{"name":"wp","href":"https:\/\/api.w.org\/{rel}","templated":true}]}}