
{"id":72009,"date":"2019-07-24T00:08:58","date_gmt":"2019-07-23T22:08:58","guid":{"rendered":"http:\/\/www.gdapress.it\/it\/?p=72009"},"modified":"2019-07-24T00:08:58","modified_gmt":"2019-07-23T22:08:58","slug":"il-simbolismo-di-leonardo-in-un-profumo","status":"publish","type":"post","link":"https:\/\/www.gdapress.it\/it\/index.php\/72009\/benessere\/il-simbolismo-di-leonardo-in-un-profumo.html","title":{"rendered":"Il simbolismo di Leonardo in un profumo"},"content":{"rendered":"<p><img loading=\"lazy\" decoding=\"async\" class=\"alignleft size-full wp-image-72010\" src=\"http:\/\/www.gdapress.it\/it\/..\/public\/it\/2019\/07\/Senza-titolo-26.jpg\" alt=\"\" width=\"261\" height=\"71\" \/><\/p>\n<p>Il simbolismo di Leonardo in un profumo<\/p>\n<p><img loading=\"lazy\" decoding=\"async\" class=\"alignleft size-full wp-image-72011\" src=\"http:\/\/www.gdapress.it\/it\/..\/public\/it\/2019\/07\/1Senza-titolo-8.jpg\" alt=\"\" width=\"250\" height=\"67\" \/>Il 28 e 29 settembre a Milano verr\u00e0 presentata una fragranza limited-edition ispirata al genio toscano, in occasione della terza tappa della mostra Leonardo Genio e Bellezza\u2028 per celebrare da Vinci e il suo contributo al mondo della cosmesi<\/p>\n<p>A cinquecento anni dalla scomparsa di Leonardo, Cosmetica Italia &#8211; associazione nazionale imprese cosmetiche, Accademia del Profumo e Cosmoprof rendono omaggio al suo ingegno con una mostra, Leonardo Genio e Bellezza, che coniuga la celebrazione storica alla divulgazione di uno dei suoi aspetti meno conosciuti: la sua attivit\u00e0 nel campo della cosmesi. In scena a Milano sabato 28 e domenica 29 settembre, presso la Casa degli Atellani &#8211; Museo Vigna di Leonardo, l\u2019esposizione &#8211; ideata dalla ricercatrice Maria Pirulli &#8211; sar\u00e0 l\u2019occasione per presentare un profumo esclusivo.<\/p>\n<p>La Fragranza<\/p>\n<p>A essere svelata sar\u00e0 una fragranza \u201csenza nome\u201c, creata dal naso di fama internazionale Emilie Coppermann della casa essenziera Symrise e realizzata in collaborazione con ICR &#8211; Industrie Cosmetiche Riunite, Bormioli Luigi Glassmaker, Industrial Box, Candiani, QuintoLancio e Aptar. Il profumo si propone di illustrare in chiave olfattiva il simbolismo di Leonardo.<\/p>\n<p>\u00abLeonardo si era dedicato anche all\u2019arte profumatoria, in quanto scienza che gli avrebbe permesso di catturare l\u2019essenza olfattiva della Natura \u2013 commenta la ricercatrice Maria Pirulli &#8211; Le \u201crefragranze\u201d, paragonate dallo stesso Leonardo alla musica, secondo il maestro avevano il potere di riportare in vita la memoria dell\u2019esperienza. Da questa sintesi emotiva e psicologica espressa e rappresentata attraverso il simbolismo perch\u00e9 priva di parola, partiamo, dunque, per immaginare un nuovo profumo che trasporti Leonardo nei giorni nostri. Un\u2019essenza carismatica come il personaggio rinascimentale e complessa quanto le sue contraddizioni\u00bb.<\/p>\n<p>Per rappresentare la personalit\u00e0 di Leonardo, la Coppermann ha composto una fragranza legnosa ispirandosi alla quercia: \u00abLa mia creazione vuole simboleggiare lo spirito eclettico di un vero genio &#8211; dichiara Emilie Coppermann &#8211; un uomo che \u00e8 stato capace di essere sia pragmatico sia altamente spirituale e visionario. Ho perci\u00f2 lavorato attorno all\u2019idea dell\u2019albero: un elemento naturale che ha le sue radici profondamente ancorate nel terreno, ma che nello stesso tempo \u00e8 connesso al divino attraverso i suoi rami, che tendono verso l\u2019alto, che sembrano spingersi verso il cielo. Tra tutti gli alberi, ho scelto istintivamente la quercia per la sua grandezza, nobilt\u00e0 e longevit\u00e0. La mia creazione \u00e8 dunque costruita attorno a questa idea centrale ed \u00e8 contemporaneamente un\u2019illusione olfattiva che si presta a una moltitudine di interpretazioni, un po\u2019 come l\u2019opera di Leonardo\u00bb.<\/p>\n<p>La fragranza non sar\u00e0 commercializzata, ma \u2013 come un\u2019opera d\u2019arte \u2013 sar\u00e0 apprezzabile durante la tappa milanese della mostra e nei successivi eventi dedicati alla cultura del profumo, promossi da Cosmetica Italia e Accademia del Profumo.<\/p>\n<p>Il Rebus<\/p>\n<p>Un altro aspetto di Leonardo tra i meno conosciuti \u00e8 la sua attivit\u00e0 da \u201cenigmista\u201d: da Vinci ha creato, infatti, numerosi rebus con immagini associate a numeri, parole e note musicali.<\/p>\n<p>\u00ab\u00c8 probabile &#8211; spiega Maria Pirulli &#8211; che tali rebus siano stati usati all\u2019interno della corte milanese anche nelle guarnizioni ornamentali dei vestiti, per trasmettere messaggi privati a scopo ludico. I rebus di Leonardo rispecchiano uno dei temi fondamentali del Rinascimento, quello del \u201cpensare per immagini\u201d, un concetto chiave che da Vinci ribadisce anche in alcuni testi, sostenendo che il pensiero possa essere dipinto\u00bb.<\/p>\n<p>Nell\u2019ideazione del profumo anche questa peculiare attivit\u00e0 dell\u2019inventore toscano \u00e8 stata tenuta in considerazione. Alla base della creazione olfattiva c\u2019\u00e8 l\u2019idea che anche una fragranza contemporanea possa celare un messaggio di Leonardo e presso la mostra, sotto il tappo del flacone, i visitatori potranno provare a decifrare un rebus tratto dal Codice Forster.<\/p>\n<p>\u00abIl disegno di Leonardo \u2013 continua la ricercatrice \u2013 riporta in maniera stilizzata due ponti a tre arcate, accanto alla preposizione \u201cin\u201d e all\u2019immagine anatomica di un cuore. Si ottiene la soluzione interpretandolo da destra verso sinistra, come era solito scrivere Leonardo. Reinterpretando lo spirito ludico rinascimentale, lo si potrebbe definire una sorta di linguaggio per emoticon ante litteram\u00bb.<\/p>\n<p>La soluzione, scritta da Leonardo stesso, verr\u00e0 rivelata insieme al profumo in occasione dell\u2019evento milanese.<\/p>\n<p>La Mostra<\/p>\n<p>Inaugurata in occasione di Cosmoprof Worldwide Bologna 2019 (14 \u2013 18 marzo), Leonardo Genio e Bellezza \u00e8 poi approdata a Venezia, presso Palazzo Mocenigo (3 maggio \u2013 20 settembre 2019). La terza tappa, a Milano il 28 e il 29 settembre 2019, sar\u00e0 ospitata dalla Casa degli Atellani.<\/p>\n<p>Il palazzo quattrocentesco, che fu dimora di Leonardo durante i lavori dell\u2019Ultima Cena e che tutt\u2019oggi ospita la famosa Vigna donatagli da Ludovico il Moro, far\u00e0 da cornice a una selezione di codici con le innovazioni di da Vinci in ambito cosmetico, oltre a studi su piante e fiori nelle sue opere e ai primi procedimenti di distillazione che hanno portato alla nascita della chimica. Protagoniste della mostra anche le figure femminili rinascimentali pi\u00f9 rilevanti con i loro \u201cexperimenti\u201d e ricette.<\/p>\n<p>Informazioni utili<\/p>\n<p>Quando: sabato 28 e domenica 29 settembre; orario d\u2019apertura 9.00-18.00\u2028Dove: Museo Vigna di Leonardo, C.so Magenta 65, 20123 Milano\u2028Ingresso: intero 10 euro; info sconti e riduzioni sul sito del Museo https:\/\/www.vignadileonardo.com\/it\/museo<\/p>\n<p>Cosmetica Italia &#8211; Fondata nel 1967, \u00e8 l\u2019associazione nazionale delle imprese cosmetiche, aderente a Confindustria, che riunisce circa 540 aziende rappresentative di pi\u00f9 del 90% del fatturato del settore.<\/p>\n<p>Accademia del Profumo &#8211; \u00c8 stata fondata nel 1990 per valorizzare il profumo come elemento essenziale di benessere, promuoverne la creativit\u00e0, accrescerne la cultura e la diffusione in Italia.<\/p>\n<p>Cosmoprof Worldwide Bologna &#8211; Da oltre 50 anni \u00e8 l&#8217;osservatorio leader internazionale sulle tendenze legate al settore della cosmetica. Al successo di Cosmoprof nel mondo lavora una struttura organizzativa internazionale, BolognaFiere Cosmoprof S.p.a., che cura l\u2019organizzazione e il marketing della manifestazione, rendendola il principale evento mondiale per il settore della bellezza.<\/p>\n<p>&nbsp;<\/p>\n","protected":false},"excerpt":{"rendered":"<p>Il simbolismo di Leonardo in un profumo Il 28 e 29 settembre a Milano verr\u00e0 presentata una fragranza limited-edition ispirata al genio toscano, in occasione della terza tappa della mostra Leonardo Genio e Bellezza\u2028 per celebrare da Vinci e il suo contributo al mondo della cosmesi A cinquecento anni dalla scomparsa di Leonardo, Cosmetica Italia &hellip; <a href=\"https:\/\/www.gdapress.it\/it\/index.php\/72009\/benessere\/il-simbolismo-di-leonardo-in-un-profumo.html\" class=\"more-link\">Read more <span class=\"screen-reader-text\">Il simbolismo di Leonardo in un profumo<\/span><\/a><\/p>\n","protected":false},"author":2,"featured_media":0,"comment_status":"closed","ping_status":"open","sticky":false,"template":"","format":"standard","meta":{"footnotes":""},"categories":[729],"tags":[21968,21606,1583,24945,183,24946,24840],"class_list":["post-72009","post","type-post","status-publish","format-standard","hentry","category-benessere","tag-accademia-del-profumo","tag-cosmetica-italia","tag-cosmoprof","tag-emilie-coppermann","tag-leonardo","tag-leonardo-genio-e-bellezza","tag-maria-pirulli"],"_links":{"self":[{"href":"https:\/\/www.gdapress.it\/it\/index.php\/wp-json\/wp\/v2\/posts\/72009","targetHints":{"allow":["GET"]}}],"collection":[{"href":"https:\/\/www.gdapress.it\/it\/index.php\/wp-json\/wp\/v2\/posts"}],"about":[{"href":"https:\/\/www.gdapress.it\/it\/index.php\/wp-json\/wp\/v2\/types\/post"}],"author":[{"embeddable":true,"href":"https:\/\/www.gdapress.it\/it\/index.php\/wp-json\/wp\/v2\/users\/2"}],"replies":[{"embeddable":true,"href":"https:\/\/www.gdapress.it\/it\/index.php\/wp-json\/wp\/v2\/comments?post=72009"}],"version-history":[{"count":1,"href":"https:\/\/www.gdapress.it\/it\/index.php\/wp-json\/wp\/v2\/posts\/72009\/revisions"}],"predecessor-version":[{"id":72012,"href":"https:\/\/www.gdapress.it\/it\/index.php\/wp-json\/wp\/v2\/posts\/72009\/revisions\/72012"}],"wp:attachment":[{"href":"https:\/\/www.gdapress.it\/it\/index.php\/wp-json\/wp\/v2\/media?parent=72009"}],"wp:term":[{"taxonomy":"category","embeddable":true,"href":"https:\/\/www.gdapress.it\/it\/index.php\/wp-json\/wp\/v2\/categories?post=72009"},{"taxonomy":"post_tag","embeddable":true,"href":"https:\/\/www.gdapress.it\/it\/index.php\/wp-json\/wp\/v2\/tags?post=72009"}],"curies":[{"name":"wp","href":"https:\/\/api.w.org\/{rel}","templated":true}]}}