
{"id":71943,"date":"2019-07-18T00:22:02","date_gmt":"2019-07-17T22:22:02","guid":{"rendered":"http:\/\/www.gdapress.it\/it\/?p=71943"},"modified":"2019-07-18T00:22:02","modified_gmt":"2019-07-17T22:22:02","slug":"mai-senza-smemo","status":"publish","type":"post","link":"https:\/\/www.gdapress.it\/it\/index.php\/71943\/design\/mai-senza-smemo.html","title":{"rendered":"MAI SENZA\u2026 SMEMO!"},"content":{"rendered":"<p align=\"center\"><img loading=\"lazy\" decoding=\"async\" class=\"alignleft size-large wp-image-71944\" src=\"http:\/\/www.gdapress.it\/it\/..\/public\/it\/2019\/07\/Smemo2020-500x334.jpg\" alt=\"\" width=\"500\" height=\"334\" srcset=\"https:\/\/www.gdapress.it\/it\/..\/public\/it\/2019\/07\/Smemo2020-500x334.jpg 500w, https:\/\/www.gdapress.it\/it\/..\/public\/it\/2019\/07\/Smemo2020-300x200.jpg 300w, https:\/\/www.gdapress.it\/it\/..\/public\/it\/2019\/07\/Smemo2020-768x513.jpg 768w, https:\/\/www.gdapress.it\/it\/..\/public\/it\/2019\/07\/Smemo2020-720x480.jpg 720w, https:\/\/www.gdapress.it\/it\/..\/public\/it\/2019\/07\/Smemo2020-272x182.jpg 272w\" sizes=\"auto, (max-width: 500px) 100vw, 500px\" \/><\/p>\n<p class=\"x_DidefaultA\" align=\"center\"><b><span lang=\"DE\">MAI SENZA<\/span><\/b><b>\u2026 SMEMO!<\/b><\/p>\n<p class=\"x_DidefaultA\" align=\"center\"><b>Un\u2019edizione dedicata a tutto ci\u00f2 di cui non possiamo proprio fare a meno:<\/b><\/p>\n<p class=\"x_DidefaultA\" align=\"center\"><b>storie, musica e disegni che passano dalla carta allo smartphone<\/b><\/p>\n<p class=\"x_DidefaultA\" align=\"center\"><b>con contenuti extra su Whatsapp e una collaborazione speciale con Spotify!<\/b><\/p>\n<p class=\"x_DidefaultA\" align=\"center\"><b>Senza dimenticare l\u2019ambiente e i 160.000 alberi piantati da Smemoranda!<\/b><\/p>\n<p class=\"x_DidefaultA\" align=\"center\"><img loading=\"lazy\" decoding=\"async\" class=\"alignleft size-large wp-image-71945\" src=\"http:\/\/www.gdapress.it\/it\/..\/public\/it\/2019\/07\/matite_DSC_8099-500x334.jpg\" alt=\"\" width=\"500\" height=\"334\" srcset=\"https:\/\/www.gdapress.it\/it\/..\/public\/it\/2019\/07\/matite_DSC_8099-500x334.jpg 500w, https:\/\/www.gdapress.it\/it\/..\/public\/it\/2019\/07\/matite_DSC_8099-300x200.jpg 300w, https:\/\/www.gdapress.it\/it\/..\/public\/it\/2019\/07\/matite_DSC_8099-768x513.jpg 768w, https:\/\/www.gdapress.it\/it\/..\/public\/it\/2019\/07\/matite_DSC_8099-720x480.jpg 720w, https:\/\/www.gdapress.it\/it\/..\/public\/it\/2019\/07\/matite_DSC_8099-272x182.jpg 272w\" sizes=\"auto, (max-width: 500px) 100vw, 500px\" \/><\/p>\n<p class=\"x_DidefaultA\" align=\"center\"><b><i><u>Con la partecipazione di Antonio Albanese, Amalgama, Enrico Bertolino, Claudio Bisio, Charlie Charles, Boomdabash, Lorenzo Jovanotti Cherubini, Anna Danesi, Don Luigi Ciotti, Andrea Dovizioso, Paola Egonu, Ernia, Sfera Ebbasta, Finley, Gazzelle, Fabio Geda, Ghali, Lorenza Ghinelli, Valentina Giacinti, GionnyScandal, iPantellas, Emis Killa, Luciano Ligabue, Nicoletta Manni, Lautaro Martinez, Luna Melis, Mika, Rkomi, Federico Russo, Cecilia Salvai, Roberto Saviano, Gino Strada, Filippo Tortu, Licia Troisi, Bebe Vio<\/u><\/i><\/b><\/p>\n<p class=\"x_DidefaultA\" align=\"center\"><i><img loading=\"lazy\" decoding=\"async\" class=\"alignleft size-large wp-image-71946\" src=\"http:\/\/www.gdapress.it\/it\/..\/public\/it\/2019\/07\/patch_DSC_8094-500x334.jpg\" alt=\"\" width=\"500\" height=\"334\" srcset=\"https:\/\/www.gdapress.it\/it\/..\/public\/it\/2019\/07\/patch_DSC_8094-500x334.jpg 500w, https:\/\/www.gdapress.it\/it\/..\/public\/it\/2019\/07\/patch_DSC_8094-300x200.jpg 300w, https:\/\/www.gdapress.it\/it\/..\/public\/it\/2019\/07\/patch_DSC_8094-768x513.jpg 768w, https:\/\/www.gdapress.it\/it\/..\/public\/it\/2019\/07\/patch_DSC_8094-720x480.jpg 720w, https:\/\/www.gdapress.it\/it\/..\/public\/it\/2019\/07\/patch_DSC_8094-272x182.jpg 272w\" sizes=\"auto, (max-width: 500px) 100vw, 500px\" \/>\u00a0<\/i><\/p>\n<p class=\"x_DidefaultA\">Quest\u2019anno quello impresso sulla copertina della nuova edizione di Smemoranda \u00e8 un numero importante, di quelli che rimangono ben impressi nella memoria: un 2020 rotondo, perfetto, quasi fantascientifico. Un numero che sembra arrivare direttamente dal\u2026 futuro! Cos\u00ec, in vista dell\u2019atteso traguardo, il tema della nuova Smemo \u00e8 stato pensato per contenere un\u2019infinit\u00e0 di passioni e dettagli quotidiani, ma anche tutte le ispirazioni del futuro che verr<span lang=\"FR\">\u00e0<\/span>.<\/p>\n<p class=\"x_DidefaultA\">Il titolo su cui si sono sbizzarriti i tantissimi collaboratori della nuova Smemo infatti \u00e8\u00a0<b>\u201c<i>Mai senza<\/i>\u201d<\/b>. Mai senza un amore, un\u2019amicizia, una passione. Una poesia, come quella composta per l\u2019occasione da\u00a0<b>Gino&amp;Michele<\/b>, un backup come nel caso di\u00a0<b><span lang=\"FR\">Licia Troisi<\/span><\/b>\u00a0e\u00a0<b>Claudio Bisio<\/b>\u00a0che ne hanno da raccontare sul salvataggio dei loro \u201cfile\u201d. Mai senza la moto per\u00a0<b>Dovizioso<\/b>, la musica per\u00a0<b><span lang=\"ES-TRAD\">Luna Melis, Emis Killa<\/span><\/b>\u00a0e\u00a0<b><span lang=\"FR\">Charlie Charles<\/span><\/b>, e chi pi\u00f9 ne ha pi\u00f9 ne metta! E poi Smemo \u00e8 anche (anzi soprattutto!)\u00a0<i>Mai senza<\/i>\u00a0quei valori fondamentali come l\u2019amicizia, la solidariet<span lang=\"FR\">\u00e0<\/span>, l\u2019ecologia e il rispetto per il posto in cui viviamo e le persone con cui stiamo.\u00a0<i>Mai senza<\/i>\u00a0le utopie che sanno cambiare il mondo, come quelle di\u00a0<b>Gino Strada<\/b>,\u00a0<i>Mai senza<\/i><span lang=\"FR\">\u00a0libert\u00e0<\/span>, come scrive\u00a0<b>Roberto Saviano<\/b>.\u00a0<i>Mai senza<\/i>\u00a0\u00e8 anche una parola di incoraggiamento per gli altri, come suggerisce la campionessa\u00a0<b>Bebe Vio.\u00a0<\/b>E ancora:\u00a0<i><span lang=\"FR\">Mai<\/span><\/i>\u00a0attraversare la vita<i>senza<\/i>\u00a0cercare di fare la differenza, come raccomanda\u00a0<b><span lang=\"NL\">Fabio Geda<\/span><\/b>. E\u00a0<i>Mai senza<\/i>\u00a0il desiderio, che \u00e8 il motore di ogni cosa, come racconta\u00a0<b>Mika:\u00a0<\/b>non puoi toccarlo, n<span lang=\"FR\">\u00e9\u00a0<\/span>mangiarlo, ma senza di lui si perde la voglia di vivere.<b>\u00a0<\/b><span class=\"x_Hyperlink5\">E poi,\u00a0<\/span><i>Mai senza<\/i><span class=\"x_Hyperlink5\">\u00a0un gatto social, la new entry\u00a0<\/span><b>GattodiM@#\u00a3\u00a0<\/b><span class=\"x_Hyperlink5\">che risponder\u00e0 con cinismo felino ai tuoi dubbi esistenziali con l\u2019indirizzo\u00a0<\/span><a href=\"mailto:gattodim@smemoranda.it\" target=\"_blank\" rel=\"noopener noreferrer\" data-auth=\"NotApplicable\"><span class=\"x_Hyperlink0\">gattodim@smemoranda.it<\/span><\/a><span class=\"x_Hyperlink5\">;<\/span><span class=\"x_Nessuno\"><b>\u00a0le sue avventure partono dal diario e continueranno sul web nel corso dell\u2019anno scolastico.<\/b><\/span><\/p>\n<p class=\"x_DidefaultA\"><span class=\"x_Nessuno\">Insomma, i\u00a0<b>direttori del diario Nico Colonna e Gino&amp;Michele\u00a0<\/b>hanno dato carta bianca ad\u00a0<b>autori, sportivi, cantanti, artisti, scrittori<\/b>\u00a0perch<\/span><span class=\"x_Nessuno\"><span lang=\"FR\">\u00e9\u00a0<\/span><\/span><span class=\"x_Nessuno\">potessero raccontare le loro storie, quelle senza cui non possiamo pi\u00f9 stare senza. E anche quest\u2019anno, ne abbiamo viste delle belle! E ne vedremo delle belle sui diari di chi, senza Smemoranda, non pu\u00f2 proprio stare.<\/span><\/p>\n<p align=\"center\"><img loading=\"lazy\" decoding=\"async\" class=\"alignleft size-large wp-image-71947\" src=\"http:\/\/www.gdapress.it\/it\/..\/public\/it\/2019\/07\/sfumate_DSC_8102-500x334.jpg\" alt=\"\" width=\"500\" height=\"334\" srcset=\"https:\/\/www.gdapress.it\/it\/..\/public\/it\/2019\/07\/sfumate_DSC_8102-500x334.jpg 500w, https:\/\/www.gdapress.it\/it\/..\/public\/it\/2019\/07\/sfumate_DSC_8102-300x200.jpg 300w, https:\/\/www.gdapress.it\/it\/..\/public\/it\/2019\/07\/sfumate_DSC_8102-768x513.jpg 768w, https:\/\/www.gdapress.it\/it\/..\/public\/it\/2019\/07\/sfumate_DSC_8102-720x480.jpg 720w, https:\/\/www.gdapress.it\/it\/..\/public\/it\/2019\/07\/sfumate_DSC_8102-272x182.jpg 272w\" sizes=\"auto, (max-width: 500px) 100vw, 500px\" \/><\/p>\n<p class=\"x_DidefaultA\" align=\"center\"><span class=\"x_Nessuno\"><b>2020: SMEMO SPECIAL!<\/b><\/span><span class=\"x_Nessuno\"><b>\u00a0<\/b><\/span><\/p>\n<p class=\"x_DidefaultA\"><span class=\"x_Nessuno\">Smemo \u00e8 anche\u00a0<i>Mai senza<\/i>\u00a0attenzione a tutto quel che ci succede intorno, quest\u2019anno le\u00a0<b>SPECIAL EDITION<\/b>\u00a0seguono i trend del momento.<\/span><\/p>\n<p class=\"x_DidefaultA\"><span class=\"x_Nessuno\">La prima \u00e8 ispirata alla moda delle\u00a0<\/span><span class=\"x_Nessuno\"><b><span lang=\"DE\">PATCH<\/span><\/b><\/span><span class=\"x_Nessuno\"><span lang=\"DE\">\u00a0<\/span><\/span><span class=\"x_Nessuno\">in voga negli anni \u201980, tornata alla ribalta grazie alle applicazioni su jeans, giubbotti e accessori. Insomma, la Smemo si trasforma nel paio di jeans preferito grazie a una copertina a effetto denim con sopra una patch removibile da staccare e attaccare e riutilizzare anche su altre superfici. Le patch in ecopelle hanno due diverse ispirazioni: \u201c<\/span><span class=\"x_Nessuno\"><span lang=\"DE\">Don<\/span><\/span><span class=\"x_Nessuno\">\u2019t panic!\u201d, per i momenti difficili a scuola, e \u201cYou make me so happy\u201d, che riprende il lettering dei tatuaggi \u201cold school\u201d e che ci fa impazzire d\u2019amore (o di amicizia).<\/span><\/p>\n<p class=\"x_DidefaultA\"><span class=\"x_Nessuno\">La seconda special edition, invece, \u00e8 fatta per\u00a0<\/span><span class=\"x_Nessuno\"><b><span lang=\"DE\">LASCIARE IL SEGNO<\/span><\/b><\/span><span class=\"x_Nessuno\"><span lang=\"DE\">\u00a0<\/span><\/span><span class=\"x_Nessuno\">con le matite Smemo e una copertina, declinata in due colori, che \u00e8 anche \u201cportamatite\u201d. Questa edizione speciale ha un elastico (lo puoi riutilizzare come vuoi!) che fa la differenza perch<\/span><span class=\"x_Nessuno\"><span lang=\"FR\">\u00e9\u00a0<\/span><\/span><span class=\"x_Nessuno\">contiene tre matite Bic in grafite di resina sintetica realizzate con materiale riciclato e con sopra messaggi divertenti. La personalizzazione all-over divide la matita in due, con messaggi opposti: a seconda di quello che si vuole comunicare si pu\u00f2 decidere quale parte\u2026 temperare e usare! L\u2019importante \u00e8 lasciare il segno e dichiarare il proprio status, come si fa sui social media.<\/span><\/p>\n<p class=\"x_DidefaultA\"><span class=\"x_Nessuno\">La terza Smemo Special \u00e8 pensata per\u00a0<\/span><span class=\"x_Nessuno\"><b><span lang=\"DE\">FARE TENDENZA<\/span><\/b><\/span><span class=\"x_Nessuno\">\u2026 con le sfumature: una lavorazione ad effetto, un mix di colori sfumati che colloca la nostra Smemo a fianco di altri prodotti iconici, ma con qualcosa in pi\u00f9&#8230; un messaggio grintoso e che crea appartenenza:\u00a0<i>Girl Gang<\/i>. In un momento in cui il trend \u201cgirl power\u201d \u00e8 sempre pi\u00f9 presente e appassionato, questa copertina ne rappresenta in pieno il mood: deciso ma senza perdere freschezza e colore. Il risultato sono quattro diverse sfumature impreziosite da scritte metallizzate e cangianti e un elastico di chiusura a contrasto.<\/span><\/p>\n<p class=\"x_DidefaultA\" align=\"center\"><span class=\"x_Nessuno\"><b>SMEMO INSIDE!<\/b><\/span><span class=\"x_Nessuno\"><b>\u00a0<\/b><\/span><\/p>\n<p class=\"x_DidefaultA\"><span class=\"x_Nessuno\"><b>Hanno scritto Smemoranda 2020:<\/b><\/span><\/p>\n<p class=\"x_DidefaultA\"><span class=\"x_Nessuno\">Antonio Albanese, Amalgama, Enrico Bertolino, Claudio Bisio, Charlie Charles, Boomdabash, Lorenzo Jovanotti Cherubini, Anna Danesi, Don Luigi Ciotti, Andrea Dovizioso, Paola Egonu, Ernia, Sfera Ebbasta, Finley, Gazzelle, Fabio Geda, Ghali, Lorenza Ghinelli, Valentina Giacinti, GionnyScandal,\u00a0 iPantellas, Emis Killa, Luciano Ligabue, Nicoletta Manni, Lautaro Martinez, Luna Melis, Mika, Rkomi, Federico Russo, Cecilia Salvai, Roberto Saviano, Gino Strada, Filippo Tortu, Licia Troisi, Bebe Vio.<\/span><\/p>\n<p class=\"x_DidefaultA\"><span class=\"x_Nessuno\"><b>Hanno disegnato per Smemoranda 2020:<\/b><\/span><\/p>\n<p class=\"x_DidefaultA\"><span class=\"x_Nessuno\">Altan, Andersen, Bertolotti e De Pirro, Caviglia, Coletto, Corradi, Creanza, Daw, De Donno, Deco, De Donno, Ghetti, Guarnaccia, Laurina Paperina, Lise e Talami, Lunari, Maicol &amp; Mirco, Marilungo, Menetti, Migneco e Amlo, Natangelo, Persichetti Bros, Tuono Pettinato.\u00a0\u00a0\u00a0\u00a0 \u00a0\u00a0\u00a0\u00a0\u00a0\u00a0\u00a0\u00a0\u00a0\u00a0\u00a0\u00a0\u00a0\u00a0\u00a0\u00a0\u00a0\u00a0\u00a0\u00a0\u00a0\u00a0\u00a0\u00a0\u00a0\u00a0\u00a0\u00a0\u00a0\u00a0\u00a0\u00a0\u00a0\u00a0\u00a0\u00a0\u00a0\u00a0\u00a0\u00a0\u00a0\u00a0\u00a0\u00a0<\/span><\/p>\n<p class=\"x_DidefaultA\"><span class=\"x_Nessuno\"><b>\u00a0<\/b><\/span><span class=\"x_Nessuno\">\u00a0<\/span><\/p>\n<p class=\"x_DidefaultA\" align=\"center\"><span class=\"x_Nessuno\"><b><span lang=\"DE\">SMEMO DA SCRIVERE, STRAPPARE, ATTACCARE!<\/span><\/b><\/span><\/p>\n<p class=\"x_DidefaultA\"><span class=\"x_Nessuno\">\u00a0<\/span><span class=\"x_Hyperlink5\">Anche quest\u2019anno dentro la Smemo ci sono un mucchio di cose per rendere pi\u00f9 divertente ogni giorno di scuola. L\u2019immancabile\u00a0<\/span><span class=\"x_Nessuno\"><b>oroscopo<\/b><\/span><span class=\"x_Hyperlink5\">\u00a0cinico e romantico di\u00a0<\/span><span class=\"x_Nessuno\"><b>Giovanna Donini<\/b><\/span><span class=\"x_Hyperlink5\">\u00a0&#8211; alias Giodo &#8211; con\u00a0<\/span><span class=\"x_Nessuno\"><b>disegni di Tuono Pettinato.<\/b><\/span><span class=\"x_Hyperlink5\">\u00a0E ancora le\u00a0<\/span><span class=\"x_Nessuno\"><b>Strip<\/b><\/span><span class=\"x_Hyperlink5\">\u00a0dei disegnatori pi\u00f9 amati, le\u00a0<\/span><span class=\"x_Nessuno\"><b>citazioni,<\/b><\/span><span class=\"x_Nessuno\"><span lang=\"FR\">\u00a0le<\/span><\/span><span class=\"x_Hyperlink5\">\u00a0<\/span><span class=\"x_Nessuno\"><b>migliori battute<\/b><\/span><span class=\"x_Hyperlink5\">\u00a0d&#8217;autore o pescate in rete. E poi i\u00a0<\/span><span class=\"x_Nessuno\"><b>bigliettini a strappo<\/b><\/span><span class=\"x_Hyperlink5\">, il\u00a0<\/span><span class=\"x_Nessuno\"><b>countdown<\/b><\/span><span class=\"x_Hyperlink5\">\u00a0per sapere quanto manca alla fine della scuola, gli<\/span><span class=\"x_Nessuno\"><b>\u00a0adesivi\u00a0<\/b><\/span><span class=\"x_Hyperlink5\">e, ovviamente, tantissime\u00a0<\/span><span class=\"x_Nessuno\"><b>pagine libere<\/b><\/span><span class=\"x_Hyperlink5\">\u00a0per appunti, pensieri e per annotarci sopra i propri\u00a0<\/span><span class=\"x_Nessuno\"><i>Mai senza<\/i><\/span><span class=\"x_Hyperlink5\">! Non potevano mancare i giochi e i rompicapi, tra cui due pagine di quiz realizzati in collaborazione con\u00a0<\/span><span class=\"x_Nessuno\"><b>Redooc.com, la piattaforma\u00a0<\/b><\/span><span class=\"x_Nessuno\">di didattica digitale che offre un\u00a0<b>servizio di ripetizioni online innovativo, dalla Primaria all\u2019Universit\u00e0<\/b>. E per chi ha la Smemo, Redooc mette a disposizione un mese gratuito di accesso al Tutor digitale all\u2019indirizzo<\/span><a href=\"http:\/\/www.redooc.com\/smemo\" target=\"_blank\" rel=\"noopener noreferrer\" data-auth=\"NotApplicable\">www.redooc.com\/smemo<\/a><span class=\"x_Nessuno\">.<\/span><span class=\"x_Nessuno\"><b>\u00a0<\/b><\/span><\/p>\n<p class=\"x_DidefaultA\" align=\"center\"><span class=\"x_Nessuno\"><b>SMEMO DA DIGITARE!<\/b><\/span><\/p>\n<p class=\"x_DidefaultA\"><span class=\"x_Nessuno\"><i>\u00a0<\/i><\/span><span class=\"x_Nessuno\"><i>#maisenza\u00a0<\/i><\/span><span class=\"x_Hyperlink3\"><span lang=\"PT\">carta,<\/span><\/span><span class=\"x_Nessuno\"><i>\u00a0#maisenza<\/i><\/span><span class=\"x_Hyperlink5\">\u00a0web!\u00a0<\/span><\/p>\n<p class=\"x_DidefaultA\"><span class=\"x_Nessuno\">S\u00ec, perch<\/span><span class=\"x_Nessuno\"><span lang=\"FR\">\u00e9\u00a0<\/span><\/span><span class=\"x_Nessuno\">Smemoranda continua sul tuo smartphone.\u00a0<b>Basta seguire le istruzioni sul diario e scrivere al numero WhatsApp ufficiale di Smemoranda (<\/b>3483989626) in occasione delle<b>\u00a0ricorrenze speciali\u00a0<\/b>e delle<b>\u00a0Giornate Mondiali pi\u00f9 strampalate selezionate dalla redazione. Riceverai contenuti esclusivi firmati da Alberto<\/b>\u00a0<b>Corradi\u00a0<\/b>e\u00a0<b>Laurina Paperina\u00a0<\/b>da condividere sui tuoi canali social.<\/span><\/p>\n<p class=\"x_DidefaultA\"><span class=\"x_Nessuno\"><i>E mai senza\u2026 musica!<\/i><\/span><span class=\"x_Nessuno\">\u00a0Grande novit<\/span><span class=\"x_Nessuno\"><span lang=\"FR\">\u00e0\u00a0<\/span><\/span><span class=\"x_Nessuno\">di quest\u2019anno:\u00a0<b>Smemo \u00e8 anche su Spotify.\u00a0<\/b>Il profilo del diario sar<\/span><span class=\"x_Nessuno\"><span lang=\"FR\">\u00e0\u00a0<\/span><\/span><span class=\"x_Nessuno\">aggiornato nel corso dell\u2019anno con\u00a0<b>playlist a tema selezionate dalla redazione e dai collaboratori<\/b>. Si parte con la\u00a0<b>Playslist Smemo2020: ogni citazione musicale\u00a0<span class=\"markkqbdbow94\" data-markjs=\"true\" data-ogac=\"\" data-ogab=\"\" data-ogsc=\"\" data-ogsb=\"\">stampa<\/span>ta sul diario \u00e8 associata ad uno Spotify code, basta inquadrarlo sullo Smartphone con la app Spotify per ascoltare direttamente il brano!<\/b><\/span><\/p>\n<p class=\"x_DidefaultA\"><span class=\"x_Nessuno\">E poi come sempre c\u2019\u00e8\u00a0<\/span><a href=\"http:\/\/smemranda.it\/\" target=\"_blank\" rel=\"noopener noreferrer\" data-auth=\"NotApplicable\"><span class=\"x_Hyperlink1\">Smemoranda.it<\/span><\/a><span class=\"x_Nessuno\">: il sito pieno di news, video, curiosit<\/span><span class=\"x_Nessuno\"><span lang=\"FR\">\u00e0\u00a0<\/span><\/span><span class=\"x_Nessuno\">e approfondimenti che\u00a0<\/span><span class=\"x_Hyperlink5\">ha inaugurato una nuova coloratissima veste grafica<\/span><span class=\"x_Nessuno\"><b>per essere sempre pi\u00f9 al passo con i suoi utenti<\/b><\/span><span class=\"x_Nessuno\">. Dentro ci sono tante storie da ridere e da pensare, che possono essere discusse,\u00a0<b>commentate e condivise facilmente\u00a0<\/b>s<\/span><span class=\"x_Hyperlink5\">ui social, dove<\/span><span class=\"x_Nessuno\">\u00a0la community che segue la Smemo d<\/span><span class=\"x_Nessuno\"><span lang=\"FR\">\u00e0\u00a0<\/span><\/span><span class=\"x_Nessuno\">decisamente i numeri:\u00a0<b>727 mila Mi piace su Facebook, 15.900 mila follower su Twitter e 44.200 su Instagram<\/b>. E poi le smemo-interviste, le vignette,\u00a0<\/span><span class=\"x_Hyperlink5\">l\u2019oroscopo del mese\u00a0<\/span><span class=\"x_Nessuno\">e tante rubriche per parlare di eventi, news e cose da leggere, guardare, ascoltare, giocare. Il tutto animato dalle\u00a0<b>illustrazioni originali della disegnatrice Laurina Paperina<\/b>.<\/span><\/p>\n<p class=\"x_DidefaultA\"><span class=\"x_Nessuno\">Su Smemoranda.it continuano\u00a0<b>le collaborazioni editoriali con il mondo no profit<\/b>: c&#8217;\u00e8\u00a0<b><i>Gi\u00f9 la Maschera!<\/i><\/b>, blog curato da ragazzi affetti da malattie croniche, contro ogni pregiudizio; ci sono le iniziative dell&#8217;associazione B.Live. E da settembre sar\u00e0 inaugurata anche\u00a0<b>\u201cLa Sfatina sfata pregiudizi\u201d,<\/b>\u00a0la rubrica disegnata dal fumettista\u00a0<b>Maicol &amp; Mirco in collaborazione con la Garante dei diritti dell\u2019infanzia e dell\u2019adolescenza del Comune di Milano<\/b>.<\/span><span class=\"x_Hyperlink5\">Sul portale ci sono anche le storie dei ragazzi che usano la Smemo tutti i giorni:\u00a0<\/span><span class=\"x_Nessuno\">grazie al nuovo<\/span><span class=\"x_Nessuno\"><b><span lang=\"ES-TRAD\">\u00a0pulsante\u00a0<\/span><\/b><\/span><span class=\"x_Nessuno\"><b>\u201cScrivi a Smemo\u201d<\/b><\/span><span class=\"x_Nessuno\">, gli utenti registrati potranno caricare in modo semplice e immediato foto e video, storie e pensieri personali da condividere, oppure suggerire news ed eventi alla community.<\/span><\/p>\n<p class=\"x_DidefaultA\"><span class=\"x_Nessuno\">E per finire, il\u00a0<b>grande archivio di tutte le Smemo,<\/b>\u00a0con migliaia di testi e vignette pubblicati dal \u201879 ad oggi!<\/span><\/p>\n<p class=\"x_DidefaultA\"><span class=\"x_Nessuno\">S<\/span><a href=\"http:\/\/smemoranda.it\/\" target=\"_blank\" rel=\"noopener noreferrer\" data-auth=\"NotApplicable\"><span class=\"x_Hyperlink2\">memoranda.it<\/span><\/a><span class=\"x_Nessuno\"><i>\u00a0\u00e8 una testata giornalistica registrata (Reg. n. 533 del 04\/04\/2005, Direttore Resp. Nico Colonna)<\/i><\/span><span class=\"x_Nessuno\">\u00a0<\/span><\/p>\n<p class=\"x_DidefaultA\" align=\"center\"><span class=\"x_Nessuno\"><b>SMEMO GREEN!<\/b><\/span><span class=\"x_Nessuno\">\u00a0<\/span><\/p>\n<p class=\"x_Didefault\">A<span class=\"x_Nessuno\"><b>nche per il 2020, Smemoranda\u00a0\u00e8\u00a0l\u2019unico diario a Emissioni Zero prodotto al 100% in Italia:<\/b><\/span>\u00a0160 mila alberi, piantati e gestiti dal Consorzio Forestale di Pavia per compensare le emissioni di CO2, sono sempre pi\u00f9\u00a0grandi! Smemo continua a curare e a far crescere i suoi boschi nell\u2019Oltrep\u00f2\u00a0Pavese: li puoi visitare nei comuni di Pavia, Mezzana Bigli, Bastida Pancarana e Monticelli Pavese. Il progetto\u00a0\u00e8 Ecompany by EcoWay (<a href=\"http:\/\/www.ecoway.it\/\" target=\"_blank\" rel=\"noopener noreferrer\" data-auth=\"NotApplicable\"><span class=\"x_Hyperlink4\">www.ecoway.it<\/span><\/a>),t<span class=\"x_Nessuno\">utti i dettagli qui<\/span><a href=\"https:\/\/www.smemoranda.it\/il-bosco-smemoranda-impronta-ecologica\/\" target=\"_blank\" rel=\"noopener noreferrer\" data-auth=\"NotApplicable\"><span class=\"x_Hyperlink6\"><span lang=\"PT\">https:\/\/www.smemoranda.it\/il-bosco-smemoranda-impronta-ecologica\/<\/span><\/span><\/a><\/p>\n<p class=\"x_Didefault\"><span class=\"x_Nessuno\">L\u2019impegno di Smemoranda a sostegno dell\u2019ecologia continua in rete:\u00a0<b>da settembre sar<\/b><\/span><span class=\"x_Nessuno\"><b><span lang=\"FR\">\u00e0\u00a0<\/span><\/b><\/span><span class=\"x_Nessuno\"><b>inaugurata sul portale del diario una rubrica a tema ecologia, con particolare attenzione alla campagna di Greta Thunberg<\/b><\/span><span class=\"x_Nessuno\">, la giovane attivista svedese che sta scuotendo la sensibilit<\/span><span class=\"x_Nessuno\"><span lang=\"FR\">\u00e0\u00a0<\/span><\/span><span class=\"x_Nessuno\">ambientale dei teenager di tutto il mondo.<\/span><\/p>\n<p class=\"x_DidefaultA\" align=\"center\"><span class=\"x_Nessuno\">\u00a0<\/span><\/p>\n<p class=\"x_DidefaultA\" align=\"center\"><span class=\"x_Nessuno\"><b>LE SMEMO 2020<\/b><\/span><span class=\"x_Nessuno\">\u00a0<\/span><\/p>\n<p class=\"x_DidefaultA\" align=\"center\"><span class=\"x_Nessuno\"><b>*\/6 Colori per 10 varianti di copertina<\/b><\/span><\/p>\n<p class=\"x_DidefaultA\" align=\"center\"><span class=\"x_Nessuno\">Grigio metallizzato\u00a0<span class=\"markkqbdbow94\" data-markjs=\"true\" data-ogac=\"\" data-ogab=\"\" data-ogsc=\"\" data-ogsb=\"\">stampa<\/span>to<br \/>\n<\/span><span class=\"x_Nessuno\"><span lang=\"ES-TRAD\">Nero opaco<\/span><\/span><span class=\"x_Nessuno\"><br \/>\nLilla perlescente<br \/>\nBlu metallizzato<br \/>\nAzzurro cielo<br \/>\nMagenta<\/span><\/p>\n<p class=\"x_DidefaultA\" align=\"center\"><span class=\"x_Nessuno\"><b>*\/3 format<\/b><\/span><span class=\"x_Nessuno\">i: S (10&#215;13,6) \u2013 M (11&#215;15) \u2013 L (13&#215;17,7)<\/span><span class=\"x_Nessuno\">\u00a0<\/span><\/p>\n<p class=\"x_DidefaultA\" align=\"center\"><span class=\"x_Nessuno\">*\/<b>3 Special Edition:\u00a0<\/b>disponibili nei formati<\/span><\/p>\n<p class=\"x_DidefaultA\" align=\"center\"><span class=\"x_Nessuno\"><span lang=\"EN-US\">Patch:\u00a0<\/span><\/span><span class=\"x_Hyperlink2\"><span lang=\"EN-US\">\u2013 M (11&#215;15) \u2013 L (13&#215;17,7)<\/span><\/span><\/p>\n<p class=\"x_DidefaultA\" align=\"center\"><span class=\"x_Hyperlink2\"><span lang=\"EN-US\">Sfumate: \u2013 M (11&#215;15) \u2013 L (13&#215;17,7)<\/span><\/span><\/p>\n<p class=\"x_DidefaultA\" align=\"center\"><span class=\"x_Hyperlink2\">Matite: 13X17,7 (L)<\/span><\/p>\n<p class=\"x_DidefaultA\" align=\"center\"><span class=\"x_Nessuno\">*\/<b>Prezzi:<\/b>\u00a015,50 euro; 17,90 euro le\u00a0<i>Special edition<\/i><\/span><\/p>\n<p class=\"x_DidefaultA\" align=\"center\"><a href=\"http:\/\/www.smemoranda.it\/\" target=\"_blank\" rel=\"noopener noreferrer\" data-auth=\"NotApplicable\"><span class=\"x_Hyperlink2\"><span lang=\"EN-US\">www.smemoranda.it<\/span><\/span><\/a><\/p>\n<p class=\"x_DidefaultA\" align=\"center\"><a href=\"https:\/\/www.facebook.com\/smemoranda\" target=\"_blank\" rel=\"noopener noreferrer\" data-auth=\"NotApplicable\"><span class=\"x_Hyperlink2\"><span lang=\"EN-US\">www.facebook.com\/smemoranda<\/span><\/span><\/a><\/p>\n<p class=\"x_DidefaultA\" align=\"center\"><span class=\"x_Nessuno\"><span lang=\"EN-US\">@SmemoOfficial<\/span><\/span><\/p>\n<p class=\"x_DidefaultA\" align=\"center\"><a href=\"http:\/\/www.youtube.com\/user\/smemoofficial\" target=\"_blank\" rel=\"noopener noreferrer\" data-auth=\"NotApplicable\"><span class=\"x_Hyperlink7\"><span lang=\"EN-US\">www.youtube.com\/user\/SmemoOfficial<\/span><\/span><\/a><\/p>\n<p class=\"x_DidefaultA\" align=\"center\"><a href=\"http:\/\/instagram.com\/smemoofficial\" target=\"_blank\" rel=\"noopener noreferrer\" data-auth=\"NotApplicable\"><span class=\"x_Hyperlink7\"><span lang=\"EN-US\">http:\/\/instagram.com\/smemoofficial<\/span><\/span><\/a><\/p>\n<p class=\"x_DidefaultA\" align=\"center\"><span class=\"x_Nessuno\"><span lang=\"EN-US\">WhatsApp: 348-3989626<\/span><\/span><\/p>\n<p class=\"x_DidefaultA\" align=\"center\"><span class=\"x_Nessuno\">Snapchat: Smemochat<\/span><\/p>\n<p class=\"x_DidefaultA\"><span class=\"x_Nessuno\"><b>\u00a0<\/b><\/span><\/p>\n<p class=\"x_DidefaultA\"><span class=\"x_Nessuno\">\u00a0<\/span><\/p>\n<p class=\"x_DidefaultA\"><span class=\"x_Nessuno\">\u00a0<\/span><\/p>\n<p class=\"x_DidefaultA\"><span class=\"x_Nessuno\">\u00a0<\/span><\/p>\n<p class=\"x_DidefaultA\"><span class=\"x_Nessuno\">\u00a0<\/span><\/p>\n<p class=\"x_DidefaultA\"><span class=\"x_Nessuno\"><b>Chi \u00e8 Smemoranda<\/b><\/span><\/p>\n<p class=\"x_DidefaultA\"><span class=\"x_Nessuno\">La Smemo, diretta da Nico Colonna e Gino e Michele, nasce alla fine degli anni Settanta grazie al progetto di un gruppo di giovani milanesi legati al movimento studentesco. Il loro intento: creare una nuova proposta editoriale ai tempi rivoluzionaria senza l\u2019ausilio di uffici marketing e capitali. \u00c8 cos\u00ec che vede la luce la Smemo, l\u2019agenda un po\u2019 libro un po\u2019 diario, lunga 16 mesi, che dal 1979 ha alternato tra le sue pagine &#8211; sempre rigorosamente a quadretti! &#8211; articoli, opinioni, saggi, notizie, poesie, canzoni, quiz, disegni e vignette. Sono oltre 20 milioni gli studenti che dalla prima edizione a oggi l\u2019hanno \u201cconsumata\u201d ogni giorno.<\/span><\/p>\n<p class=\"x_DidefaultA\"><span class=\"x_Nessuno\">\u00a0<\/span><\/p>\n<p class=\"x_DidefaultA\"><span class=\"x_Nessuno\">\u00a0<\/span><\/p>\n","protected":false},"excerpt":{"rendered":"<p>MAI SENZA\u2026 SMEMO! Un\u2019edizione dedicata a tutto ci\u00f2 di cui non possiamo proprio fare a meno: storie, musica e disegni che passano dalla carta allo smartphone con contenuti extra su Whatsapp e una collaborazione speciale con Spotify! Senza dimenticare l\u2019ambiente e i 160.000 alberi piantati da Smemoranda! Con la partecipazione di Antonio Albanese, Amalgama, Enrico &hellip; <a href=\"https:\/\/www.gdapress.it\/it\/index.php\/71943\/design\/mai-senza-smemo.html\" class=\"more-link\">Read more <span class=\"screen-reader-text\">MAI SENZA\u2026 SMEMO!<\/span><\/a><\/p>\n","protected":false},"author":2,"featured_media":71945,"comment_status":"closed","ping_status":"open","sticky":false,"template":"","format":"standard","meta":{"footnotes":""},"categories":[32],"tags":[24920,24921,20028,11222],"class_list":["post-71943","post","type-post","status-publish","format-standard","has-post-thumbnail","hentry","category-design","tag-ginomichele","tag-le-smemo-2020","tag-nico-colonna","tag-smemoranda"],"_links":{"self":[{"href":"https:\/\/www.gdapress.it\/it\/index.php\/wp-json\/wp\/v2\/posts\/71943","targetHints":{"allow":["GET"]}}],"collection":[{"href":"https:\/\/www.gdapress.it\/it\/index.php\/wp-json\/wp\/v2\/posts"}],"about":[{"href":"https:\/\/www.gdapress.it\/it\/index.php\/wp-json\/wp\/v2\/types\/post"}],"author":[{"embeddable":true,"href":"https:\/\/www.gdapress.it\/it\/index.php\/wp-json\/wp\/v2\/users\/2"}],"replies":[{"embeddable":true,"href":"https:\/\/www.gdapress.it\/it\/index.php\/wp-json\/wp\/v2\/comments?post=71943"}],"version-history":[{"count":1,"href":"https:\/\/www.gdapress.it\/it\/index.php\/wp-json\/wp\/v2\/posts\/71943\/revisions"}],"predecessor-version":[{"id":71948,"href":"https:\/\/www.gdapress.it\/it\/index.php\/wp-json\/wp\/v2\/posts\/71943\/revisions\/71948"}],"wp:featuredmedia":[{"embeddable":true,"href":"https:\/\/www.gdapress.it\/it\/index.php\/wp-json\/wp\/v2\/media\/71945"}],"wp:attachment":[{"href":"https:\/\/www.gdapress.it\/it\/index.php\/wp-json\/wp\/v2\/media?parent=71943"}],"wp:term":[{"taxonomy":"category","embeddable":true,"href":"https:\/\/www.gdapress.it\/it\/index.php\/wp-json\/wp\/v2\/categories?post=71943"},{"taxonomy":"post_tag","embeddable":true,"href":"https:\/\/www.gdapress.it\/it\/index.php\/wp-json\/wp\/v2\/tags?post=71943"}],"curies":[{"name":"wp","href":"https:\/\/api.w.org\/{rel}","templated":true}]}}