
{"id":71750,"date":"2019-05-29T01:37:01","date_gmt":"2019-05-28T23:37:01","guid":{"rendered":"http:\/\/www.gdapress.it\/it\/?p=71750"},"modified":"2019-07-09T01:41:07","modified_gmt":"2019-07-08T23:41:07","slug":"skira-ettore-modigliani-memorie","status":"publish","type":"post","link":"https:\/\/www.gdapress.it\/it\/index.php\/71750\/libri\/skira-ettore-modigliani-memorie.html","title":{"rendered":"SKIRA Ettore Modigliani Memorie"},"content":{"rendered":"<p><img loading=\"lazy\" decoding=\"async\" class=\"alignleft size-large wp-image-71751\" src=\"http:\/\/www.gdapress.it\/it\/..\/public\/it\/2019\/07\/Modigliani-Ettore-281x400.jpg\" alt=\"\" width=\"281\" height=\"400\" srcset=\"https:\/\/www.gdapress.it\/it\/..\/public\/it\/2019\/07\/Modigliani-Ettore-281x400.jpg 281w, https:\/\/www.gdapress.it\/it\/..\/public\/it\/2019\/07\/Modigliani-Ettore-211x300.jpg 211w, https:\/\/www.gdapress.it\/it\/..\/public\/it\/2019\/07\/Modigliani-Ettore-768x1094.jpg 768w, https:\/\/www.gdapress.it\/it\/..\/public\/it\/2019\/07\/Modigliani-Ettore.jpg 1741w\" sizes=\"auto, (max-width: 281px) 100vw, 281px\" \/><\/p>\n<p>Ettore Modigliani<br \/>\nMemorie<br \/>\nLa vita movimentata di un grande<br \/>\nsoprintendente di Brera<br \/>\na cura di Marco Carminati<br \/>\ncon un saggio introduttivo di James M. Bradburne<br \/>\nLe Memorie di Ettore Modigliani (1873-1947), sino a oggi<br \/>\ninedite, rappresentano un\u2019eccezionale testimonianza di una<br \/>\nvita davvero \u201cmovimentata\u201d, intensa e a tratti autenticamente<br \/>\navventurosa, che venne interamente spesa al servizio<br \/>\ndel patrimonio artistico italiano<\/p>\n<p>Direttore della Pinacoteca di Brera dal 1908 al 1935, soprintendente<br \/>\ndella Lombardia dal 1910 al 1935 e organizzatore della mostra pi\u00f9 importante mai realizzata sull\u2019arte antica italiana (che si tenne a Londra nel<br \/>\n1930), Ettore Modigliani ha avuto il privilegio (ma anche il peso) di<br \/>\nattraversare tutta la prima parte del Novecento vivendo esaltanti momenti professionali, come l\u2019esposizione a Brera della Gioconda di Leonardo<br \/>\nda Vinci (1913), il recupero delle opere d\u2019arte trafugate dall\u2019Austria<br \/>\nall\u2019Italia (1920), il grande riordino della Pinacoteca Braidense (1925) e<br \/>\nla fondazione dell\u2019Associazione degli Amici di Brera (1926). Lo stesso<br \/>\nModigliani, per\u00f2, fu costretto a subire cocenti umiliazioni, come l\u2019allontanamento forzato dalla sua amatissima Brera nel 1935 e il trasferimento<br \/>\na L\u2019Aquila (a seguito di uno scontro frontale con il potente \u201cquadrumviro\u201d fascista Cesare Maria De Vecchi), e come la vergognosa espulsione<br \/>\ndall\u2019amministrazione pubblica (lui cittadino e funzionario modello) per<br \/>\ngli effetti delle infauste leggi razziali del 1938, che lo costrinsero nel 1943<br \/>\na nascondersi tra i monti delle Marche per sopravvivere alle persecuzioni.<br \/>\nModigliani super\u00f2 la catastrofe ed ebbe la soddisfazione di ritornare a<br \/>\nBrera come ispettore incaricato nel 1945. Dotato di una scrittura brillante e coinvolgente, il direttore utilizz\u00f2 i suoi ultimi anni di vita per redigere<br \/>\nquesto libro, che stese per far conoscere che cosa si nasconda dietro una<br \/>\nprofessione ritenuta contemplativa, per \u201csoddisfare la curiosit\u00e0 del prossimo\u201d e per non cadere nell\u2019oblio, dopo essere stato cos\u00ec \u201cferocemente<br \/>\nimbavagliato\u201d. Modigliani termin\u00f2 il racconto delle sue Memorie l\u201911<br \/>\nfebbraio 1946 (giorno del suo reintegro come soprintendente a Brera)<br \/>\ncon un messaggio di grande speranza: Brera \u201c\u00e8 un ammasso di macerie\u201d, \u201ceppure tutti questi beni culturali risorgeranno a gloria della citt\u00e0,<br \/>\ncome prima e migliori di prima. Io ringrazio la sorte di avermi concesso,<br \/>\ninnanzi lo scoccare della mia ora fatale, di essere un operaio di questa<br \/>\nricostruzione. Possano le forze assistermi! Non chiedo altro\u201d. Modigliani<br \/>\nmor\u00ec nel 1947. Sar\u00e0 Fernanda Wittgens, la sua pi\u00f9 fedele e stretta collaboratrice, a portare a compimento il sogno del suo \u201cmentore\u201d: nel 1950<br \/>\nBrera riaprir\u00e0, pi\u00f9 bella e pi\u00f9 viva di prima.<\/p>\n<p>2019, 15 x 21 cm<br \/>\n320 pagine, 21 b\/n, brossura<br \/>\nISBN 978-88-572-4086-2<br \/>\n25,00<\/p>\n","protected":false},"excerpt":{"rendered":"<p>Ettore Modigliani Memorie La vita movimentata di un grande soprintendente di Brera a cura di Marco Carminati con un saggio introduttivo di James M. Bradburne Le Memorie di Ettore Modigliani (1873-1947), sino a oggi inedite, rappresentano un\u2019eccezionale testimonianza di una vita davvero \u201cmovimentata\u201d, intensa e a tratti autenticamente avventurosa, che venne interamente spesa al servizio &hellip; <a href=\"https:\/\/www.gdapress.it\/it\/index.php\/71750\/libri\/skira-ettore-modigliani-memorie.html\" class=\"more-link\">Read more <span class=\"screen-reader-text\">SKIRA Ettore Modigliani Memorie<\/span><\/a><\/p>\n","protected":false},"author":2,"featured_media":71751,"comment_status":"closed","ping_status":"open","sticky":false,"template":"","format":"standard","meta":{"footnotes":""},"categories":[6],"tags":[551,24832,24834,24833,23],"class_list":["post-71750","post","type-post","status-publish","format-standard","has-post-thumbnail","hentry","category-libri","tag-brera","tag-ettore-modigliani","tag-james-m-bradburne","tag-marco-carminati","tag-skira"],"_links":{"self":[{"href":"https:\/\/www.gdapress.it\/it\/index.php\/wp-json\/wp\/v2\/posts\/71750","targetHints":{"allow":["GET"]}}],"collection":[{"href":"https:\/\/www.gdapress.it\/it\/index.php\/wp-json\/wp\/v2\/posts"}],"about":[{"href":"https:\/\/www.gdapress.it\/it\/index.php\/wp-json\/wp\/v2\/types\/post"}],"author":[{"embeddable":true,"href":"https:\/\/www.gdapress.it\/it\/index.php\/wp-json\/wp\/v2\/users\/2"}],"replies":[{"embeddable":true,"href":"https:\/\/www.gdapress.it\/it\/index.php\/wp-json\/wp\/v2\/comments?post=71750"}],"version-history":[{"count":1,"href":"https:\/\/www.gdapress.it\/it\/index.php\/wp-json\/wp\/v2\/posts\/71750\/revisions"}],"predecessor-version":[{"id":71752,"href":"https:\/\/www.gdapress.it\/it\/index.php\/wp-json\/wp\/v2\/posts\/71750\/revisions\/71752"}],"wp:featuredmedia":[{"embeddable":true,"href":"https:\/\/www.gdapress.it\/it\/index.php\/wp-json\/wp\/v2\/media\/71751"}],"wp:attachment":[{"href":"https:\/\/www.gdapress.it\/it\/index.php\/wp-json\/wp\/v2\/media?parent=71750"}],"wp:term":[{"taxonomy":"category","embeddable":true,"href":"https:\/\/www.gdapress.it\/it\/index.php\/wp-json\/wp\/v2\/categories?post=71750"},{"taxonomy":"post_tag","embeddable":true,"href":"https:\/\/www.gdapress.it\/it\/index.php\/wp-json\/wp\/v2\/tags?post=71750"}],"curies":[{"name":"wp","href":"https:\/\/api.w.org\/{rel}","templated":true}]}}