
{"id":71508,"date":"2019-06-18T08:00:35","date_gmt":"2019-06-18T06:00:35","guid":{"rendered":"http:\/\/www.gdapress.it\/it\/?p=71508"},"modified":"2019-06-18T09:47:49","modified_gmt":"2019-06-18T07:47:49","slug":"accademia-ucraina-di-balletto-e-daf-dance-arts-faculty","status":"publish","type":"post","link":"https:\/\/www.gdapress.it\/it\/index.php\/71508\/spettacoli\/accademia-ucraina-di-balletto-e-daf-dance-arts-faculty.html","title":{"rendered":"ACCADEMIA\u00a0UCRAINA\u00a0DI BALLETTO  e  DAF Dance Arts Faculty"},"content":{"rendered":"<blockquote>\n<div dir=\"ltr\">\n<div dir=\"ltr\">\n<div class=\"x_x_gmail_quote\">\n<div dir=\"ltr\">\n<div dir=\"ltr\">\n<div class=\"x_x_gmail_quote\">\n<div dir=\"ltr\">\n<div class=\"x_x_gmail_quote\">\n<div dir=\"ltr\">\n<p align=\"center\"><img loading=\"lazy\" decoding=\"async\" class=\"alignleft size-large wp-image-71509\" src=\"http:\/\/www.gdapress.it\/it\/..\/public\/it\/2019\/06\/download-16-400x400.png\" alt=\"\" width=\"400\" height=\"400\" srcset=\"https:\/\/www.gdapress.it\/it\/..\/public\/it\/2019\/06\/download-16-400x400.png 400w, https:\/\/www.gdapress.it\/it\/..\/public\/it\/2019\/06\/download-16-150x150.png 150w, https:\/\/www.gdapress.it\/it\/..\/public\/it\/2019\/06\/download-16-300x300.png 300w, https:\/\/www.gdapress.it\/it\/..\/public\/it\/2019\/06\/download-16-768x768.png 768w, https:\/\/www.gdapress.it\/it\/..\/public\/it\/2019\/06\/download-16.png 1280w\" sizes=\"auto, (max-width: 400px) 100vw, 400px\" \/><\/p>\n<p class=\"x_x_MsoNormal\" align=\"center\"><b>ACCADEMIA\u00a0<span class=\"mark0pr9pd3dy\" data-markjs=\"true\" data-ogac=\"\" data-ogab=\"\" data-ogsc=\"\" data-ogsb=\"\">UCRAINA<\/span>\u00a0DI BALLETTO<\/b><\/p>\n<p class=\"x_x_MsoNormal\" align=\"center\"><b>e<\/b><\/p>\n<p class=\"x_x_MsoNormal\" align=\"center\"><b>DAF Dance Arts Faculty<\/b><\/p>\n<p class=\"x_x_MsoNormal\" align=\"center\">annunciano una nuova ed importante collaborazione<\/p>\n<p class=\"x_x_MsoNormal\" align=\"center\"><i>L\u2019asse\u00a0<\/i><span class=\"x_x_m_-8241791398864964004gmail-m_-7350176003677269344m_-7550898711328495236gmail-Titolo1Carattere\">Milano \u2013 Roma<\/span><i>\u00a0per la danza classica e contemporanea<\/i><\/p>\n<p class=\"x_x_MsoNormal\"><b>Accademia\u00a0<span class=\"mark0pr9pd3dy\" data-markjs=\"true\" data-ogac=\"\" data-ogab=\"\" data-ogsc=\"\" data-ogsb=\"\">Ucraina<\/span>\u00a0di Balletto<\/b>, di Milano, diretta da\u00a0<b>Caterina Calvino Prina<\/b>, e\u00a0<b>DAF Dance Arts Faculty<\/b>, &#8220;centro internazionale per la formazione ed il perfezionamento professionale della danza&#8221;, di Roma, diretto da\u00a0<b>Mauro Astolfi<\/b>,\u00a0\u00a0due tra le eccellenze della formazione coreutica italiana,<b>annunciano la nascita di un\u2019importante e nuova collaborazione.<\/b><\/p>\n<p class=\"x_x_MsoNormal\">Una sinergia e una volont\u00e0 comune di incentivare sul territorio nuove progettualit\u00e0 tra due realt\u00e0 che hanno stabilito negli anni il pi\u00f9 alto standard per i propri studenti.<\/p>\n<p class=\"x_x_MsoNormal\">Una filosofia comune che pone al centro del programma scelte didattiche e artistiche prive di qualsiasi compromesso in termini di valori e competenze messe in campo.<\/p>\n<p class=\"x_x_MsoNormal\">Un nuovo asse Roma-Milano che andr\u00e0 ad arricchire le possibilit\u00e0, gli scambi e progetti tra due realt\u00e0 riconosciute come due esempi per la migliore espressione dello studio della danza professionale in ambito nazionale ed internazionale.<\/p>\n<p class=\"x_x_MsoNormal\">\u201cL\u2019Accademia\u00a0<span class=\"mark0pr9pd3dy\" data-markjs=\"true\" data-ogac=\"\" data-ogab=\"\" data-ogsc=\"\" data-ogsb=\"\">Ucraina<\/span>\u00a0di Balletto, con questa collaborazione, arricchisce la sua proposta formativa con il contemporaneo, \u2013 dice Caterina Calvino Prina \u2013 senza perdere comunque il focus sulla danza classica di repertorio e con la metodica Vaganova. Il monte ore di classica non verr\u00e0 diminuito, ma verranno aggiunte ore di contemporaneo alla preparazione\u201d.<\/p>\n<p class=\"x_x_MsoNormal\"><b>ACCADEMIA\u00a0<span class=\"mark0pr9pd3dy\" data-markjs=\"true\" data-ogac=\"\" data-ogab=\"\" data-ogsc=\"\" data-ogsb=\"\">UCRAINA<\/span>\u00a0DI BALLETTO<\/b><\/p>\n<p class=\"x_x_MsoNormal\">La scuola professionale dell\u2019Accademia\u00a0<span class=\"mark0pr9pd3dy\" data-markjs=\"true\" data-ogac=\"\" data-ogab=\"\" data-ogsc=\"\" data-ogsb=\"\">Ucraina<\/span>\u00a0di Balletto apre la sua sede stabile presso il Teatro delle Erbe di Milano il 23 settembre 2005. Forte di tradizione e prestigio risponde alle esigenze di una formazione professionale di alto livello.<\/p>\n<p class=\"x_x_MsoNormal\">Dall\u2019anno scolastico 2006\/07 parte la collaborazione con un&#8217;Istituzione di prestigio come l&#8217;ISTITUTO delle MARCELLINE, con l\u2019obiettivo di offrire ai propri studenti un ambiente completo per la loro crescita professionale, umana e culturale.<\/p>\n<p class=\"x_x_MsoNormal\">\u201cL\u2019unica accademia professionale in Italia che offre all\u2019interno di un\u2019unica sede lezioni di danza, lezioni scolastiche e convitto\/residenza sia maschile che femminile\u201d.<\/p>\n<p class=\"x_x_MsoNormal\">Le lezioni di danza si tengono nelle sale dell\u2019Istituto di via Quadronno e chi vuole pu\u00f2 frequentare la scuola secondaria di primo grado e il liceo linguistico pomeridiano sia come alunno esterno sia come alunno interno.<\/p>\n<p class=\"x_x_MsoNormal\">E\u2019 indubbio il vantaggio di avere nello stesso edificio la possibilit\u00e0 di frequentare la scuola, le lezioni di danza, nonch\u00e9 di poter usufruire di un internato sia femminile che MASCHILE senza doversi sottoporre a stressanti trasferimenti, soprattutto per chi abita lontano da Milano.<\/p>\n<p class=\"x_x_MsoNormal\">L\u2019Accademia\u00a0<span class=\"mark0pr9pd3dy\" data-markjs=\"true\" data-ogac=\"\" data-ogab=\"\" data-ogsc=\"\" data-ogsb=\"\">Ucraina<\/span>\u00a0di Balletto si propone come la prima scuola professionale in Italia di pura METODICA VAGANOVA, avvalendosi di docenti altamente qualificati, provenienti dai pi\u00f9 importanti teatri dell\u2019ex Unione Sovietica ed Europei, a garanzia dell\u2019applicazione di un metodo la cui validit\u00e0 \u00e8 riconosciuta in tutto il mondo.<\/p>\n<p class=\"x_x_MsoNormal\">Gli spettacoli degli allievi dell\u2019AUB rientrano nella stagione teatrale del famoso Teatro Arcimboldi di Milano dove ogni anno l\u2019Accademia presenta i grandi balletti del repertorio classico ed ospita come Etoile i pi\u00f9 grandi nomi della danza internazionale.<\/p>\n<p class=\"x_x_MsoNormal\">Gli allievi pi\u00f9 talentuosi sono presentati a competizioni internazionali prestigiose come il \u201cPRIX DE LAUSANNE\u201d, lo \u201cYOUTH AMERICAN GRAND PRIX\u201d, VAGANOVA PRIX\u201d ecc.<\/p>\n<p class=\"x_x_MsoNormal\">L\u2019Accademia al termine degli studi, oltre ad indirizzare i ragazzi alle compagnie internazionali pi\u00f9 idonee, offre ai pi\u00f9 meritevoli la possibilit\u00e0 di entrare nella compagnia russa \u201cSt.Petersburg Classical Ballet of Andrey Batalov\u201d oppure nelle produzioni in Italia del \u201cBalletto Ucraino\u201d, compagnia residente dell\u2019 EcoTeatro\u00a0\u00a0(ex Teatro di Milano).<\/p>\n<p class=\"x_x_MsoNormal\">Direttrice AUB in Italia \u00e8 Caterina Calvino Prina, mentre il direttore artistico \u00e8 il maestro Egor Scepaciov, ex primo ballerino del teatro dell\u2019Opera di Chisinau.<\/p>\n<p class=\"x_x_MsoNormal\">\n<p class=\"x_x_MsoNormal\">ACCADEMIA\u00a0<span class=\"mark0pr9pd3dy\" data-markjs=\"true\" data-ogac=\"\" data-ogab=\"\" data-ogsc=\"\" data-ogsb=\"\">UCRAINA<\/span>\u00a0DI BALLETTO<\/p>\n<p class=\"x_x_MsoNormal\">VIA QUADRONNO, 15 &#8211; 20122 MILANO \u2013 02.58316396<\/p>\n<p class=\"x_x_MsoNormal\"><a href=\"mailto:segreteria@accademiaucraina.it\" target=\"_blank\" rel=\"noopener noreferrer\" data-auth=\"NotApplicable\">segreteria@accademiaucraina.it<\/a>\u00a0\u2013\u00a0<a href=\"http:\/\/www.accademiaucraina.it\/\" target=\"_blank\" rel=\"noopener noreferrer\" data-auth=\"NotApplicable\">www.accademiaucraina.it<\/a><\/p>\n<p class=\"x_x_MsoNormal\"><b>DAF Dance Arts Faculty centro internazionale per la formazione ed il perfezionamento professionale della danza&#8221;<\/b><\/p>\n<p class=\"x_x_MsoNormal\">E\u2019 un esclusivo centro Internazionale con sede a Roma per l\u2019avviamento e l\u2019aggiornamento professionale nella danza concepito attraverso un progetto europeo, vanta un esclusivo programma didattico innovativo e trasversale che coinvolge alcuni tra gli esponenti pi\u00f9 illustri del panorama ballettistico internazionale, sia in veste di docenti che in quella di fautori di future opportunit\u00e0 lavorative per gli ammessi al progetto.<\/p>\n<p class=\"x_x_MsoNormal\">Il sistema D.A.F. dal 2009 ha ridefinito e riscritto in Italia l\u2019idea di formazione e di perfezionamento per i giovani danzatori, tracciando una strada mai percorsa prima, una finestra e un contatto operativo verso la scena contemporanea internazionale e i network professionali, attualmente un modello riconosciuto ed apprezzato in Europa e nel mondo.<\/p>\n<p class=\"x_x_MsoNormal\">Danzatori da diversi continenti hanno trovato nei nostri programmi una soluzione per una crescita tecnica ed artistica funzionale ad un sistema danza sempre pi\u00f9 attento alla maturit\u00e0 e alla completezza del danzatore.<\/p>\n<p class=\"x_x_MsoNormal\">Solo nei primi 10 anni oltre 100 diversi artisti tra docenti, danzatori, coreografi e direttori si sono alternati all\u2019interno del progetto professionale e a conclusione di ciascun anno accademico una selezione di direttori di Teatri e di compagnie professionali sono chiamati a presiedere una commissione di valutazione dove per 3 giorni consecutivi vengono osservati e selezionati studenti per avviare il passaggio successivo alla vita professionale.<\/p>\n<p class=\"x_x_MsoNormal\">La nascita di questo network di Compagnie collegate in modo costante e attivo al progetto professionale stimola un importante fattore legato ai meccanismi motivazionali e la consapevolezza di una finalizzazione del periodo di studio, fungendo da incubatore di nuove e concrete possibilit\u00e0 lavorative.<\/p>\n<p class=\"x_x_MsoNormal\">I programmi di studio prevedono inoltre, la possibilit\u00e0 per gli studenti di entrare in contatto diretto e di lavorare in sala con i danzatori di Spellbound Contemporary Ballet compagnia residente e un\u2019eccellenza della danza contemporanea Italiana ed internazionale.<\/p>\n<p class=\"x_x_MsoNormal\">Elenco in costante aggiornamento delle compagnie e teatri con i quali \u00e8 avviato un rapporto di selezione diretta degli studenti del progetto professionale, una collaborazione attiva con alcune realt\u00e0 della scena europea create per i nostri studenti per agevolare l&#8217;inizio della loro carriera professionale:<br \/>\n-Spellbound Contemporary Ballet (Italia)<br \/>\n-Malandain Ballet Biarritz (Francia)<br \/>\n-Gaertnerplatztheater (Germania)<br \/>\n-Proartedanza (Canada)<br \/>\n-Thomas Noone Dance (Barcellona)<br \/>\n-Company Chameleon (Inghilterra)<br \/>\n-Teatro di Trier (Germania)<br \/>\n-420people Dance Company (Repubblica Ceca)<\/p>\n<p><b>DAF DANCE ARTS FACULTY<\/b><\/p>\n<p>Centro Internazionale per la Formazione e il Perfezionamento nella Danza<br \/>\nVia Di Pietralata 159\/A 00158 Roma<br \/>\n<a href=\"mailto:info@danceartsfaculty.it\" target=\"_blank\" rel=\"noopener noreferrer\" data-auth=\"NotApplicable\">info@danceartsfaculty.it<\/a><br \/>\nMobile +39 393\/9162871<br \/>\n<a href=\"http:\/\/www.danceartsfaculty.it\/\" target=\"_blank\" rel=\"noopener noreferrer\" data-auth=\"NotApplicable\">www.danceartsfaculty.it<\/a><\/p>\n<p class=\"x_x_MsoNormal\">\n<\/div>\n<\/div>\n<\/div>\n<\/div>\n<\/div>\n<\/div>\n<\/div>\n<\/div>\n<\/div>\n<\/blockquote>\n","protected":false},"excerpt":{"rendered":"<p>ACCADEMIA\u00a0UCRAINA\u00a0DI BALLETTO e DAF Dance Arts Faculty annunciano una nuova ed importante collaborazione L\u2019asse\u00a0Milano \u2013 Roma\u00a0per la danza classica e contemporanea Accademia\u00a0Ucraina\u00a0di Balletto, di Milano, diretta da\u00a0Caterina Calvino Prina, e\u00a0DAF Dance Arts Faculty, &#8220;centro internazionale per la formazione ed il perfezionamento professionale della danza&#8221;, di Roma, diretto da\u00a0Mauro Astolfi,\u00a0\u00a0due tra le eccellenze della formazione coreutica &hellip; <a href=\"https:\/\/www.gdapress.it\/it\/index.php\/71508\/spettacoli\/accademia-ucraina-di-balletto-e-daf-dance-arts-faculty.html\" class=\"more-link\">Read more <span class=\"screen-reader-text\">ACCADEMIA\u00a0UCRAINA\u00a0DI BALLETTO  e  DAF Dance Arts Faculty<\/span><\/a><\/p>\n","protected":false},"author":2,"featured_media":71509,"comment_status":"closed","ping_status":"open","sticky":false,"template":"","format":"standard","meta":{"footnotes":""},"categories":[8],"tags":[23732,24684],"class_list":["post-71508","post","type-post","status-publish","format-standard","has-post-thumbnail","hentry","category-spettacoli","tag-accademia-ucraina-di-balletto","tag-daf-dance-arts-faculty"],"_links":{"self":[{"href":"https:\/\/www.gdapress.it\/it\/index.php\/wp-json\/wp\/v2\/posts\/71508","targetHints":{"allow":["GET"]}}],"collection":[{"href":"https:\/\/www.gdapress.it\/it\/index.php\/wp-json\/wp\/v2\/posts"}],"about":[{"href":"https:\/\/www.gdapress.it\/it\/index.php\/wp-json\/wp\/v2\/types\/post"}],"author":[{"embeddable":true,"href":"https:\/\/www.gdapress.it\/it\/index.php\/wp-json\/wp\/v2\/users\/2"}],"replies":[{"embeddable":true,"href":"https:\/\/www.gdapress.it\/it\/index.php\/wp-json\/wp\/v2\/comments?post=71508"}],"version-history":[{"count":1,"href":"https:\/\/www.gdapress.it\/it\/index.php\/wp-json\/wp\/v2\/posts\/71508\/revisions"}],"predecessor-version":[{"id":71510,"href":"https:\/\/www.gdapress.it\/it\/index.php\/wp-json\/wp\/v2\/posts\/71508\/revisions\/71510"}],"wp:featuredmedia":[{"embeddable":true,"href":"https:\/\/www.gdapress.it\/it\/index.php\/wp-json\/wp\/v2\/media\/71509"}],"wp:attachment":[{"href":"https:\/\/www.gdapress.it\/it\/index.php\/wp-json\/wp\/v2\/media?parent=71508"}],"wp:term":[{"taxonomy":"category","embeddable":true,"href":"https:\/\/www.gdapress.it\/it\/index.php\/wp-json\/wp\/v2\/categories?post=71508"},{"taxonomy":"post_tag","embeddable":true,"href":"https:\/\/www.gdapress.it\/it\/index.php\/wp-json\/wp\/v2\/tags?post=71508"}],"curies":[{"name":"wp","href":"https:\/\/api.w.org\/{rel}","templated":true}]}}