
{"id":71414,"date":"2019-06-15T09:00:47","date_gmt":"2019-06-15T07:00:47","guid":{"rendered":"http:\/\/www.gdapress.it\/it\/?p=71414"},"modified":"2019-06-15T10:04:47","modified_gmt":"2019-06-15T08:04:47","slug":"noto-galleria-palazzo-nicolaci-il-labirinto-dello-sguardo","status":"publish","type":"post","link":"https:\/\/www.gdapress.it\/it\/index.php\/71414\/arte\/noto-galleria-palazzo-nicolaci-il-labirinto-dello-sguardo.html","title":{"rendered":"Noto Galleria Palazzo Nicolaci \u201cIl Labirinto dello sguardo&#8221;"},"content":{"rendered":"<p><img loading=\"lazy\" decoding=\"async\" class=\"alignleft size-large wp-image-71415\" src=\"http:\/\/www.gdapress.it\/it\/..\/public\/it\/2019\/06\/FB_IMG_1560255258711-286x400.jpg\" alt=\"\" width=\"286\" height=\"400\" srcset=\"https:\/\/www.gdapress.it\/it\/..\/public\/it\/2019\/06\/FB_IMG_1560255258711-286x400.jpg 286w, https:\/\/www.gdapress.it\/it\/..\/public\/it\/2019\/06\/FB_IMG_1560255258711-214x300.jpg 214w, https:\/\/www.gdapress.it\/it\/..\/public\/it\/2019\/06\/FB_IMG_1560255258711.jpg 686w\" sizes=\"auto, (max-width: 286px) 100vw, 286px\" \/><\/p>\n<p>Sabato 15 giugno presso la Galleria Palazzo Nicolaci &#8211; in<br \/>\ncollaborazione con il Comune di Noto &#8211; Altera Domus di Paola Ruffino,<br \/>\npromotrice dell\u2019iniziativa, presenta:<br \/>\nla collettiva internazionale d\u2019Arte contemporanea<br \/>\n\u201cIl Labirinto dello sguardo&#8221;<br \/>\nartisti:<br \/>\nMirta Gontad, Alicia Mas\u00f2, Jorge Mi\u00f1o e Alejandro Saderman<br \/>\n(Argentina); Jairo Valdati (Brasile); German Tagle (Cile);<br \/>\nQin Jian (Cina); Joachim K. Silue (Costa d\u2019Avorio);<br \/>\nHannu Palosuo e Tuomo Rosenlund(ROP) (Finlandia);<br \/>\nArnd Christian M\u00fcller (Germania\/Cina); Bankeri, Alex Caminiti,<br \/>\nPrimarosa Cesarini Sforza, Stefania Fabrizi, Renato Guttuso,<br \/>\nCaterina Notte, Gianmarco Montesano, Sonia Viccaro,<br \/>\nFrancesca Tulli, Pietro Zucca, Dimitri Salonia, Carmelo Fabio d\u2019Antoni<br \/>\n(Italia); Xavier Bueno (Spagna);<br \/>\nAisha Chan e Peter Warrick (UK Regno Unito); Gimaka (Senegal).<br \/>\nartista invitato<br \/>\nEugenio Zanetti (Argentina)<br \/>\ntitolo mostra<br \/>\n\u201cPellegrini nel tempo\u201d<br \/>\na cura di:<br \/>\nMassimo Scaringella<br \/>\nL\u2019esperienza artistica, forse \u00e8 oggi il solo mezzo che abbiamo per rinnovare<br \/>\nquasi indefinitamente il sentimento di stupore o di stupefazione che si pu\u00f2<br \/>\nprovare all\u2019idea che l\u2019altro \u00e8. Un quadro, un\u2019opera pittorica, o una<br \/>\nqualsiasi produzione creativa di sostanza, non \u00e8 un oggetto che si vede, ma<br \/>\nqualche cosa con la quale si vede. Anzi l\u2019estetica tende per sua natura ad<br \/>\nesplorare i possibili modi di costruire e istituire i rapporti umani e i rapporti<br \/>\nfra le idee in termini inediti. Cosi come suggerisce Pirandello in \u201cSei<br \/>\npersonaggi in cerca d\u2019autore\u201d, l\u2019artista, da sempre, ha il diritto a vivere, a<br \/>\ncostruire o a creare in sintonia con la sua personale storia e\/o fantasia o<br \/>\ncon la sua spesso accertata dualit\u00e0. La sua legittimit\u00e0 \u00e8 data dall\u2019essere<br \/>\nsempre uno spirito libero in cui la base della sopravvivenza estetica \u00e8 la<br \/>\n\u201cricerca\u201d e non un risultato pratico. Per questo all\u2019artista che concepisce,<br \/>\nrischia e assume questa realt\u00e0 (a volte fisica) non importa nulla del passare<br \/>\ndel tempo. Ma in generale egli esige, per il suo lavoro, un impatto di<br \/>\nsuccesso, di emozione e intimit\u00e0 che ponga tutti coloro che entrano in<br \/>\ncontatto con la sua opera, sia personalmente che attraverso altri mezzi di<br \/>\ndivulgazione, in una simbiosi metaforica e analogica di dialogo. L\u2019arte<br \/>\ncontemporanea sembra talvolta ricercare una sua precisa integrazione con<br \/>\nla realt\u00e0, con l\u2019ambiente, che la pone inevitabilmente in confronto con il<br \/>\nsuo contesto visivo e sociale. E il visibile si impone cos\u00ec chiaramente solo<br \/>\nper quello che \u00e8 non per quello che rappresenta e l\u2019impatto talvolta \u00e8<br \/>\nmolto duro o difficile da capire. E dunque, se l\u2019artista con il suo lavoro<br \/>\naffronter\u00e0 con procedimenti desacralizzanti o artificiali il superamento del<br \/>\ndoppio gioco della realt\u00e0 o della fantasia, tutto questo si rifletter\u00e0 meglio<br \/>\nsull\u2019interesse crescente e contemplativo o addirittura partecipativo<br \/>\ndell\u2019osservatore, con un significato e un contenuto che sono una sfida alla<br \/>\nsua spontaneit\u00e0 creativa. Ed \u00e8 dunque cosciente che la meraviglia del<br \/>\npensiero umano \u00e8 uno dei principi della conoscenza e che se smettiamo di<br \/>\nmeravigliaci corriamo il rischio di non conoscere.<\/p>\n<p>Artista invitato:<br \/>\nl\u2019argentino Eugenio Zanetti presenter\u00e0 con il titolo \u201cPellegrini nel tempo\u201d<br \/>\nun ciclo dei suoi ultimi lavori pittorici alcuni provenienti dalla sua ultima<br \/>\nmostra in Siviglia e altri prodotti appositamente per sua presentazione in<br \/>\nItalia mostrandoci un altro aspetto della sua carriera artistica.<br \/>\nEugenio Zanetti \u00e8 uno dei creativi argentini pi\u00f9 noti a livello internazionale.<br \/>\nLa sua poliedrica attivit\u00e0 artistica va dalla direzione di cinema, opera e<br \/>\nteatro, alla scenografia, all\u2019illustrazione, alla pittura. La sua famosa e vasta<br \/>\ncarriera abbraccia cinque decenni, con oltre 60 produzioni<br \/>\ncinematografiche e teatrali al suo attivo, in Argentina, Europa e Stati Uniti.<br \/>\nCominciando la sua carriera lavorando con Pier Paolo Pasolini nella Medea<br \/>\nche ha marcato profondamente la sua carriera artistica e all\u2019assegnazione<br \/>\ndell\u2019Oscar per la migliore scenografia nel 1996.<\/p>\n","protected":false},"excerpt":{"rendered":"<p>Sabato 15 giugno presso la Galleria Palazzo Nicolaci &#8211; in collaborazione con il Comune di Noto &#8211; Altera Domus di Paola Ruffino, promotrice dell\u2019iniziativa, presenta: la collettiva internazionale d\u2019Arte contemporanea \u201cIl Labirinto dello sguardo&#8221; artisti: Mirta Gontad, Alicia Mas\u00f2, Jorge Mi\u00f1o e Alejandro Saderman (Argentina); Jairo Valdati (Brasile); German Tagle (Cile); Qin Jian (Cina); Joachim &hellip; <a href=\"https:\/\/www.gdapress.it\/it\/index.php\/71414\/arte\/noto-galleria-palazzo-nicolaci-il-labirinto-dello-sguardo.html\" class=\"more-link\">Read more <span class=\"screen-reader-text\">Noto Galleria Palazzo Nicolaci \u201cIl Labirinto dello sguardo&#8221;<\/span><\/a><\/p>\n","protected":false},"author":2,"featured_media":71415,"comment_status":"closed","ping_status":"open","sticky":false,"template":"","format":"standard","meta":{"footnotes":""},"categories":[4],"tags":[24641,24643,24639,24561,24642,24640],"class_list":["post-71414","post","type-post","status-publish","format-standard","has-post-thumbnail","hentry","category-arte","tag-altera-domus","tag-comune-di-noto","tag-galleria-palazzo-nicolaci","tag-noto","tag-paola-ruffino","tag-il-labirinto-dello-sguardo"],"_links":{"self":[{"href":"https:\/\/www.gdapress.it\/it\/index.php\/wp-json\/wp\/v2\/posts\/71414","targetHints":{"allow":["GET"]}}],"collection":[{"href":"https:\/\/www.gdapress.it\/it\/index.php\/wp-json\/wp\/v2\/posts"}],"about":[{"href":"https:\/\/www.gdapress.it\/it\/index.php\/wp-json\/wp\/v2\/types\/post"}],"author":[{"embeddable":true,"href":"https:\/\/www.gdapress.it\/it\/index.php\/wp-json\/wp\/v2\/users\/2"}],"replies":[{"embeddable":true,"href":"https:\/\/www.gdapress.it\/it\/index.php\/wp-json\/wp\/v2\/comments?post=71414"}],"version-history":[{"count":1,"href":"https:\/\/www.gdapress.it\/it\/index.php\/wp-json\/wp\/v2\/posts\/71414\/revisions"}],"predecessor-version":[{"id":71416,"href":"https:\/\/www.gdapress.it\/it\/index.php\/wp-json\/wp\/v2\/posts\/71414\/revisions\/71416"}],"wp:featuredmedia":[{"embeddable":true,"href":"https:\/\/www.gdapress.it\/it\/index.php\/wp-json\/wp\/v2\/media\/71415"}],"wp:attachment":[{"href":"https:\/\/www.gdapress.it\/it\/index.php\/wp-json\/wp\/v2\/media?parent=71414"}],"wp:term":[{"taxonomy":"category","embeddable":true,"href":"https:\/\/www.gdapress.it\/it\/index.php\/wp-json\/wp\/v2\/categories?post=71414"},{"taxonomy":"post_tag","embeddable":true,"href":"https:\/\/www.gdapress.it\/it\/index.php\/wp-json\/wp\/v2\/tags?post=71414"}],"curies":[{"name":"wp","href":"https:\/\/api.w.org\/{rel}","templated":true}]}}