
{"id":71410,"date":"2019-06-15T09:32:28","date_gmt":"2019-06-15T07:32:28","guid":{"rendered":"http:\/\/www.gdapress.it\/it\/?p=71410"},"modified":"2019-06-15T09:32:28","modified_gmt":"2019-06-15T07:32:28","slug":"shi-liang-e-ma-lin-liquidiglobali-matera-2019","status":"publish","type":"post","link":"https:\/\/www.gdapress.it\/it\/index.php\/71410\/arte\/shi-liang-e-ma-lin-liquidiglobali-matera-2019.html","title":{"rendered":"SHI LIANG e MA LIN  LIQUIDIGLOBALI MATERA 2019"},"content":{"rendered":"<p><img loading=\"lazy\" decoding=\"async\" class=\"alignleft size-large wp-image-71411\" src=\"http:\/\/www.gdapress.it\/it\/..\/public\/it\/2019\/06\/IMG-20190501-WA0058-300x400.jpg\" alt=\"\" width=\"300\" height=\"400\" srcset=\"https:\/\/www.gdapress.it\/it\/..\/public\/it\/2019\/06\/IMG-20190501-WA0058-300x400.jpg 300w, https:\/\/www.gdapress.it\/it\/..\/public\/it\/2019\/06\/IMG-20190501-WA0058-225x300.jpg 225w, https:\/\/www.gdapress.it\/it\/..\/public\/it\/2019\/06\/IMG-20190501-WA0058-768x1024.jpg 768w, https:\/\/www.gdapress.it\/it\/..\/public\/it\/2019\/06\/IMG-20190501-WA0058.jpg 1200w\" sizes=\"auto, (max-width: 300px) 100vw, 300px\" \/>\u00a0<img loading=\"lazy\" decoding=\"async\" class=\"alignleft size-large wp-image-71412\" src=\"http:\/\/www.gdapress.it\/it\/..\/public\/it\/2019\/06\/IMG-20190524-WA0160-300x400.jpg\" alt=\"\" width=\"300\" height=\"400\" srcset=\"https:\/\/www.gdapress.it\/it\/..\/public\/it\/2019\/06\/IMG-20190524-WA0160-300x400.jpg 300w, https:\/\/www.gdapress.it\/it\/..\/public\/it\/2019\/06\/IMG-20190524-WA0160-225x300.jpg 225w, https:\/\/www.gdapress.it\/it\/..\/public\/it\/2019\/06\/IMG-20190524-WA0160-768x1024.jpg 768w, https:\/\/www.gdapress.it\/it\/..\/public\/it\/2019\/06\/IMG-20190524-WA0160.jpg 1200w\" sizes=\"auto, (max-width: 300px) 100vw, 300px\" \/>ARTE PER LE MARCHE MATERA 2019<\/p>\n<p>nell\u2019ambito della sua rassegna<\/p>\n<p>presenta la mostra<\/p>\n<p><strong>SHI LIANG <\/strong>e <strong>MA LIN<\/strong><\/p>\n<p><strong>LIQUIDI<\/strong><strong>GLOBALI<\/strong><\/p>\n<p>dal 15 giugno al 12 luglio 2019<\/p>\n<p>Chiesa Rupestre di Sant\u2019Antonio Abate<\/p>\n<p>Via Sant\u2019Antonio Abate<\/p>\n<p>Sassi di Matera<\/p>\n<p>Inaugurazione 15 giugno 2019 alle ore 17<\/p>\n<p>a cura di Arte per le Marche di Antonella Ventura<\/p>\n<p>in collaborazione con l&#8217;Associazione Patrimonio Rupestre<\/p>\n<p>La mostra gode dell\u2019Alto Patrocinio dell\u2019<strong>Ateneo di<\/strong> <strong>Pechino<\/strong>, Accademia di Pittura Contemporanea, Arti figurative, oltre che dell\u2019italiano <strong>Istituto Confucio<\/strong> di Macerata.<\/p>\n<p><strong>SHI LIANG<\/strong> \u00e8 uno dei massimi\u00a0esponenti della Pittura Figurativa Cinese,\u00a0vice direttore generale\u00a0dell&#8217;Accademia di Pechino Arte Contemporanea Figurativa ed <strong>esporr\u00e0<\/strong> per la prima volta un\u2019opera sacra dedicata\u00a0ai Diritti Umani.<\/p>\n<p>Due uomini, due artisti, quattro mani, due scuole di pensiero orientale-occidentale si fondono in linee, immagini, cromie che sintetizzano l\u2019Uomo del terzo millennio nel suo vuoto esistenziale immerso nell\u2019etere tecnologico.<\/p>\n<p><strong>SHI LIANG <\/strong>e <strong>MA LIN &#8211;<\/strong> il primo vive a Pechino, il secondo in Italia (tra Firenze e Roma) e in Cina, sono accomunati dalla loro volont\u00e0 di riprodurre l\u2019anamnesi, in pittura, del mal di vivere del nostro tempo.<\/p>\n<p>Il parallelismo concettuale tra la Cina del terzo millennio raffigurata nel realismo crudo ed esasperato di <strong>SHI LIANG <\/strong>non stride con il simbolismo manierista concettuale post decadente di <strong>MA LIN<\/strong> il quale riflette le icone emotive del mondo occidentale, bens\u00ec rafforza un pensiero unico globale del contemporaneo senza pi\u00f9 radici n\u00e9 punti fermi.<\/p>\n<p>I due linguaggi dialogano sulle stesse connessioni emotive: paura, anaffettivit\u00e0, solitudine.<\/p>\n<p>\u00c8 come se il realismo dell\u2019uno cancelli i simboli dell\u2019altro e l\u2019uomo che vi si riflette non abbia storia, nessuna terra, n\u00e9 spazio e n\u00e9 tempo, non abbia futuro.<\/p>\n<p>\u00c8 un figurativo liquido, \u00e8 un simbolismo liquido, rispettivamente quello di <strong>SHI LIANG <\/strong>e di <strong>MA LIN <\/strong>&#8211; <strong>LIQUIDIGLOBALI,<\/strong> per dirla alla <em>Baumann, <\/em>dove la cultura \u00e8 nell\u2019apertura della mente e nel non appartenere a niente, avulsi da concetti stereotipati ma legati al movimento interiore.<\/p>\n<p>Con la grandissima scuola del figurativo cinese, da cui provengono <strong>SHI LIANG<\/strong> e <strong>MA LIN<\/strong>, \u00e8 stato recuperato e portato in auge in Europa l\u2019uomo, ponendolo ancora al centro della scena ARTISTICA.<\/p>\n<p>\u00c8 lo stesso Uomo che alla ricerca di s\u00e9 stesso arriva a Matera, in un tempo senza fine, per andare oltre la forma fino al genoma animista del suo stesso spirito che Matera appunto \u00e8 e rappresenta. A.V.<\/p>\n<p>SCHEDA MOSTRA<\/p>\n<p><strong>SHI LIANG <\/strong>e <strong>MA LIN<\/strong><\/p>\n<p><strong>LIQUIDI<\/strong><strong>GLOBALI<\/strong><\/p>\n<p>dal 15 giugno al 12 luglio 2019<\/p>\n<p>a cura di Arte per le Marche<\/p>\n<p>Chiesa Rupestre di Sant\u2019Antonio Abate<\/p>\n<p>Via Sant\u2019Antonio Abate<\/p>\n<p>Sassi di Matera<\/p>\n<p><strong>Inaugurazione\u00a0 15 giugno 2019 alle ore 17.00<\/strong><\/p>\n<p>Testi critici di Antonella Ventura,Antonella Caruso e Serena Scolaro<\/p>\n<p>Allestimento e Progettazione: ing. Luca Demontis<\/p>\n<p>Segreteria: Flavia Maccari<\/p>\n<p>Con il patrocinio del Comune di Matera e del Comune di Pollenza(Mc) e degli\u00a0 Atenei:<\/p>\n<p>ARD&amp;NT dell&#8217;Accademia di Brera, Politecnico di Milano, Universit\u00e0 di Macerata e Accademia di Belle Arti di Macerata, Ateneo di Pechino (Accademia di Pittura Contemporanea, Arti figurative), Istituto Confucio, Unesco, Cisl Marche, Matera 2019 OPEN FUTURE, European Capital of Culture e Associazione Patrimonio Rupestre<\/p>\n<p>Info:<\/p>\n<p>Chiesa Rupestre di Sant\u2019Antonio Abate: Gabriele Martulli 345.6287540<\/p>\n<p>Arte per le Marche: Antonella Ventura\u00a0 346.084146<\/p>\n<p>&nbsp;<\/p>\n<p>346 084146<\/p>\n<p><a href=\"mailto:arteperlemarche@gmail.com\/\">arteperlemarche@gmail.com\/<\/a><\/p>\n<p>&nbsp;<\/p>\n<p>&nbsp;<\/p>\n","protected":false},"excerpt":{"rendered":"<p>\u00a0ARTE PER LE MARCHE MATERA 2019 nell\u2019ambito della sua rassegna presenta la mostra SHI LIANG e MA LIN LIQUIDIGLOBALI dal 15 giugno al 12 luglio 2019 Chiesa Rupestre di Sant\u2019Antonio Abate Via Sant\u2019Antonio Abate Sassi di Matera Inaugurazione 15 giugno 2019 alle ore 17 a cura di Arte per le Marche di Antonella Ventura in &hellip; <a href=\"https:\/\/www.gdapress.it\/it\/index.php\/71410\/arte\/shi-liang-e-ma-lin-liquidiglobali-matera-2019.html\" class=\"more-link\">Read more <span class=\"screen-reader-text\">SHI LIANG e MA LIN  LIQUIDIGLOBALI MATERA 2019<\/span><\/a><\/p>\n","protected":false},"author":2,"featured_media":71411,"comment_status":"closed","ping_status":"open","sticky":false,"template":"","format":"standard","meta":{"footnotes":""},"categories":[4],"tags":[6197,6198,24638,24637,24636,24133,24461,24635],"class_list":["post-71410","post","type-post","status-publish","format-standard","has-post-thumbnail","hentry","category-arte","tag-antonella-ventura","tag-arte-per-le-marche","tag-chiesa-rupestre-di-santantonio-abat","tag-liquidiglobali","tag-ma-lin","tag-matera-2019","tag-sassi-di-matera","tag-shi-liang"],"_links":{"self":[{"href":"https:\/\/www.gdapress.it\/it\/index.php\/wp-json\/wp\/v2\/posts\/71410","targetHints":{"allow":["GET"]}}],"collection":[{"href":"https:\/\/www.gdapress.it\/it\/index.php\/wp-json\/wp\/v2\/posts"}],"about":[{"href":"https:\/\/www.gdapress.it\/it\/index.php\/wp-json\/wp\/v2\/types\/post"}],"author":[{"embeddable":true,"href":"https:\/\/www.gdapress.it\/it\/index.php\/wp-json\/wp\/v2\/users\/2"}],"replies":[{"embeddable":true,"href":"https:\/\/www.gdapress.it\/it\/index.php\/wp-json\/wp\/v2\/comments?post=71410"}],"version-history":[{"count":1,"href":"https:\/\/www.gdapress.it\/it\/index.php\/wp-json\/wp\/v2\/posts\/71410\/revisions"}],"predecessor-version":[{"id":71413,"href":"https:\/\/www.gdapress.it\/it\/index.php\/wp-json\/wp\/v2\/posts\/71410\/revisions\/71413"}],"wp:featuredmedia":[{"embeddable":true,"href":"https:\/\/www.gdapress.it\/it\/index.php\/wp-json\/wp\/v2\/media\/71411"}],"wp:attachment":[{"href":"https:\/\/www.gdapress.it\/it\/index.php\/wp-json\/wp\/v2\/media?parent=71410"}],"wp:term":[{"taxonomy":"category","embeddable":true,"href":"https:\/\/www.gdapress.it\/it\/index.php\/wp-json\/wp\/v2\/categories?post=71410"},{"taxonomy":"post_tag","embeddable":true,"href":"https:\/\/www.gdapress.it\/it\/index.php\/wp-json\/wp\/v2\/tags?post=71410"}],"curies":[{"name":"wp","href":"https:\/\/api.w.org\/{rel}","templated":true}]}}