
{"id":71396,"date":"2019-06-14T10:56:20","date_gmt":"2019-06-14T08:56:20","guid":{"rendered":"http:\/\/www.gdapress.it\/it\/?p=71396"},"modified":"2019-06-14T10:56:20","modified_gmt":"2019-06-14T08:56:20","slug":"la-trentottesima-stagione-della-filarmonica-della-scala","status":"publish","type":"post","link":"https:\/\/www.gdapress.it\/it\/index.php\/71396\/musica\/la-trentottesima-stagione-della-filarmonica-della-scala.html","title":{"rendered":"La trentottesima Stagione della Filarmonica della Scala"},"content":{"rendered":"<p><img loading=\"lazy\" decoding=\"async\" class=\"alignleft size-large wp-image-71397\" src=\"http:\/\/www.gdapress.it\/it\/..\/public\/it\/2019\/06\/875e77e5-487d-44f8-8da4-3591be74f1ad-500x220.jpg\" alt=\"\" width=\"500\" height=\"220\" srcset=\"https:\/\/www.gdapress.it\/it\/..\/public\/it\/2019\/06\/875e77e5-487d-44f8-8da4-3591be74f1ad-500x220.jpg 500w, https:\/\/www.gdapress.it\/it\/..\/public\/it\/2019\/06\/875e77e5-487d-44f8-8da4-3591be74f1ad-300x132.jpg 300w, https:\/\/www.gdapress.it\/it\/..\/public\/it\/2019\/06\/875e77e5-487d-44f8-8da4-3591be74f1ad-768x337.jpg 768w, https:\/\/www.gdapress.it\/it\/..\/public\/it\/2019\/06\/875e77e5-487d-44f8-8da4-3591be74f1ad.jpg 820w\" sizes=\"auto, (max-width: 500px) 100vw, 500px\" \/><\/p>\n<p>Presentata al Teatro alla Scala la nuova\u00a0<strong>Stagione della Filarmonica della Scala.\u00a0<\/strong>Erano presenti l&#8217;Assessore alla Cultura\u00a0<strong>Filippo Del Corno<\/strong>, il Presidente\u00a0<strong>Fabrizio Saccomanni<\/strong>\u00a0e il direttore\u00a0<strong>Riccardo Chailly<\/strong>.<\/p>\n<p>La trentottesima Stagione di Concerti al Teatro alla Scala s\u2019inaugura\u00a0<strong>luned\u00ec 4 novembre\u00a0<\/strong>con\u00a0<strong>Riccardo Chailly<\/strong>. Nell\u2019anno beethoveniano il direttore principale esegue alla Scala l\u2019integrale delle Sinfonie e apre la stagione della Filarmonica con la\u00a0<em>Seconda\u00a0<\/em>e la\u00a0<em>Terza\u00a0<\/em>\u201c<em>Eroica\u201d<\/em>. Chailly torna sul podio per un secondo concerto (11 maggio) con\u00a0<strong>Leonidas Kavakos\u00a0<\/strong>interprete del concerto per violino di Beethoven e la\u00a0<em>Sesta\u00a0<\/em>Sinfonia\u00a0<em>Pastorale<\/em>.<br \/>\nFa il suo esordio sul podio il giovane direttore greco\u00a0<strong>Constantinos Carydis\u00a0<\/strong>(13 gennaio), con il mezzosoprano\u00a0<strong>Magdalena Ko\u017een\u00e1\u00a0<\/strong>interprete dei\u00a0<em>R\u00fcckert-Lieder\u00a0<\/em>di Mahler, eseguiti insieme a\u00a0<em>Blumine<\/em>, alla Sinfonia n. 9 di \u0160ostakovi\u010d e\u00a0<em>Taf\u00ec\u00a0<\/em>(<em>Burial)\u00a0<\/em>del compositore greco Dimitri Mitropoulos. Specialista nel repertorio barocco e classico il direttore\u00a0<strong>Ottavio Dantone\u00a0<\/strong>torna (3 febbraio) accostando la Sinfonia n. 104 in re magg.\u00a0<em>London\u00a0<\/em>alla Sinfonia n. 4\u00a0<em>Tragica\u00a0<\/em>di Schubert. Gradito ritorno \u00e8 anche quello della pianista\u00a0<strong>Beatrice Rana\u00a0<\/strong>con\u00a0<strong>Fabio Luisi\u00a0<\/strong>(17 febbraio): a Beethoven \u00e8 dedicata l\u2019esecuzione del\u00a0<em>Quarto\u00a0<\/em>concerto per pianoforte e orchestra mentre Luisi, reduce dal successo con la Settima, prosegue il suo percorso su Bruckner con la Sinfonia n. 2.<br \/>\nInterprete di riferimento per la musica di Richard Strauss,\u00a0<strong>Marc Albrecht\u00a0<\/strong>torna sul podio (2 marzo) con\u00a0<em>Tr\u00e4umerei\u00a0am Kamin\u00a0<\/em>e la\u00a0<em>Sinfonia domestica\u00a0<\/em>op. 53. Al centro del programma c\u2019\u00e8 il\u00a0<em>Primo\u00a0<\/em>Concerto per violoncello di Haydn con cui esordisce il talentuoso musicista austriaco di origini persiane\u00a0<strong>Kian Soltani<\/strong>, classe 1992. Ancora un debutto quello della bacchetta spagnola di\u00a0<strong>Pablo Heras-Casado<\/strong>, ospite con il violinista francese\u00a0<strong>Renaud Capu\u00e7on\u00a0<\/strong>(16 marzo). Il programma guarda alle avanguardie del Novecento: da una parte la seconda scuola di Vienna, con la\u00a0<em>Passacaglia\u00a0<\/em>di Webern e il Concerto per violino di Berg, dall\u2019altra la rivoluzione neoclassica di Stravinskij con l\u2019<em>Uccello di fuoco<\/em>.<br \/>\nLa formazione ospite della stagione \u00e8 il\u00a0<strong>Collegium Vocale Gent\u00a0<\/strong>guidato da\u00a0<strong>Philippe Herreweghe\u00a0<\/strong>(6 aprile). Uno degli ensemble pi\u00f9 apprezzati per la dedizione alla musica antica e barocca sar\u00e0 impegnato nell\u2019esecuzione della\u00a0<em>Passione secondo Matteo\u00a0<\/em>di Johann Sebastian Bach. I concerti diretti da\u00a0<strong>Valery Gergiev<\/strong>, il cui titolo onorifico suggella il forte legame sin dagli inizi della sua carriera, sono sempre un caleidoscopico catalogo di immagini che diventano musica. In questa stagione Gergiev torna con la Suite dal balletto\u00a0<em>Cenerentola\u00a0<\/em>di Prokof\u2019ev e la\u00a0<em>Quinta\u00a0<\/em>Sinfonia di \u0160ostakovi\u010d (25 maggio).<br \/>\nLa profonda collaborazione con\u00a0<strong>Myung-Whun Chung\u00a0<\/strong>ha compiuto trent\u2019anni nel 2019 e segna oltre 100 concerti. Il lavoro sulle sinfonie di Mahler, che lo scorso anno ha incluso l\u2019esecuzione della\u00a0<em>Prima<\/em>, prosegue quest\u2019anno con la Sinfonia n. 9 (11 ottobre).<\/p>\n<p><strong>Da Amburgo a Tokyo: le tourn\u00e9e internazionali<\/strong><\/p>\n<p>Nelle ultime tre stagioni la Filarmonica ha tenuto 64 concerti fuori sede, e la collaborazione con Riccardo Chailly, dalla nomina a Direttore Principale, registra il traguardo di 80 concerti di cui 48 in tourn\u00e9e all\u2019estero e una presenza media di 15 concerti per anno nelle stagioni principali delle pi\u00f9 importanti sale europee. Il dato \u00e8 particolarmente significativo per una istituzione indipendente che non percepisce alcun contributo pubblico.<br \/>\nLa presenza nelle grandi sale e Festival internazionali \u00e8 confermata anche nella Stagione 2019-2020 con oltre venti concerti. Il 31 agosto la Filarmonica \u00e8 ospite del Festival di\u00a0<strong>Ravello<\/strong>:\u00a0<strong>Lorenzo Viotti\u00a0<\/strong>torna sul podio e dal Belvedere di Villa Rufolo dirige musiche di Rossini, Puccini e Dvo\u0159\u00e0k. A settembre 2019 \u00e8\u00a0<strong>Myung-Whun Chung\u00a0<\/strong>a guidare i concerti a\u00a0<strong>Milano\u00a0<\/strong>e\u00a0<strong>Torino\u00a0<\/strong>(11 e 13 settembre), il doppio appuntamento a\u00a0<strong>Muscat\u00a0<\/strong>(17 e 18 settembre) e al Teatro Filarmonica di\u00a0<strong>Verona<\/strong>(20 settembre). Ospite d\u2019eccezione \u00e8 il pianista\u00a0<strong>Alexander Romanovsky\u00a0<\/strong>con il\u00a0<em>Terzo\u00a0<\/em>Concerto di Rachmaninov e la Sinfonia n. 6\u00a0<em>Patetica\u00a0<\/em>di Cajkovskij. A Muscat, Chung dirige un secondo programma con brani di Rossini, Verdi, Puccini e la Sinfonia n. 9\u00a0<em>dal Nuovo Mondo\u00a0<\/em>di Dvo\u0159\u00e0k.<\/p>\n<p><strong>Riccardo Chailly\u00a0<\/strong>guida l\u2019orchestra agli inizi del 2020 nei concerti di\u00a0<strong>Colonia\u00a0<\/strong>(22 gennaio),\u00a0<strong>Anversa\u00a0<\/strong>(23 gennaio),\u00a0<strong>Essen\u00a0<\/strong>(24 gennaio),\u00a0<strong>Parigi\u00a0<\/strong>(27 gennaio). Il programma tutto beethoveniano prevede l\u2019esecuzione della ouverture\u00a0<em>Egmont<\/em>e delle Sinfonie n. 8 e n. 5. Alla Philharmonie di Parigi un secondo appuntamento (28 gennaio) \u00e8 in programma con\u00a0<strong>Renaud Capu\u00e7on<\/strong>, il Concerto per violino di Beethoven e i\u00a0<em>Quadri da un\u2019esposizione\u00a0<\/em>di Musorgskij-Ravel. Il 24 febbraio 2020 la Filarmonica sar\u00e0 a\u00a0<strong>Roma<\/strong>, Auditorium Parco della Musica: il pianista\u00a0<strong>Jan Lisiecki\u00a0<\/strong>\u00e8 interprete del Concerto di Grieg; Chailly dirige\u00a0<em>Finlandia<\/em>di Sibelius e i\u00a0<em>Quadri\u00a0<\/em>di Musorgskij.<br \/>\nDoppio appuntamento anche all\u2019Elbphilharmonie di\u00a0<strong>Amburgo\u00a0<\/strong>(27-28 aprile 2020): nel primo dei due concerti Chailly dirige il programma beethoveniano, nel secondo\u00a0<em>Cantus in memoriam\u00a0Benjamin Britten\u00a0<\/em>di Arvo P\u00e4rt, il\u00a0<em>Terzo<\/em>concerto di Rachmaninov eseguito da\u00a0<strong>Denis Matsuev<\/strong>, e la\u00a0<em>Quinta\u00a0<\/em>di \u0160ostakovi\u010d.<br \/>\nA maggio l\u2019orchestra sar\u00e0 di nuovo in Germania con concerti a\u00a0<strong>Norimberga\u00a0<\/strong>(4 maggio),\u00a0<strong>Monaco\u00a0<\/strong>(5 maggio) e\u00a0<strong>Friburgo\u00a0<\/strong>(6 maggio). Riccardo Chailly dirige la Sinfonia n. 6\u00a0<em>Pastorale<\/em>e il Concerto per violino di Beethoven. Interprete \u00e8\u00a0<strong>Nikolaj Zneider<\/strong>.<br \/>\nIn autunno 2020 la Filarmonica ritorna in\u00a0<strong>Giappone<\/strong>, dopo l\u2019ultima tourn\u00e9e con Chung nel 2008, con tre concerti a\u00a0<strong>Tokyo\u00a0<\/strong>(29 settembre, Bunka Kaikan; 30 settembre, NHK Hall; 1 ottobre, Suntory Hall) e a\u00a0<strong>Nagoya\u00a0<\/strong>(2 ottobre, Aichi Prefectural Arts Theatre). I programmi sono in via di definizione.<\/p>\n","protected":false},"excerpt":{"rendered":"<p>Presentata al Teatro alla Scala la nuova\u00a0Stagione della Filarmonica della Scala.\u00a0Erano presenti l&#8217;Assessore alla Cultura\u00a0Filippo Del Corno, il Presidente\u00a0Fabrizio Saccomanni\u00a0e il direttore\u00a0Riccardo Chailly. La trentottesima Stagione di Concerti al Teatro alla Scala s\u2019inaugura\u00a0luned\u00ec 4 novembre\u00a0con\u00a0Riccardo Chailly. Nell\u2019anno beethoveniano il direttore principale esegue alla Scala l\u2019integrale delle Sinfonie e apre la stagione della Filarmonica con la\u00a0Seconda\u00a0e &hellip; <a href=\"https:\/\/www.gdapress.it\/it\/index.php\/71396\/musica\/la-trentottesima-stagione-della-filarmonica-della-scala.html\" class=\"more-link\">Read more <span class=\"screen-reader-text\">La trentottesima Stagione della Filarmonica della Scala<\/span><\/a><\/p>\n","protected":false},"author":2,"featured_media":71397,"comment_status":"closed","ping_status":"open","sticky":false,"template":"","format":"standard","meta":{"footnotes":""},"categories":[19],"tags":[14542,24632,16776],"class_list":["post-71396","post","type-post","status-publish","format-standard","has-post-thumbnail","hentry","category-musica","tag-filarmonica-della-scala","tag-musica-classica","tag-riccardo-chailly"],"_links":{"self":[{"href":"https:\/\/www.gdapress.it\/it\/index.php\/wp-json\/wp\/v2\/posts\/71396","targetHints":{"allow":["GET"]}}],"collection":[{"href":"https:\/\/www.gdapress.it\/it\/index.php\/wp-json\/wp\/v2\/posts"}],"about":[{"href":"https:\/\/www.gdapress.it\/it\/index.php\/wp-json\/wp\/v2\/types\/post"}],"author":[{"embeddable":true,"href":"https:\/\/www.gdapress.it\/it\/index.php\/wp-json\/wp\/v2\/users\/2"}],"replies":[{"embeddable":true,"href":"https:\/\/www.gdapress.it\/it\/index.php\/wp-json\/wp\/v2\/comments?post=71396"}],"version-history":[{"count":1,"href":"https:\/\/www.gdapress.it\/it\/index.php\/wp-json\/wp\/v2\/posts\/71396\/revisions"}],"predecessor-version":[{"id":71398,"href":"https:\/\/www.gdapress.it\/it\/index.php\/wp-json\/wp\/v2\/posts\/71396\/revisions\/71398"}],"wp:featuredmedia":[{"embeddable":true,"href":"https:\/\/www.gdapress.it\/it\/index.php\/wp-json\/wp\/v2\/media\/71397"}],"wp:attachment":[{"href":"https:\/\/www.gdapress.it\/it\/index.php\/wp-json\/wp\/v2\/media?parent=71396"}],"wp:term":[{"taxonomy":"category","embeddable":true,"href":"https:\/\/www.gdapress.it\/it\/index.php\/wp-json\/wp\/v2\/categories?post=71396"},{"taxonomy":"post_tag","embeddable":true,"href":"https:\/\/www.gdapress.it\/it\/index.php\/wp-json\/wp\/v2\/tags?post=71396"}],"curies":[{"name":"wp","href":"https:\/\/api.w.org\/{rel}","templated":true}]}}