
{"id":71380,"date":"2019-06-10T11:32:52","date_gmt":"2019-06-10T09:32:52","guid":{"rendered":"http:\/\/www.gdapress.it\/it\/?p=71380"},"modified":"2019-06-13T11:40:32","modified_gmt":"2019-06-13T09:40:32","slug":"olivari-e-kober-le-originali-maniglie-in-porcellana","status":"publish","type":"post","link":"https:\/\/www.gdapress.it\/it\/index.php\/71380\/i-saloni-201220132014\/olivari-e-kober-le-originali-maniglie-in-porcellana.html","title":{"rendered":"OLIVARI E KOBER: LE ORIGINALI MANIGLIE IN PORCELLANA"},"content":{"rendered":"<p><img loading=\"lazy\" decoding=\"async\" class=\"alignleft size-large wp-image-71381\" src=\"http:\/\/www.gdapress.it\/it\/..\/public\/it\/2019\/06\/ei-56-500x278.jpg\" alt=\"\" width=\"500\" height=\"278\" srcset=\"https:\/\/www.gdapress.it\/it\/..\/public\/it\/2019\/06\/ei-56-500x278.jpg 500w, https:\/\/www.gdapress.it\/it\/..\/public\/it\/2019\/06\/ei-56-300x167.jpg 300w, https:\/\/www.gdapress.it\/it\/..\/public\/it\/2019\/06\/ei-56-768x426.jpg 768w, https:\/\/www.gdapress.it\/it\/..\/public\/it\/2019\/06\/ei-56.jpg 1920w\" sizes=\"auto, (max-width: 500px) 100vw, 500px\" \/><\/p>\n<p><strong>Durante il Salone del Mobile Milano 2019 (9-14 aprile) Kober &#8211; Porzellan e Olivari &#8211; maniglie hanno presentato \u201cEnter Porcelain\u201d, una mostra a Palazzo Litta.<\/strong><\/p>\n<p><strong>Kober<\/strong>, azienda tedesca leader nella produzione di articoli di porcellana di alta qualit\u00e0, \u00e8 dotata di tecnologie avanzate e diversificate in tale ambito e interessata a far conoscere le proprie potenzialit\u00e0 produttive ad una ampia e qualificata selezione di progettisti e di aziende.<\/p>\n<p><strong>Olivari<\/strong>, azienda italiana leader nella produzione di maniglie per porte e finestre, ha sempre ricercato il massimo della qualit\u00e0, utilizzando le migliori materie prime &#8211; come l\u2019ottone &#8211; e affidandosi alla creativit\u00e0 dei migliori architetti e designer.<\/p>\n<p>Sia Kober che Olivari hanno alle spalle una storia lunga pi\u00f9 di 100 anni. Questo ha favorito un incontro e una intesa molto stretti per questa iniziativa di ricerca comune e strategica.<\/p>\n<p><strong>Kober<\/strong>\u00a0ha deciso di effettuare una ricerca e una sperimentazione sull\u2019 utilizzo della porcellana per le maniglie, e ha trovato in\u00a0<strong>Olivari\u00a0<\/strong>il partner ideale.<\/p>\n<p><strong>Undici designer<\/strong>, provenienti da differenti regioni della Germania,hanno sviluppato nuove idee e concetti versatili per utilizzare questo materiale speciale, la\u00a0<strong>porcellana<\/strong>, in combinazione con l&#8217;<strong>ottone<\/strong>, dando vita a una collezione unica e variegata di maniglie, differenti per forme e dimensioni, finiture e colori.<\/p>\n<p>In occasione del Design Week 2019 a Palazzo Litta Kober e Olivari hanno presentato\u00a0<strong>i modelli di maniglie<\/strong>\u00a0che sono scaturiti da questa collaborazione, unitamente ad una significativa panoramica delle tecnologie che entrambe le aziende hanno messo a disposizione.<\/p>\n<p><strong>I designer sono: Sarah &amp; Henrik B\u00f6ttger, Mark Braun, Uli Budde, Laura Jungmann, Kai Linke, Studio Niruk, Jonathan Radetz, Thomas Schnur, Martha Schwindling, Talbot &amp; Mauloubier,\u00a0 Beate Wich-Reif.<\/strong><\/p>\n<p><strong>IDO<\/strong>, progettato da <em>Sarah e Henrik B\u00f6ttger<\/em>, \u00e8 particolarmente adatta per aree pubbliche, porte grandi e scorrevoli grazie alla sua forma ridotta. La superficie evidenzia la qualit\u00e0 della porcellana e crea un oggetto solido e resistente che offre varie possibilit\u00e0 di manipolazione. L&#8217;impugnatura sottolinea la modernit\u00e0 del materiale in un nuovo contesto.<\/p>\n<p><em>Mark Braun<\/em> ha sviluppato tre maniglie per la mostra: <strong>INSIDE OUT, VOLT e UNITS<\/strong>. La maniglia della porta cava con uno strato d&#8217;oro all&#8217;interno, INSIDE OUT, evidenzia la porcellana nelle sue qualit\u00e0 pi\u00f9 pure e ha un&#8217;ergonomia delicata. VOLT \u00e8 una maniglia per porte ondulata e sorprendentemente comoda. E\u2019 realizzata in porcellana smaltata bianca e nera. UNITS, una maneggevole maniglia cilindrica che combina unit\u00e0 vetrate in quattro diverse lunghezze e sette colori.<\/p>\n<p><strong>PUSH AND PULL<\/strong> di <em>Uli Budde<\/em> sono supporti in porcellana per porte, progettati per far capire chiaramente la direzione in cui la porta deve essere aperta. Geometriche e audaci, ma morbide e organiche: entrambe le maniglie sono pensate sia per uso verticale che orizzontale.<\/p>\n<p>L&#8217;elemento geometrico del manico <strong>TRIM<\/strong> disegnato da <em>Laura Jungmann<\/em> \u00e8 il cilindro. I corpi, rotazionalmente simmetrici, sono intersecati in modo tale da creare un contorno dinamico ed ergonomico. Il pollice, l&#8217;indice e il palmo della mano trovano intuitivamente il loro posto.<\/p>\n<p><em>Studio Kai Linke<\/em> ha sviluppato con <strong>RITO<\/strong> un manico che funge da interfaccia tra uomo e architettura. Il manico arrotondato in metallo forma un ovale e la maniglia realizzata in ceramica conferisce una piacevolezza al tatto che regala comfort grazie ad un profilo curvo. Il cambiamento intenzionale del materiale dalle superfici metalliche a quelle in ceramica sottolinea la forma fluente e l&#8217;alta qualit\u00e0 della lavorazione.<\/p>\n<p>2 drafts provengono da <em>Design Studio Niruk<\/em>: le maniglie per porte <strong>HOMAGE<\/strong> si ispirano all&#8217;architettura Bauhaus e al metodo di produzione industriale per estrudere porcellane in filamenti. L&#8217;ottone non patinato avr\u00e0 una superficie vivida nel tempo, mentre la versione nera si concentra maggiormente sull&#8217;aspetto grafico. <strong>SENSO <\/strong>\u00e8 una maniglia nata dal fascino di nuove strutture tattili in porcellana, con un design chiaro e un appeal quasi tecnico.<\/p>\n<p><strong>EXTRUSION<\/strong> di <em>Studio Jonathan Radetz<\/em> non recita solo il famoso classico di Walter Gropius, ma la sua combinazione di colori e forme smonta il capolavoro in ogni sua funzione. <strong>CIRCLE<\/strong> unifica le informazioni definitive dell&#8217;area di ingresso e funziona tutto in un punto, attenuando cos\u00ec l&#8217;aspetto esteriore con la nozione di architettura di alta classe.<\/p>\n<p><strong>ALPHABET OF HANDLES<\/strong> \u00e8 una maniglia in metallo disegnata da <em>Thomas Schnur<\/em> e realizzata da OLIVARI che forma diversi gesti e conduce a una ceramica prodotta da KOBER. La parte metallica di <strong>HANDS ON<\/strong> riflette l&#8217;esperienza tecnica di OLIVARI e crea una perfetta unione con le ceramiche estruse con precisione da KOBER.<\/p>\n<p><em>Martha Schwindling<\/em> utilizza i significanti delle entrate e delle uscite con <strong>SIGN<\/strong>: la porcellana di lunga durata funge da decorazione e trasforma la maniglia e la manopola in oggetto utilizzabile in qualsiasi situazione.<\/p>\n<p><strong>FORME BLANCHE<\/strong> di <em>Talbot &amp; Mauloubier<\/em> \u00e8 una maniglia per porte interamente in porcellana. L\u2019idea \u00e8 di fornire un&#8217;alternativa al metallo o al nylon creando per\u00f2 al tempo stesso un maggiore livello di resistenza. Maniglia e rosetta si fondono in un&#8217;unica forma iconica. Disponibile in diversi colori e motivi, da abbinare a qualsiasi interno.<\/p>\n<p><em>Beate Wich-Reif<\/em> ha sviluppato un concetto di design unico guidato dai valori dell&#8217;estetica minimalista moderna.<strong> PASSO<\/strong> intensifica l\u2019opportunit\u00e0 per l&#8217;interior design con vari smalti e decalcomanie.<\/p>\n<p>OLIVARI B. s.p.a. _ Via Giacomo Matteotti, 140 _ 28021 Borgomanero (NO) _ <a href=\"http:\/\/www.olivari.it\/\">www.olivari.it<\/a><\/p>\n","protected":false},"excerpt":{"rendered":"<p>Durante il Salone del Mobile Milano 2019 (9-14 aprile) Kober &#8211; Porzellan e Olivari &#8211; maniglie hanno presentato \u201cEnter Porcelain\u201d, una mostra a Palazzo Litta. Kober, azienda tedesca leader nella produzione di articoli di porcellana di alta qualit\u00e0, \u00e8 dotata di tecnologie avanzate e diversificate in tale ambito e interessata a far conoscere le proprie &hellip; <a href=\"https:\/\/www.gdapress.it\/it\/index.php\/71380\/i-saloni-201220132014\/olivari-e-kober-le-originali-maniglie-in-porcellana.html\" class=\"more-link\">Read more <span class=\"screen-reader-text\">OLIVARI E KOBER: LE ORIGINALI MANIGLIE IN PORCELLANA<\/span><\/a><\/p>\n","protected":false},"author":2,"featured_media":71381,"comment_status":"closed","ping_status":"open","sticky":false,"template":"","format":"standard","meta":{"footnotes":""},"categories":[8151],"tags":[24621,24617,24615,24610,24614,24612,24619,2249,4381,24611,24616,24620,24618,24613],"class_list":["post-71380","post","type-post","status-publish","format-standard","has-post-thumbnail","hentry","category-i-saloni-201220132014","tag-beate-wich-reif","tag-jonathan-radetz","tag-kai-linke","tag-kober","tag-laura-jungmann","tag-mark-braun","tag-martha-schwindling","tag-olivari","tag-salone-del-mobile","tag-sarah-henrik-bottger","tag-studio-niruk","tag-talbot-mauloubier","tag-thomas-schnur","tag-uli-budde"],"_links":{"self":[{"href":"https:\/\/www.gdapress.it\/it\/index.php\/wp-json\/wp\/v2\/posts\/71380","targetHints":{"allow":["GET"]}}],"collection":[{"href":"https:\/\/www.gdapress.it\/it\/index.php\/wp-json\/wp\/v2\/posts"}],"about":[{"href":"https:\/\/www.gdapress.it\/it\/index.php\/wp-json\/wp\/v2\/types\/post"}],"author":[{"embeddable":true,"href":"https:\/\/www.gdapress.it\/it\/index.php\/wp-json\/wp\/v2\/users\/2"}],"replies":[{"embeddable":true,"href":"https:\/\/www.gdapress.it\/it\/index.php\/wp-json\/wp\/v2\/comments?post=71380"}],"version-history":[{"count":1,"href":"https:\/\/www.gdapress.it\/it\/index.php\/wp-json\/wp\/v2\/posts\/71380\/revisions"}],"predecessor-version":[{"id":71382,"href":"https:\/\/www.gdapress.it\/it\/index.php\/wp-json\/wp\/v2\/posts\/71380\/revisions\/71382"}],"wp:featuredmedia":[{"embeddable":true,"href":"https:\/\/www.gdapress.it\/it\/index.php\/wp-json\/wp\/v2\/media\/71381"}],"wp:attachment":[{"href":"https:\/\/www.gdapress.it\/it\/index.php\/wp-json\/wp\/v2\/media?parent=71380"}],"wp:term":[{"taxonomy":"category","embeddable":true,"href":"https:\/\/www.gdapress.it\/it\/index.php\/wp-json\/wp\/v2\/categories?post=71380"},{"taxonomy":"post_tag","embeddable":true,"href":"https:\/\/www.gdapress.it\/it\/index.php\/wp-json\/wp\/v2\/tags?post=71380"}],"curies":[{"name":"wp","href":"https:\/\/api.w.org\/{rel}","templated":true}]}}