
{"id":71354,"date":"2019-04-13T10:00:24","date_gmt":"2019-04-13T08:00:24","guid":{"rendered":"http:\/\/www.gdapress.it\/it\/?p=71354"},"modified":"2019-06-13T10:05:02","modified_gmt":"2019-06-13T08:05:02","slug":"euroluce-2019-linea-light-group-e-light-on-time","status":"publish","type":"post","link":"https:\/\/www.gdapress.it\/it\/index.php\/71354\/i-saloni-201220132014\/euroluce-2019-linea-light-group-e-light-on-time.html","title":{"rendered":"EUROLUCE 2019: LINEA LIGHT GROUP \u00c8 \u201cLIGHT ON TIME\u201d"},"content":{"rendered":"<p>&nbsp;<\/p>\n<p><strong>EUROLUCE 2019: LINEA LIGHT GROUP \u00c8 \u201cLIGHT ON TIME\u201d<\/strong><\/p>\n<p>Nel suo stand, l\u2019azienda di Treviso mostra nuove interpretazioni dell\u2019elemento luce, visto come una linea che percorre lo spazio, il tempo e il suono, e presenta soluzioni innovative e sorprendenti.<\/p>\n<p>Alla <strong>nuova edizione di Euroluce<\/strong>, la fiera internazionale di riferimento nel mondo dell\u2019illuminazione, <strong>Linea Light Group<\/strong> offre ai suoi visitatori un viaggio in un nuovo sistema di riferimento \u201cspaziotempo\u201d dove la luce \u00e8 \u201c<strong>Light On Time<\/strong>\u201d: una linea che percorre lo spazio, il tempo e il suono.<\/p>\n<p>Una <strong>visione innovativa e creativa<\/strong>, con protagonista <strong>un\u2019illuminazione integrata e intelligente<\/strong> al servizio del progetto e in grado di soddisfare nuovi concetti di estetica. In linea con il mood di Euroluce e con quello generale della Milano Design Week che, in questa sua 58a edizione, celebra il genio e il talento di Leonardo Da Vinci.<\/p>\n<p>All\u2019interno dello stand (organizzato su due livelli per una superficie complessiva di oltre 500 metri quadrati), Linea Light Group svela i suoi <strong>prodotti pi\u00f9 innovativi che si fanno interpreti del nuovo modo di vedere la luce<\/strong>.<\/p>\n<p><strong>Luce che attraversa il tempo e lo spazio<\/strong>: diventa una linea, un segno nero che attraversa l\u2019ambiente, con Ink-System; richiama il Neoplasticismo di fine \u2018800 &#8211; inizio \u2018900, con la composizione di Tour quadrate che strizzano l\u2019occhio a Mondrian; o, ancora, evoca il cerchio di Giotto, con un tecnicismo illuminotecnico che, da un foro di luce di soli 9 millimetri di diametro, permette di generare un fascio perfettamente rotondo e ampio due metri!<\/p>\n<p>Tempo e spazio, ma anche <strong>luce che incontra il suono<\/strong> e d\u00e0 vita a un connubio in cui l\u2019azienda di Treviso crede fortemente e che trova applicazione negli <strong>apparecchi luminosi fonoassorbenti<\/strong>, come Derby, che utilizza pannelli assorbitori sospesi con superfici ad elevata trasparenza acustica: pi\u00f9 \u00e8 vicina la fonte sonora, maggiore \u00e8 l\u2019assorbenza e minore sar\u00e0 il riverbero generato.<\/p>\n<p>Light On Time \u00e8 la nuova e sorprendente visione del futuro della luce.<\/p>\n<p>Linea Light Group @ Euroluce 2019 &#8211; Padiglione 13, Stand F08-E09<\/p>\n<p>Nata nel 1976, Linea Light Group \u00e8 stata tra le prime realt\u00e0 in Europa a specializzarsi nella tecnologia LED, risposta perfetta alle esigenze di efficienza energetica, efficacia nell\u2019illuminazione, fedelt\u00e0 dei colori e versatilit\u00e0 progettuale. L\u2019esperienza accumulata negli anni ha permesso di acquisire un know-how all\u2019avanguardia con qualit\u00e0 100% italiana, elettronica interamente realizzata in-house e un reparto R&amp;D composto da 85 professionisti dedicati. Con 5 stabilimenti produttivi, 15 sedi nel mondo e oltre 550 dipendenti, Linea Light Group oggi si distingue per una mission attenta alle peculiarit\u00e0 e alle esigenze dei partner locali in un\u2019ottica \u201cThink Global, Act Local\u201d, garantendo una copertura globale e offrendo un servizio personalizzato e puntuale, in tutto il mondo. L\u2019azienda \u00e8 cos\u00ec riuscita a sviluppare un approccio al mercato volto a dare massimo respiro alle idee, restituendo il potere della creativit\u00e0 a chi progetta, in ogni modo, con ogni mezzo.<\/p>\n","protected":false},"excerpt":{"rendered":"<p>&nbsp; EUROLUCE 2019: LINEA LIGHT GROUP \u00c8 \u201cLIGHT ON TIME\u201d Nel suo stand, l\u2019azienda di Treviso mostra nuove interpretazioni dell\u2019elemento luce, visto come una linea che percorre lo spazio, il tempo e il suono, e presenta soluzioni innovative e sorprendenti. Alla nuova edizione di Euroluce, la fiera internazionale di riferimento nel mondo dell\u2019illuminazione, Linea Light &hellip; <a href=\"https:\/\/www.gdapress.it\/it\/index.php\/71354\/i-saloni-201220132014\/euroluce-2019-linea-light-group-e-light-on-time.html\" class=\"more-link\">Read more <span class=\"screen-reader-text\">EUROLUCE 2019: LINEA LIGHT GROUP \u00c8 \u201cLIGHT ON TIME\u201d<\/span><\/a><\/p>\n","protected":false},"author":2,"featured_media":0,"comment_status":"closed","ping_status":"open","sticky":false,"template":"","format":"standard","meta":{"footnotes":""},"categories":[8151],"tags":[24598,15487,4381],"class_list":["post-71354","post","type-post","status-publish","format-standard","hentry","category-i-saloni-201220132014","tag-euroluce-2019","tag-milano-design-week","tag-salone-del-mobile"],"_links":{"self":[{"href":"https:\/\/www.gdapress.it\/it\/index.php\/wp-json\/wp\/v2\/posts\/71354","targetHints":{"allow":["GET"]}}],"collection":[{"href":"https:\/\/www.gdapress.it\/it\/index.php\/wp-json\/wp\/v2\/posts"}],"about":[{"href":"https:\/\/www.gdapress.it\/it\/index.php\/wp-json\/wp\/v2\/types\/post"}],"author":[{"embeddable":true,"href":"https:\/\/www.gdapress.it\/it\/index.php\/wp-json\/wp\/v2\/users\/2"}],"replies":[{"embeddable":true,"href":"https:\/\/www.gdapress.it\/it\/index.php\/wp-json\/wp\/v2\/comments?post=71354"}],"version-history":[{"count":1,"href":"https:\/\/www.gdapress.it\/it\/index.php\/wp-json\/wp\/v2\/posts\/71354\/revisions"}],"predecessor-version":[{"id":71355,"href":"https:\/\/www.gdapress.it\/it\/index.php\/wp-json\/wp\/v2\/posts\/71354\/revisions\/71355"}],"wp:attachment":[{"href":"https:\/\/www.gdapress.it\/it\/index.php\/wp-json\/wp\/v2\/media?parent=71354"}],"wp:term":[{"taxonomy":"category","embeddable":true,"href":"https:\/\/www.gdapress.it\/it\/index.php\/wp-json\/wp\/v2\/categories?post=71354"},{"taxonomy":"post_tag","embeddable":true,"href":"https:\/\/www.gdapress.it\/it\/index.php\/wp-json\/wp\/v2\/tags?post=71354"}],"curies":[{"name":"wp","href":"https:\/\/api.w.org\/{rel}","templated":true}]}}