
{"id":71326,"date":"2019-06-12T08:44:33","date_gmt":"2019-06-12T06:44:33","guid":{"rendered":"http:\/\/www.gdapress.it\/it\/?p=71326"},"modified":"2019-06-12T08:45:10","modified_gmt":"2019-06-12T06:45:10","slug":"novara-dance-experience-teatro-coccia","status":"publish","type":"post","link":"https:\/\/www.gdapress.it\/it\/index.php\/71326\/spettacoli\/novara-dance-experience-teatro-coccia.html","title":{"rendered":"Novara Dance Experience Teatro Coccia"},"content":{"rendered":"<p><img loading=\"lazy\" decoding=\"async\" class=\"alignleft size-large wp-image-71327\" src=\"http:\/\/www.gdapress.it\/it\/..\/public\/it\/2019\/06\/thumbnail_fracci-cuccarini-prina-500x309.jpg\" alt=\"\" width=\"500\" height=\"309\" srcset=\"https:\/\/www.gdapress.it\/it\/..\/public\/it\/2019\/06\/thumbnail_fracci-cuccarini-prina-500x309.jpg 500w, https:\/\/www.gdapress.it\/it\/..\/public\/it\/2019\/06\/thumbnail_fracci-cuccarini-prina-300x186.jpg 300w, https:\/\/www.gdapress.it\/it\/..\/public\/it\/2019\/06\/thumbnail_fracci-cuccarini-prina-768x475.jpg 768w, https:\/\/www.gdapress.it\/it\/..\/public\/it\/2019\/06\/thumbnail_fracci-cuccarini-prina-825x510.jpg 825w, https:\/\/www.gdapress.it\/it\/..\/public\/it\/2019\/06\/thumbnail_fracci-cuccarini-prina.jpg 900w\" sizes=\"auto, (max-width: 500px) 100vw, 500px\" \/><\/p>\n<p>Il Novara Dance Experience, che si realizzer\u00e0 nei giorni 12\/13\/14\/15 giugno 2019 presso il Teatro Coccia di Novara, vuole essere un degno sviluppo dell\u2019evento omonimo andato in scena lo scorso anno con enorme successo.<br \/>\nIl progetto nasce dalla volont\u00e0 dell\u2019associazione Dance Hall di promuovere e diffondere la cultura della danza e dell\u2019arte coreica.<br \/>\nUn vero e proprio Festival della danza che porter\u00e0 nella citt\u00e0 di Novara i pi\u00f9 grandi nomi della danza nazionale e internazionale.<br \/>\nIl Festival prevede quattro differenti fasi: concorso, spettacolo ospite, open class, lezioni\/audizioni a numero chiuso e gran gal\u00e0 di chiusura.<br \/>\nI concorsi si terranno il 12 e il 13 giugno con una distinzione tra il classico e il moderno.<br \/>\nSaranno ospitate due differenti giurie per un numero di otto giurati a disciplina e un totale di 17 giurati. La Signora Anna Maria Prina, gi\u00e0 Direttrice della scuola di ballo del Teatro alla Scala, presieder\u00e0 in quanto madrina del concorso, entrambe le giurie.<\/p>\n<p>&nbsp;<\/p>\n<p><img loading=\"lazy\" decoding=\"async\" class=\"alignleft size-full wp-image-71328\" src=\"http:\/\/www.gdapress.it\/it\/..\/public\/it\/2019\/06\/logo-NDE-festival.png\" alt=\"\" width=\"420\" height=\"223\" srcset=\"https:\/\/www.gdapress.it\/it\/..\/public\/it\/2019\/06\/logo-NDE-festival.png 420w, https:\/\/www.gdapress.it\/it\/..\/public\/it\/2019\/06\/logo-NDE-festival-300x159.png 300w\" sizes=\"auto, (max-width: 420px) 100vw, 420px\" \/>Giuria danza classica e danze di carattere \u2013 12 giugno &#8211; Paola Cantalupo, direttrice dell\u2019Accademia Rosella<br \/>\nHightower di Cannes, Pompea Santoro, Direttrice dell\u2019 Eko Dance Project, Fredy Franzutti, Direttore del<br \/>\nBalletto del Sud, Marco Batti, Direttore del Balletto di Siena, Laura Comi, Direttrice della scuola di ballo del<br \/>\nTeatro dell\u2019Opera di Roma, Agnese Omodei Sal\u00e8, Direttrice del Balletto di Milano, Gheorghe Iancu, \u00e9toile<br \/>\ninternazionale.<br \/>\nGiuria danza moderna \u2013 13 giugno &#8211; Franco Miseria, coreografo di programmi televisivi e musical, Roberta<br \/>\nFontana, ballerina e maestra internazionale, Luciano Cannito, coreografo internazionale, Mauro Astolfi,<br \/>\nDirettore artistico della Spellbound Contemporary Ballet e coreografo free lance, Shirley Essebom, artista<br \/>\ninternazionale e assistente di Jiri Kylian, Thomas Noone, Direttore della Thomas Noone Dance Company,<br \/>\nMichele Merola, Direttore della MM Contemporary Dance Company.<\/p>\n<p>Il 13 giugno sar\u00e0 ospite lo spettacolo LA VOCE DEL SILENZIO su liriche di Paolo Limiti con le coreografie e la<br \/>\nregia di Anna Rita Larghi.<br \/>\nTra il 14 e il 15 giugno si terranno una serie di open class di danza classica, modern e contemporaneo.<br \/>\nGli insegnanti: Anna Maria Prina per la danza classica, Kledi Kadiu per la danza moderna e Mauro Astolfi per<br \/>\nla danza contemporanea.<br \/>\nA partire dal 13 giugno fino al 15 si terranno una serie di audizioni per l\u2019Accademia di Cannes, per l\u2019Accademia<br \/>\nVaganova di San Pietroburgo e per 4 compagnie di danza europee.<br \/>\n<img loading=\"lazy\" decoding=\"async\" class=\"alignleft size-large wp-image-71330\" src=\"http:\/\/www.gdapress.it\/it\/..\/public\/it\/2019\/06\/bolero-990x556-500x281.jpg\" alt=\"\" width=\"500\" height=\"281\" srcset=\"https:\/\/www.gdapress.it\/it\/..\/public\/it\/2019\/06\/bolero-990x556-500x281.jpg 500w, https:\/\/www.gdapress.it\/it\/..\/public\/it\/2019\/06\/bolero-990x556-300x168.jpg 300w, https:\/\/www.gdapress.it\/it\/..\/public\/it\/2019\/06\/bolero-990x556-768x431.jpg 768w, https:\/\/www.gdapress.it\/it\/..\/public\/it\/2019\/06\/bolero-990x556.jpg 990w\" sizes=\"auto, (max-width: 500px) 100vw, 500px\" \/>Il 15 sera alle 20:30 sempre presso il Teatro Coccia avr\u00e0 luogo il Gran Gal\u00e0 di chiusura che, come lo scorso anno, vedr\u00e0 la partecipazione di numerosissimi e prestigiosi ospiti: Carla Fracci, Luciana Savignano, Lorella Cuccarini, Anbeta Toromani, Alessandro Macario, Gheorghe Iancu, Mauro Astolfi, Kledi Kadiu, Virna Toppi, Claudio Coviello, Bruno Vescovo, Kristina Grigorova, e moltissimi altri.<br \/>\nDurante la serata di Gala verranno consegnati tre premi alla carriera a Carla Fracci, Lorella Cuccarini e Anna Maria Prina.<br \/>\nIl Festival del \u201cNovara Dance Experience\u201d \u00e8 una co produzione tra Francesco Borelli e la Fondazione Teatro Coccia, realizzato in collaborazione con Il Comune di Novara e la LILT Novara Onlus, la lega italiana per la lotta contro i tumori.<\/p>\n<p>https:\/\/www.dancexperience.it\/spettacolo\/<\/p>\n","protected":false},"excerpt":{"rendered":"<p>Il Novara Dance Experience, che si realizzer\u00e0 nei giorni 12\/13\/14\/15 giugno 2019 presso il Teatro Coccia di Novara, vuole essere un degno sviluppo dell\u2019evento omonimo andato in scena lo scorso anno con enorme successo. Il progetto nasce dalla volont\u00e0 dell\u2019associazione Dance Hall di promuovere e diffondere la cultura della danza e dell\u2019arte coreica. Un vero &hellip; <a href=\"https:\/\/www.gdapress.it\/it\/index.php\/71326\/spettacoli\/novara-dance-experience-teatro-coccia.html\" class=\"more-link\">Read more <span class=\"screen-reader-text\">Novara Dance Experience Teatro Coccia<\/span><\/a><\/p>\n","protected":false},"author":2,"featured_media":71328,"comment_status":"closed","ping_status":"open","sticky":false,"template":"","format":"standard","meta":{"footnotes":""},"categories":[8],"tags":[24585,24586,24587,990,17882,24583,24584],"class_list":["post-71326","post","type-post","status-publish","format-standard","has-post-thumbnail","hentry","category-spettacoli","tag-anna-maria-prina","tag-carla-fracci","tag-dance-hall","tag-lorella-cuccarini","tag-luciana-savignano","tag-novara-dance-experience","tag-teatro-coccia"],"_links":{"self":[{"href":"https:\/\/www.gdapress.it\/it\/index.php\/wp-json\/wp\/v2\/posts\/71326","targetHints":{"allow":["GET"]}}],"collection":[{"href":"https:\/\/www.gdapress.it\/it\/index.php\/wp-json\/wp\/v2\/posts"}],"about":[{"href":"https:\/\/www.gdapress.it\/it\/index.php\/wp-json\/wp\/v2\/types\/post"}],"author":[{"embeddable":true,"href":"https:\/\/www.gdapress.it\/it\/index.php\/wp-json\/wp\/v2\/users\/2"}],"replies":[{"embeddable":true,"href":"https:\/\/www.gdapress.it\/it\/index.php\/wp-json\/wp\/v2\/comments?post=71326"}],"version-history":[{"count":1,"href":"https:\/\/www.gdapress.it\/it\/index.php\/wp-json\/wp\/v2\/posts\/71326\/revisions"}],"predecessor-version":[{"id":71331,"href":"https:\/\/www.gdapress.it\/it\/index.php\/wp-json\/wp\/v2\/posts\/71326\/revisions\/71331"}],"wp:featuredmedia":[{"embeddable":true,"href":"https:\/\/www.gdapress.it\/it\/index.php\/wp-json\/wp\/v2\/media\/71328"}],"wp:attachment":[{"href":"https:\/\/www.gdapress.it\/it\/index.php\/wp-json\/wp\/v2\/media?parent=71326"}],"wp:term":[{"taxonomy":"category","embeddable":true,"href":"https:\/\/www.gdapress.it\/it\/index.php\/wp-json\/wp\/v2\/categories?post=71326"},{"taxonomy":"post_tag","embeddable":true,"href":"https:\/\/www.gdapress.it\/it\/index.php\/wp-json\/wp\/v2\/tags?post=71326"}],"curies":[{"name":"wp","href":"https:\/\/api.w.org\/{rel}","templated":true}]}}