
{"id":71269,"date":"2019-06-08T14:26:34","date_gmt":"2019-06-08T12:26:34","guid":{"rendered":"http:\/\/www.gdapress.it\/it\/?p=71269"},"modified":"2019-06-08T14:26:34","modified_gmt":"2019-06-08T12:26:34","slug":"il-mare-che-vorrei-milano-photoweek-e-la-mer","status":"publish","type":"post","link":"https:\/\/www.gdapress.it\/it\/index.php\/71269\/arte\/il-mare-che-vorrei-milano-photoweek-e-la-mer.html","title":{"rendered":"IL MARE CHE VORREI Milano PhotoWeek e La Mer"},"content":{"rendered":"<p><img loading=\"lazy\" decoding=\"async\" class=\"alignleft size-full wp-image-71270\" src=\"http:\/\/www.gdapress.it\/it\/..\/public\/it\/2019\/06\/DGEz_pYs.jpeg\" alt=\"\" width=\"178\" height=\"178\" srcset=\"https:\/\/www.gdapress.it\/it\/..\/public\/it\/2019\/06\/DGEz_pYs.jpeg 178w, https:\/\/www.gdapress.it\/it\/..\/public\/it\/2019\/06\/DGEz_pYs-150x150.jpeg 150w\" sizes=\"auto, (max-width: 178px) 100vw, 178px\" \/><\/p>\n<p><strong>IL MARE CHE VORREI | Milano PhotoWeek<\/strong><br \/>\n<strong>le migliori foto di\u00a0Underwater Photographer of the Year 2019,<\/strong><strong>\u00a0<\/strong><br \/>\n<strong>un\u00a0<\/strong><strong>atelier d\u2019artista\u00a0<\/strong><strong>dedicato ai pi\u00f9 piccoli\u00a0<\/strong><strong>e sabato 8 giugno\u00a0<\/strong><strong>i<\/strong><strong>ngresso gratuito alla<\/strong>\u00a0<strong>mostra-gioco<em>Natura<\/em><\/strong><br \/>\n<strong>Rotonda della Besana<\/strong>, in collaborazione con<strong>\u00a0MUBA &#8211; Museo dei Bambini e UPY<\/strong><br \/>\n<strong>5 \u2013 9 giugno<\/strong><\/p>\n<p>Rotonda della Besana, in collaborazione con\u00a0MUBA &#8211; Museo dei Bambini e grazie a La Mer,\u00a0si trasforma in un mare a cielo aperto. Un percorso con le migliori immagini di\u00a0Underwater Photographer of the Year 2019,\u00a0il pi\u00f9 prestigioso concorso fotografico con l\u2019obiettivo di celebrare il mondo sottomarino, nato nel 1965. Un racconto che mostra la natura, le meraviglie degli abissi, il rapporto con l\u2019uomo e i pericoli ai quali i mari stanno andando incontro, e un&#8217;installazione realizzata dall&#8217;artista Daniele Papuli con\u00a0i bambini e le famiglie che vorranno partecipare per sensibilizzare sulla sempre pi\u00f9 urgente salvaguardia degli oceani.<\/p>\n<p>5 \u2013 9 giugno, 7.00 \u2013 22.00\u00a0<strong>Il mare che vorrei<\/strong><br \/>\nUn percorso fotografico dedicato agli oceani in collaborazione con Underwater Photographer of the Year 2019. In occasione di MPW,\u00a0Rotonda della Besana accoglie un racconto per immagini che mostra la natura, il rapporto con l\u2019uomo e i pericoli ai quali stanno andando incontro i mari. Attraverso numeri, domande e suggestioni, la fotografia diventa uno strumento per creare un viaggio nelle meraviglie degli abissi e un percorso di sensibilizzazione e informazione adatto a tutti. Ingresso libero.<\/p>\n<p>8 giugno, 10.30 | 14.30 | 16.30\u00a0<strong>Un&#8217;installazione a cielo aperto e un atelier con l&#8217;artista Daniele Papuli in collaborazione con\u00a0<span class=\"markzw2sb3y2w\" data-markjs=\"true\" data-ogac=\"\" data-ogab=\"\" data-ogsc=\"\" data-ogsb=\"\">MUBA<\/span><\/strong><br \/>\nUn atelier d\u2019artista con Daniele Papuli per realizzare un mare a cielo aperto\u00a0fatto di carta: i bambini, con frammenti, piccole geometrie ritagliate, raffigurano i tesori, l\u2019habitat, gli abitanti e le loro visioni del mare. Il risultato sar\u00e0 visibile fino a domenica 9 giugno. Consigliato per bambini dai 7 agli 11 anni. Attivit\u00e0 gratuita fino a esaurimento posti previa prenotazione telefonica obbligatoria allo 02 43980402.<\/p>\n<p>8 giugno, 10.00 | 11.30 | 14.00 | 15.30 | 17.00\u00a0<strong>Visitare la mostra-gioco Natura<\/strong><br \/>\n<em>Natura<\/em>\u00a0\u00e8 una mostra-gioco nata con l\u2019obiettivo di ampliare la capacit\u00e0 di osservazione ed esplorazione della natura. Grazie al supporto di La Mer, sabato 8 giugno la mostra \u00e8 visitabile gratuitamente. Consigliato per bambini dai 2 ai 6 anni. \u00c8 necessaria la presenza di un adulto. Prenotazione sul sito di\u00a0MUBA\u00a0 (https:\/\/ticketing.muba.it).<\/p>\n<p>Un progetto ArtsFor_ Milano PhotoWeek realizzato con il supporto di La Mer, in collaborazione con\u00a0<span class=\"markzw2sb3y2w\" data-markjs=\"true\" data-ogac=\"\" data-ogab=\"\" data-ogsc=\"\" data-ogsb=\"\">MUBA<\/span>&#8211; Museo dei Bambini Milano e Underwater Photographer of the Year 2019. Art direction Studio FM Milano.<\/p>\n<p>La Mer per Milano PhotoWeek<br \/>\nL\u2019obiettivo della partecipazione a Milano PhotoWeek vuole rappresentare visivamente la volont\u00e0 e l\u2019impegno nel<br \/>\ncontinuare ad aumentare la sensibilizzazione verso la salvaguardia dell\u2019ecosistema marino.<br \/>\nLe meravigliose immagini del mare vogliono essere un messaggio di bellezza, di forza, di potenza, di fascino e incanto.<br \/>\nI nostri prodotti ricevono dal mare la maggior parte degli ingredienti che li compongono, perci\u00f2 la tutela<br \/>\ndell\u2019ambiente marino ha per noi una fondamentale importanza. Rispettiamo il mare per poter godere dei suoi benef\u00ecci,<br \/>\nlo trattiamo con amore e con speranza. La Mer ha lanciato questo messaggio 10 anni fa alle sue consumatrici, ora \u00e8<br \/>\narrivato il momento di amplificarne l\u2019eco per un pubblico pi\u00f9 ampio. Il mare \u00e8 l\u2019energia di cui tutti abbiamo bisogno e<br \/>\nche dobbiamo proteggere per le generazioni future: perci\u00f2 pensare ai bambini e al loro sogno di mare ci ha dato lo<br \/>\nspunto per sostenere con entusiasmo questo bellissimo progetto. Team La Mer<br \/>\nI segreti di La Mer<br \/>\nL\u2019ambitissima Cr\u00e8me de la Mer \u00e8 diventata un prodotto di culto, devoti di tutto il mondo si sono innamorati di<br \/>\nquesto prodotto, che aiuta a rendere la pelle la loro parte migliore. Perfezionata dal Dr. Max Huber, dopo 12 anni e<br \/>\n6.000 esperimenti, la meticolosa selezione degli ingredienti e l\u2019intenso processo di bio-fermentazione costituiscono<br \/>\nancora il cuore del brand e sono tra i segreti pi\u00f9 custoditi nell\u2019industria della bellezza.<br \/>\nProcesso di trasformazione. Il Miracle Broth &#x2122;, un potente mix di preziosi ingredienti di origine marina, \u00e8 l&#8217;anima<br \/>\ndelle iconiche e ambite formule di La Mer. Il cuore risiede nelle alghe marine, ricche di sostanze nutritive, che si<br \/>\ntrasformano nel corso di un processo di biofermentazione di 3-4 mesi, insieme ad altri ingredienti puri, in una<br \/>\nfonte di energia potenziata che agisce come un potente catalizzatore per il rinnovamento della pelle.<br \/>\nUn legame senza tempo con la formula originale. Per mantenere intatta l\u2019autenticit\u00e0 e i potenti benefici di ogni<br \/>\nnuova produzione di Miracle Broth&#x2122;, una piccola porzione della produzione precedente \u00e8 aggiunta alla successiva.<br \/>\nUtilizzato come punto di partenza per le formule di nuova generazione, questo \u201cbrodo originale\u201d pu\u00f2 essere<br \/>\ncollegato a Miracle Broth&#x2122; del Dr. Huber. Ancora oggi La Mer utilizza la stessa meticolosa maestria e la potente<br \/>\nformula sviluppata dal Dr. Huber.<br \/>\nUna raccolta sostenibile. Nella ricerca del fuco marino, il Dr. Huber non era solo ispirato alle propriet\u00e0 curative<br \/>\ndel mare, ma lo scelse anche per la sua naturale capacit\u00e0 di rigenerarsi fino a due metri al giorno nei primi giorni<br \/>\ndella stagione della crescita. Solo le fronde migliori vengono raccolte e utilizzate per creare il Miracle Broth&#x2122;,<br \/>\nlasciando pianta ed ecosistema intatti. La Mer onora e rispetta l\u2019eredit\u00e0 lasciata dal Dr. Huber e il suo amore per<br \/>\nl\u2019oceano. Da anni che La Mer celebra il World Oceans Day, collaborando con prestigiose organizzazioni per<br \/>\nsostenere la salute degli oceani, la nostra risorsa pi\u00f9 preziosa.<br \/>\nIl Mare. La Mer crede che gli oceani abbiano straordinarie propriet\u00e0 che devono ancora essere pienamente<br \/>\nscoperte e capite. Con oltre il 70% della terra ricoperto d\u2019acqua e il 97% del mare ancora da esplorare, le<br \/>\nopportunit\u00e0 e l\u2019ispirazione per le future innovazioni di La Mer sono infinite. Le piante marine sono capaci di<br \/>\nsopravvivere in condizioni estreme e si adattano spesso ai cambiamenti dell\u2019ambiente, acquisendo potenti poteri<br \/>\nche possono essere sfruttati per rinnovare l\u2019aspetto della pelle.<br \/>\nwww.lamer.eu<\/p>\n<p>photo credit:\u00a0Fran\u00e7ois Baelen<em>,\u00a0<\/em>Underwater Photographer of the Year 2019,<strong>\u00a0<\/strong><em>Il mare che vorrei<\/em>,<em>\u00a0<\/em>Rotonda della Besana Milano<\/p>\n<div>\n<hr \/>\n<p>&nbsp;<\/p>\n<p>[ III edizione ] 3 &gt; 9 giugno 2019<br \/>\nMostre, laboratori, conferenze, proiezioni, visite guidate, progetti didattici ed editoriali:\u00a0a Milano un\u2019intera settimana dedicata alla fotografia.<br \/>\nMilano PhotoWeek \u00e8 un progetto promosso e coordinato da Comune di Milano | Assessorato alla Cultura in collaborazione con ArtsFor_<\/p>\n<p>#MPW2019 #MilanoPhotoWeek<br \/>\n<a href=\"https:\/\/adicorbetta.us9.list-manage.com\/track\/click?u=1dd7b95a164fb002fa5819227&amp;id=0d80b51d1a&amp;e=92865a8571\" target=\"_blank\" rel=\"noopener noreferrer\" data-auth=\"NotApplicable\">www.photoweekmilano.it<\/a><br \/>\n<a href=\"https:\/\/adicorbetta.us9.list-manage.com\/track\/click?u=1dd7b95a164fb002fa5819227&amp;id=fed8d58ada&amp;e=92865a8571\" target=\"_blank\" rel=\"noopener noreferrer\" data-auth=\"NotApplicable\">www.yesmilano.it<\/a><\/div>\n","protected":false},"excerpt":{"rendered":"<p>IL MARE CHE VORREI | Milano PhotoWeek le migliori foto di\u00a0Underwater Photographer of the Year 2019,\u00a0 un\u00a0atelier d\u2019artista\u00a0dedicato ai pi\u00f9 piccoli\u00a0e sabato 8 giugno\u00a0ingresso gratuito alla\u00a0mostra-giocoNatura Rotonda della Besana, in collaborazione con\u00a0MUBA &#8211; Museo dei Bambini e UPY 5 \u2013 9 giugno Rotonda della Besana, in collaborazione con\u00a0MUBA &#8211; Museo dei Bambini e grazie a &hellip; <a href=\"https:\/\/www.gdapress.it\/it\/index.php\/71269\/arte\/il-mare-che-vorrei-milano-photoweek-e-la-mer.html\" class=\"more-link\">Read more <span class=\"screen-reader-text\">IL MARE CHE VORREI Milano PhotoWeek e La Mer<\/span><\/a><\/p>\n","protected":false},"author":2,"featured_media":71270,"comment_status":"closed","ping_status":"open","sticky":false,"template":"","format":"standard","meta":{"footnotes":""},"categories":[4],"tags":[24521,20275],"class_list":["post-71269","post","type-post","status-publish","format-standard","has-post-thumbnail","hentry","category-arte","tag-la-mer","tag-milano-photoweek"],"_links":{"self":[{"href":"https:\/\/www.gdapress.it\/it\/index.php\/wp-json\/wp\/v2\/posts\/71269","targetHints":{"allow":["GET"]}}],"collection":[{"href":"https:\/\/www.gdapress.it\/it\/index.php\/wp-json\/wp\/v2\/posts"}],"about":[{"href":"https:\/\/www.gdapress.it\/it\/index.php\/wp-json\/wp\/v2\/types\/post"}],"author":[{"embeddable":true,"href":"https:\/\/www.gdapress.it\/it\/index.php\/wp-json\/wp\/v2\/users\/2"}],"replies":[{"embeddable":true,"href":"https:\/\/www.gdapress.it\/it\/index.php\/wp-json\/wp\/v2\/comments?post=71269"}],"version-history":[{"count":1,"href":"https:\/\/www.gdapress.it\/it\/index.php\/wp-json\/wp\/v2\/posts\/71269\/revisions"}],"predecessor-version":[{"id":71271,"href":"https:\/\/www.gdapress.it\/it\/index.php\/wp-json\/wp\/v2\/posts\/71269\/revisions\/71271"}],"wp:featuredmedia":[{"embeddable":true,"href":"https:\/\/www.gdapress.it\/it\/index.php\/wp-json\/wp\/v2\/media\/71270"}],"wp:attachment":[{"href":"https:\/\/www.gdapress.it\/it\/index.php\/wp-json\/wp\/v2\/media?parent=71269"}],"wp:term":[{"taxonomy":"category","embeddable":true,"href":"https:\/\/www.gdapress.it\/it\/index.php\/wp-json\/wp\/v2\/categories?post=71269"},{"taxonomy":"post_tag","embeddable":true,"href":"https:\/\/www.gdapress.it\/it\/index.php\/wp-json\/wp\/v2\/tags?post=71269"}],"curies":[{"name":"wp","href":"https:\/\/api.w.org\/{rel}","templated":true}]}}