
{"id":71117,"date":"2019-05-25T10:19:50","date_gmt":"2019-05-25T08:19:50","guid":{"rendered":"http:\/\/www.gdapress.it\/it\/?p=71117"},"modified":"2019-05-25T10:21:30","modified_gmt":"2019-05-25T08:21:30","slug":"mostra-tracce-di-un-operaio-di-andrea-capecci-matera2019","status":"publish","type":"post","link":"https:\/\/www.gdapress.it\/it\/index.php\/71117\/arte\/mostra-tracce-di-un-operaio-di-andrea-capecci-matera2019.html","title":{"rendered":"Mostra Tracce di un Operaio di Andrea Capecci  Matera2019"},"content":{"rendered":"<p>&nbsp;<\/p>\n<p><img loading=\"lazy\" decoding=\"async\" class=\"alignleft size-medium wp-image-71118\" src=\"http:\/\/www.gdapress.it\/it\/..\/public\/it\/2019\/05\/IMG-20190506-WA0025-240x300.jpg\" alt=\"\" width=\"240\" height=\"300\" srcset=\"https:\/\/www.gdapress.it\/it\/..\/public\/it\/2019\/05\/IMG-20190506-WA0025-240x300.jpg 240w, https:\/\/www.gdapress.it\/it\/..\/public\/it\/2019\/05\/IMG-20190506-WA0025.jpg 768w, https:\/\/www.gdapress.it\/it\/..\/public\/it\/2019\/05\/IMG-20190506-WA0025-320x400.jpg 320w\" sizes=\"auto, (max-width: 240px) 100vw, 240px\" \/>Mostra <strong><em>Tracce di un Operaio<\/em> <\/strong>di <strong>Andrea Capecci <\/strong>a cura di Arte per le Marche<\/p>\n<p>Dal 25 maggio al 15 giugno 2019<\/p>\n<p>Chiesa rupestre di Sant\u2019Antonio Abate<\/p>\n<p>Via Sant\u2019Antonio Abate<\/p>\n<p>Sassi di Matera<\/p>\n<p>Inaugurazione\u00a0 25 maggio 2019 alle ore 17.00<\/p>\n<p>a cura di Arte per le Marche<\/p>\n<p>in collaborazione con l&#8217;Associazione Patrimonio Rupestre<\/p>\n<p>&nbsp;<\/p>\n<p><img loading=\"lazy\" decoding=\"async\" class=\"alignleft size-medium wp-image-71119\" src=\"http:\/\/www.gdapress.it\/it\/..\/public\/it\/2019\/05\/IMG-20190506-WA0044-300x300.jpg\" alt=\"\" width=\"300\" height=\"300\" srcset=\"https:\/\/www.gdapress.it\/it\/..\/public\/it\/2019\/05\/IMG-20190506-WA0044-300x300.jpg 300w, https:\/\/www.gdapress.it\/it\/..\/public\/it\/2019\/05\/IMG-20190506-WA0044-150x150.jpg 150w, https:\/\/www.gdapress.it\/it\/..\/public\/it\/2019\/05\/IMG-20190506-WA0044-768x768.jpg 768w, https:\/\/www.gdapress.it\/it\/..\/public\/it\/2019\/05\/IMG-20190506-WA0044-400x400.jpg 400w, https:\/\/www.gdapress.it\/it\/..\/public\/it\/2019\/05\/IMG-20190506-WA0044.jpg 960w\" sizes=\"auto, (max-width: 300px) 100vw, 300px\" \/>In questo nostro tempo cos\u00ec confuso dietro immagini di ogni tipo, senza appigli n\u00e9 regole, ma liquefatto in mille rivoli disordinati si sente la necessit\u00e0 di cercare la propria storia e origine.<\/p>\n<p>Da questo incipit nasce una mostra originale, <strong><em>Tracce di un Operaio<\/em> <\/strong>di <strong>Andrea Capecci<\/strong> il quale sedimenta, attraverso una tecnica originale della lavorazione dei tessuti, in particolare del denim, un excursus materico caratterizzante il percorso post industriale dell\u2019uomo moderno.<\/p>\n<p>Poliedrico e creativo, Andrea Capecci ha percorso nella sua carriera una strada al confine tra il design e la ricerca tecnologica e al contempo antropologica che l\u2019uomo ha compiuto nel lavoro, coniando uno stile assolutamente originale che lo ha portato ad evidenziarsi nel palinsesto artistico nazionale,<\/p>\n<p>L\u2019Arte non \u00e8 solo rappresentazione estetica di un\u2019opera bens\u00ec apre a nuovi dialoghi tra l\u2019artista ed il sociale e mai come in Andrea Capecci questo si evidenzia.<\/p>\n<p>Molteplici le sue esperienze artistiche e lavorative con gruppi di design industriali, dove ha interagito a met\u00e0 tra progetto-lavoro e ricerca creativa sviluppando un linguaggio artistico tutto suo.<\/p>\n<p>Il tessuto non \u00e8 pi\u00f9 semplicemente un tessuto per vestire ma un tessuto che spoglia l\u2019Uomo che lo indossa e ne racconta le sue fragilit\u00e0, le sue ansie finanche il suo DNA.<\/p>\n<p>\u00c8 la trama del suo vissuto, il suo cibo \u00e8 opera del suo pensiero: il lavoro. \u00a0Perch\u00e9 l\u2019uomo non \u00e8 soltanto ci\u00f2 che mangia, termine abusato nei nostri giorni ma \u00e8 soprattutto ci\u00f2 che pensa.<\/p>\n<p><em>Tracce di un operaio<\/em> in realt\u00e0 si pone un obiettivo o meglio un interrogativo: \u201cche cosa rimane oggi dell\u2019operaio del secolo scorso che tanto ha prodotto di ricchezza globale?\u201d<\/p>\n<p>\u00c8 una domanda questa che posta all\u2019 interno di Matera 2019 ha un senso di valore ecumenico dell\u2019Arte.<\/p>\n<p>Mai come ora infatti il nostro uomo, non solo cerca il lavoro ma cerca anche un altro ruolo per approcciarsi ad esso, vista la grande avanzata dell\u2019era tecnologica.<\/p>\n<p>Tessuti stesi a raccontare uomini persi che a Matera si vogliono ritrovare. Antonella Ventura<\/p>\n<p>&nbsp;<\/p>\n<p>Info:<\/p>\n<p>Chiesa rupestre di Sant\u2019Antonio Abate: Gabriele Martulli 345.6287540<\/p>\n<p>Arte per le Marche: Antonella Ventura\u00a0 346 084146<\/p>\n<p>&nbsp;<\/p>\n<p>\u201cArte per le Marche\u201d<\/p>\n<p>Via Roma 99 &#8211;\u00a0 62010 Pollenza (Mc)<\/p>\n<p>346 084146<\/p>\n<p><a href=\"mailto:arteperlemarche@gmail.com\">arteperlemarche@gmail.com<\/a><\/p>\n<p>&nbsp;<\/p>\n<p>&nbsp;<\/p>\n","protected":false},"excerpt":{"rendered":"<p>&nbsp; Mostra Tracce di un Operaio di Andrea Capecci a cura di Arte per le Marche Dal 25 maggio al 15 giugno 2019 Chiesa rupestre di Sant\u2019Antonio Abate Via Sant\u2019Antonio Abate Sassi di Matera Inaugurazione\u00a0 25 maggio 2019 alle ore 17.00 a cura di Arte per le Marche in collaborazione con l&#8217;Associazione Patrimonio Rupestre &nbsp; &hellip; <a href=\"https:\/\/www.gdapress.it\/it\/index.php\/71117\/arte\/mostra-tracce-di-un-operaio-di-andrea-capecci-matera2019.html\" class=\"more-link\">Read more <span class=\"screen-reader-text\">Mostra Tracce di un Operaio di Andrea Capecci  Matera2019<\/span><\/a><\/p>\n","protected":false},"author":2,"featured_media":71119,"comment_status":"closed","ping_status":"open","sticky":false,"template":"","format":"standard","meta":{"footnotes":""},"categories":[4],"tags":[24459,6197,6198,24460,24133,24461],"class_list":["post-71117","post","type-post","status-publish","format-standard","has-post-thumbnail","hentry","category-arte","tag-andrea-capecci","tag-antonella-ventura","tag-arte-per-le-marche","tag-chiesa-rupestre-di-santantonio-abate","tag-matera-2019","tag-sassi-di-matera"],"_links":{"self":[{"href":"https:\/\/www.gdapress.it\/it\/index.php\/wp-json\/wp\/v2\/posts\/71117","targetHints":{"allow":["GET"]}}],"collection":[{"href":"https:\/\/www.gdapress.it\/it\/index.php\/wp-json\/wp\/v2\/posts"}],"about":[{"href":"https:\/\/www.gdapress.it\/it\/index.php\/wp-json\/wp\/v2\/types\/post"}],"author":[{"embeddable":true,"href":"https:\/\/www.gdapress.it\/it\/index.php\/wp-json\/wp\/v2\/users\/2"}],"replies":[{"embeddable":true,"href":"https:\/\/www.gdapress.it\/it\/index.php\/wp-json\/wp\/v2\/comments?post=71117"}],"version-history":[{"count":2,"href":"https:\/\/www.gdapress.it\/it\/index.php\/wp-json\/wp\/v2\/posts\/71117\/revisions"}],"predecessor-version":[{"id":71121,"href":"https:\/\/www.gdapress.it\/it\/index.php\/wp-json\/wp\/v2\/posts\/71117\/revisions\/71121"}],"wp:featuredmedia":[{"embeddable":true,"href":"https:\/\/www.gdapress.it\/it\/index.php\/wp-json\/wp\/v2\/media\/71119"}],"wp:attachment":[{"href":"https:\/\/www.gdapress.it\/it\/index.php\/wp-json\/wp\/v2\/media?parent=71117"}],"wp:term":[{"taxonomy":"category","embeddable":true,"href":"https:\/\/www.gdapress.it\/it\/index.php\/wp-json\/wp\/v2\/categories?post=71117"},{"taxonomy":"post_tag","embeddable":true,"href":"https:\/\/www.gdapress.it\/it\/index.php\/wp-json\/wp\/v2\/tags?post=71117"}],"curies":[{"name":"wp","href":"https:\/\/api.w.org\/{rel}","templated":true}]}}