
{"id":70999,"date":"2019-05-13T13:37:01","date_gmt":"2019-05-13T11:37:01","guid":{"rendered":"http:\/\/www.gdapress.it\/it\/?p=70999"},"modified":"2019-05-13T13:37:01","modified_gmt":"2019-05-13T11:37:01","slug":"concerto-per-milano-la-filarmonica-della-scala-e-riccardo-chailly-in-piazza-duomo-con-dvorak-e-un-omaggio-a-nino-rota","status":"publish","type":"post","link":"https:\/\/www.gdapress.it\/it\/index.php\/70999\/musica\/concerto-per-milano-la-filarmonica-della-scala-e-riccardo-chailly-in-piazza-duomo-con-dvorak-e-un-omaggio-a-nino-rota.html","title":{"rendered":"Concerto per Milano: la Filarmonica della Scala e Riccardo Chailly in Piazza Duomo con Dvo\u0159\u00e1k e un omaggio a Nino Rota"},"content":{"rendered":"<p><img loading=\"lazy\" decoding=\"async\" class=\"alignleft size-large wp-image-71000\" src=\"http:\/\/www.gdapress.it\/it\/..\/public\/it\/2019\/05\/nNcwAUQX-500x333.jpeg\" alt=\"\" width=\"500\" height=\"333\" srcset=\"https:\/\/www.gdapress.it\/it\/..\/public\/it\/2019\/05\/nNcwAUQX-500x333.jpeg 500w, https:\/\/www.gdapress.it\/it\/..\/public\/it\/2019\/05\/nNcwAUQX-300x200.jpeg 300w, https:\/\/www.gdapress.it\/it\/..\/public\/it\/2019\/05\/nNcwAUQX-768x512.jpeg 768w, https:\/\/www.gdapress.it\/it\/..\/public\/it\/2019\/05\/nNcwAUQX-720x480.jpeg 720w, https:\/\/www.gdapress.it\/it\/..\/public\/it\/2019\/05\/nNcwAUQX-272x182.jpeg 272w\" sizes=\"auto, (max-width: 500px) 100vw, 500px\" \/><\/p>\n<p><strong>Concerto per Milano: la Filarmonica della Scala e Riccardo Chailly in Piazza Duomo con Dvo<\/strong><strong>\u0159<\/strong><strong>\u00e1k e un omaggio a Nino Rota<\/strong><\/p>\n<p><em>UniCredit e Allianz Italia sostengono il grande concerto gratuito nel cuore della citt\u00e0: settima edizione per l\u2019appuntamento trasmesso anche in diretta da Rai Cultura in Italia e all\u2019estero.<\/em><\/p>\n<p><em>Riccardo Chailly dirige la Sinfonia \u201cdal Nuovo Mondo\u201d di Dvo<\/em><em>\u0159<\/em><em>\u00e1k, la Suite da <\/em>La Strada<em> e estratti da <\/em>Prova d\u2019Orchestra<em>, omaggio felliniano a Nino Rota nel quarantesimo della scomparsa. Disponibile dal 7 giugno \u201cThe Fellini Album\u201d pubblicato da Decca.<\/em><\/p>\n<p><strong>Domenica<\/strong> <strong>9 giugno 2019<\/strong> <strong>alle<\/strong> <strong>21.30<\/strong> la <strong>Filarmonica della Scala<\/strong>, il Main Partner <strong>UniCredit<\/strong> e lo Sponsor <strong>Allianz<\/strong> presentano la settima edizione del <em>Concerto per Milano<\/em>, l\u2019annuale appuntamento sinfonico gratuito in Piazza Duomo che trasforma il cuore della citt\u00e0 in una sala da concerto sotto le stelle. Sul podio dell\u2019orchestra, come tradizione in questi anni, c\u2019\u00e8 <strong>Riccardo Chailly<\/strong> che dirige la Sinfonia n. 9 in mi min. di Anton\u00edn Dvo\u0159\u00e1k e un tributo a Nino Rota, uno dei compositori italiani pi\u00f9 originali e prolifici del Novecento, nel quarantesimo della scomparsa: alla sinfonia del boemo Dvo\u0159\u00e1k, detta \u201cdal Nuovo Mondo\u201d per l\u2019ispirazione al folklore americano e la vitalit\u00e0 ritmica che l\u2019hanno resa tra le pi\u00f9 celebri e pi\u00f9 sorprendenti del repertorio, seguono la Suite del balletto <em>La Strada<\/em>, dal film omonimo di Federico Fellini (Oscar nel 1957 come miglior film straniero), <em>Risatine Maliziose<\/em> e <em>Galopp<\/em>, brani estratti dalla colonna sonora del film <em>Prova d\u2019orchestra <\/em>(1979), frutto di quella relazione tra Rota e Fellini che ha prodotto capolavori divenuti nel tempo ritratti dell\u2019Italia intera.<\/p>\n<p>A Nino Rota, in questa ricorrenza, la Filarmonica della Scala e Riccardo Chailly dedicano un\u2019incisione discografica. Sar\u00e0 disponibile dal 7 giugno \u201cThe Fellini Album\u201d, pubblicato dalla Decca di Londra, che raccoglie le pagine musicali pi\u00f9 significative di pellicole che tutto il mondo ama: <em>Amarcord<\/em>, <em>8 \u00bd<\/em>, <em>La dolce vita<\/em>, <em>Il Casanova<\/em>, <em>I Clowns<\/em>.<\/p>\n<p>Rai Cultura trasmette il <em>Concerto per Milano<\/em> in diretta su <em>Rai 5<\/em> in HD, con la regia di Patrizia Carmine, sul portale web <em>RaiPlay<\/em> e su <em>Radio3. <\/em>Grazie a RaiCom \u00e8 inoltre trasmesso in diretta in Germania, Francia e nei paesi francofoni da <em>Arte<\/em>, in Grecia, Lettonia, Repubblica Ceca, Slovenia, e in differita in Corea, in Nord Africa e Medio Oriente (paesi Mena), Giappone e Cina. Sempre pi\u00f9 apprezzato da pubblico e spettatori stranieri l\u2019appuntamento \u00e8 tra gli eventi internazionali pi\u00f9 attesi, confermando il valore identitario dell\u2019iniziativa frutto della sinergia tra la Filarmonica della Scala \u2013 istituzione indipendente che senza attingere a fondi pubblici svolge un\u2019importante funzione culturale e sociale \u2013 i partner e le istituzioni cittadine.<\/p>\n<p>Fabrizio Saccomanni, Presidente della Filarmonica della Scala e di UniCredit afferma: \u00abIl Concerto per Milano, gratuito e aperto a tutti, esprime appieno i valori che uniscono l\u2019Orchestra e UniCredit: avvicinare la musica ad un pubblico sempre pi\u00f9 ampio attraverso iniziative di grande qualit\u00e0 e sostenere cos\u00ec le nostre comunit\u00e0. Sono occasioni di coesione e di crescita per tutti, che generano un impatto positivo sulla societ\u00e0\u00bb ha dichiarato Fabrizio Saccomanni, Presidente UniCredit e Filarmonica della Scala.<\/p>\n<p>Giacomo Campora,\u00a0Amministratore Delegato\u00a0di\u00a0Allianz S.p.A. commenta: \u00abAllianz \u00e8 partner di lunga data della Filarmonica della Scala e siamo onorati di poter essere al suo fianco\u00a0&#8211; per il settimo anno consecutivo &#8211; unitamente al Comune di Milano e ad UniCredit per offrire ai milanesi e a tutti gli appassionati della grande musica un\u2019altra emozionante serata con il Maestro Riccardo Chailly in piazza del Duomo\u201d.<\/p>\n<p>Realizzato con il patrocinio del <strong>Comune di Milano,<\/strong> e dal 2018 con il sostegno di <strong>Esselunga<\/strong>, il <em>Concerto per Milano<\/em> ha ormai assunto una forte connotazione simbolica, come momento per un\u2019intera comunit\u00e0 di ritrovarsi ad ascoltare la Filarmonica della Scala sotto le guglie del Duomo. Anche quest\u2019anno sette maxischermi e un impianto audio ad alta definizione consentono, alle migliaia di spettatori, visione e ascolto ottimali da qualsiasi punto della piazza. L\u2019iniziativa si avvale del supporto di: <strong>Rai Cultura<\/strong>; <strong>Class Editori<\/strong>, Media Partner; <strong>Vidion<\/strong>, Digital Partner; <strong>ATM<\/strong>, <strong>Trenord<\/strong> e <strong>Sea Aeroporti<\/strong>, Mobility Partner dell\u2019iniziativa.<\/p>\n<p>Come negli anni scorsi la Filarmonica utilizza le migliori tecnologie audio e video: monitor a Led, fari di ultima generazione, un impianto audio realizzato con 132 diffusori L-Acoustic e 120 microfoni in grado di captare il suono in modo naturale. Il supporto professionale \u00e8 fornito da Agor\u00e0, Massimo Stage, New Light, Event Management.<\/p>\n<p>Le riprese televisive in HD sono affidate a 12 telecamere della Rai, che impiega una squadra di oltre 60 addetti e, attraverso regie dedicate, trasmette le immagini su 7 megaschermi allestiti in Piazza Duomo e le trasferisce via satellite al centro di produzione per la diffusione in diretta sui canali televisivi. Questi numeri, uniti alle 200 persone coinvolte nello staff della produzione, fanno del <em>Concerto per Milano<\/em> il pi\u00f9 importante evento gratuito di musica sinfonica all\u2019aperto in Italia.<\/p>\n<p>Il Concerto per Milano \u00e8 \u201c<strong>senza plastica<\/strong>\u201d: lo staff e il personale impegnato nell\u2019evento utilizza borracce in alluminio per limitare il consumo di bottiglie usa e getta. La Filarmonica invita il pubblico a fare altrettanto la sera del concerto e incentiva l\u2019utilizzo dei mezzi pubblici per raggiungere l\u2019area del concerto in modo da ridurre l\u2019impatto ambientale.<\/p>\n<p>In occasione del concerto \u00e8 disponibile un biglietto speciale <em>Trenord Day Pass<\/em>, in vendita al prezzo di \u20ac 13, che consente di raggiungere in treno Milano da tutte le stazioni servite all\u2019interno dell\u2019area di validit\u00e0 della tariffa ferroviaria regionale. Il biglietto sar\u00e0 in vendita su tutti i canali Trenord.<\/p>\n<p>Il rapporto di Riccardo Chailly e della Filarmonica della Scala con la musica di Nino Rota \u00e8 di lunga data: Riccardo Chailly ha incontrato Rota nel 1974 a Lanciano, durante la preparazione dell\u2019orchestra ai corsi estivi, per l\u2019esecuzione del suo Concerto in do per pianoforte, eseguito dallo stesso autore. Chailly ha sempre sostenuto il valore e la profonda conoscenza musicale di Rota, contribuendo al pieno riconoscimento di uno dei massimi autori del Novecento. Numerose sono le esecuzioni con la Filarmonica, anche all\u2019estero, come alla Carnegie Hall di New York, dove la suite sinfonica dal balletto <em>La strada<\/em> \u00e8 stata eseguita durante la trionfale tourn\u00e9e americana dell\u2019orchestra nel 2007.<\/p>\n<p>Edizioni precedenti: nel 2013, in occasione degli Expo Days, che anticipavano l\u2019esposizione universale del 2015, Riccardo Chailly aveva diretto musiche di Gershwin, con Stefano Bollani al pianoforte, davanti a un pubblico di quasi 50.000 spettatori; nel 2014 oltre 40.000 milanesi sono rimasti ad ascoltare Esa-Pekka Salonen con il pianista Lang Lang, nonostante la pioggia battente. Nell\u2019anno di Expo, con Chailly sul podio e l\u2019esibizione di David Garrett, il concerto in Piazza Duomo \u00e8 diventato l\u2019evento pi\u00f9 partecipato della classica milanese. Le ultime edizioni hanno portato sul palcoscenico con Riccardo Chailly la pianista argentina Martha Argerich, il violinista Nikolaj Znaider e il pianista russo Denis Matsuev.<\/p>\n<p><strong>Il programma:<\/strong><\/p>\n<p><strong>Domenica 9 giugno 2019, ore 21.30<\/strong><\/p>\n<p><strong>Piazza Duomo<\/strong><\/p>\n<p><strong>Filarmonica della Scala<\/strong><\/p>\n<p><strong>Riccardo Chailly<\/strong>, direttore<\/p>\n<p>Anton\u00edn Dvo\u0159\u00e1k<\/p>\n<p>Sinfonia n. 9 in mi min. <em>dal Nuovo Mondo<\/em><\/p>\n<p>Nino Rota<\/p>\n<p><em>La Strada<\/em>, Suite sinfonica dal balletto<\/p>\n<p><em>Risatine Malizione<\/em><\/p>\n<p><em>Galopp<\/em><\/p>\n<p>da <em>Prova d\u2019orchestra<\/em><\/p>\n<p><strong>Concerto gratuito<\/strong><\/p>\n<p><strong>Biografie<\/strong><strong>\u00a0<\/strong><\/p>\n<p><strong>Riccardo Chailly<\/strong><strong>\u00a0<\/strong><\/p>\n<p>Riccardo Chailly \u00e8 Direttore Musicale del Teatro alla Scala e Direttore Principale della Filarmonica della Scala. \u00c8 stato Kapellmeister del Gewandhausorchester di Lipsia, la compagine sinfonica pi\u00f9 antica d\u2019Europa, e Direttore Principale dell\u2019Orchestra del Royal Concertgebouw di Amsterdam, che ha guidato per sedici anni, oltre che dell\u2019Orchestra Verdi di Milano. Dal 2016 \u00e8 Direttore Musicale dell\u2019Orchestra del Festival di Lucerna, succedendo a Claudio Abbado. Conduce le principali orchestre internazionali, fra cui Wiener e Berliner Philharmoniker, New York Philharmonic, Cleveland Orchestra, Philadelphia Orchestra e Chicago Symphony Orchestra. \u00c8 ospite regolare di festival quali Salisburgo e BBC Proms di Londra. Da oltre trent\u2019anni \u00e8 artista esclusivo Decca. Tra i riconoscimenti pi\u00f9 recenti il Gramophone Award come Disco dell\u2019Anno per l\u2019integrale delle <em>Sinfonie<\/em> di Brahms. L\u2019attivit\u00e0 discografica con la Filarmonica della Scala, ripresa nel 2013 con il disco <em>Viva Verdi<\/em> realizzato in occasione del bicentenario verdiano, ha visto nel 2017 l\u2019uscita di <em>Overtures, Preludi e Intermezzi<\/em> da opere che\u00a0\u00a0hanno avuto la prima rappresentazione alla Scala.<\/p>\n<p><strong>Filarmonica della Scala <\/strong><\/p>\n<p>Fondata da Claudio Abbado e dai musicisti scaligeri con l\u2019obiettivo di sviluppare il repertorio sinfonico accanto alla tradizione operistica del Teatro, si costituisce in associazione indipendente nel 1982. Rilevanti sono i contributi di Carlo Maria Giulini e Riccardo Muti. L\u2019orchestra annovera rapporti di collaborazione con i maggiori direttori: Georges Pr\u00eatre, Lorin Maazel e Wolfgang Sawallisch sono presenti dalle prime stagioni e ne diventano Membri Onorari cos\u00ec come lo sono attualmente Valery Gergiev e Daniel Barenboim. Con oltre ottocento concerti la Filarmonica \u00e8 l\u2019orchestra italiana pi\u00f9 presente all\u2019estero: ha debuttato negli Stati Uniti con Riccardo Chailly nel 2007 e in Cina con Myung-Whun Chung nel 2008. Il progetto <em>Open Filarmonica<\/em> racchiude tutte le iniziative per la citt\u00e0: prove aperte benefiche, <em>Sound, Music!<\/em> per i bambini delle scuole primarie, le borse di studio per giovani musicisti di talento, il concerto annuale in Piazza Duomo. Riccardo Chailly dirige regolarmente la Filarmonica dal 1991 e nel 2015 \u00e8 stato nominato Direttore Principale.<\/p>\n","protected":false},"excerpt":{"rendered":"<p>Concerto per Milano: la Filarmonica della Scala e Riccardo Chailly in Piazza Duomo con Dvo\u0159\u00e1k e un omaggio a Nino Rota UniCredit e Allianz Italia sostengono il grande concerto gratuito nel cuore della citt\u00e0: settima edizione per l\u2019appuntamento trasmesso anche in diretta da Rai Cultura in Italia e all\u2019estero. Riccardo Chailly dirige la Sinfonia \u201cdal &hellip; <a href=\"https:\/\/www.gdapress.it\/it\/index.php\/70999\/musica\/concerto-per-milano-la-filarmonica-della-scala-e-riccardo-chailly-in-piazza-duomo-con-dvorak-e-un-omaggio-a-nino-rota.html\" class=\"more-link\">Read more <span class=\"screen-reader-text\">Concerto per Milano: la Filarmonica della Scala e Riccardo Chailly in Piazza Duomo con Dvo\u0159\u00e1k e un omaggio a Nino Rota<\/span><\/a><\/p>\n","protected":false},"author":2,"featured_media":71000,"comment_status":"closed","ping_status":"open","sticky":false,"template":"","format":"standard","meta":{"footnotes":""},"categories":[19],"tags":[17881,5950,14542,3226,5854,16776],"class_list":["post-70999","post","type-post","status-publish","format-standard","has-post-thumbnail","hentry","category-musica","tag-concerto-per-milano","tag-dvorak","tag-filarmonica-della-scala","tag-nino-rota","tag-piazza-duomo","tag-riccardo-chailly"],"_links":{"self":[{"href":"https:\/\/www.gdapress.it\/it\/index.php\/wp-json\/wp\/v2\/posts\/70999","targetHints":{"allow":["GET"]}}],"collection":[{"href":"https:\/\/www.gdapress.it\/it\/index.php\/wp-json\/wp\/v2\/posts"}],"about":[{"href":"https:\/\/www.gdapress.it\/it\/index.php\/wp-json\/wp\/v2\/types\/post"}],"author":[{"embeddable":true,"href":"https:\/\/www.gdapress.it\/it\/index.php\/wp-json\/wp\/v2\/users\/2"}],"replies":[{"embeddable":true,"href":"https:\/\/www.gdapress.it\/it\/index.php\/wp-json\/wp\/v2\/comments?post=70999"}],"version-history":[{"count":1,"href":"https:\/\/www.gdapress.it\/it\/index.php\/wp-json\/wp\/v2\/posts\/70999\/revisions"}],"predecessor-version":[{"id":71001,"href":"https:\/\/www.gdapress.it\/it\/index.php\/wp-json\/wp\/v2\/posts\/70999\/revisions\/71001"}],"wp:featuredmedia":[{"embeddable":true,"href":"https:\/\/www.gdapress.it\/it\/index.php\/wp-json\/wp\/v2\/media\/71000"}],"wp:attachment":[{"href":"https:\/\/www.gdapress.it\/it\/index.php\/wp-json\/wp\/v2\/media?parent=70999"}],"wp:term":[{"taxonomy":"category","embeddable":true,"href":"https:\/\/www.gdapress.it\/it\/index.php\/wp-json\/wp\/v2\/categories?post=70999"},{"taxonomy":"post_tag","embeddable":true,"href":"https:\/\/www.gdapress.it\/it\/index.php\/wp-json\/wp\/v2\/tags?post=70999"}],"curies":[{"name":"wp","href":"https:\/\/api.w.org\/{rel}","templated":true}]}}