
{"id":70993,"date":"2019-05-13T13:10:51","date_gmt":"2019-05-13T11:10:51","guid":{"rendered":"http:\/\/www.gdapress.it\/it\/?p=70993"},"modified":"2019-05-13T13:10:51","modified_gmt":"2019-05-13T11:10:51","slug":"filarmonica-della-scala-daniele-gatti-dirige-mozart-e-sostakovic","status":"publish","type":"post","link":"https:\/\/www.gdapress.it\/it\/index.php\/70993\/musica\/filarmonica-della-scala-daniele-gatti-dirige-mozart-e-sostakovic.html","title":{"rendered":"Filarmonica della Scala  Daniele Gatti dirige Mozart e \u0160ostakovi\u010d  \u00a0"},"content":{"rendered":"<p><img loading=\"lazy\" decoding=\"async\" class=\"alignleft size-large wp-image-70994\" src=\"http:\/\/www.gdapress.it\/it\/..\/public\/it\/2019\/05\/Hnvh_IT7-267x400.jpeg\" alt=\"\" width=\"267\" height=\"400\" srcset=\"https:\/\/www.gdapress.it\/it\/..\/public\/it\/2019\/05\/Hnvh_IT7-267x400.jpeg 267w, https:\/\/www.gdapress.it\/it\/..\/public\/it\/2019\/05\/Hnvh_IT7-200x300.jpeg 200w, https:\/\/www.gdapress.it\/it\/..\/public\/it\/2019\/05\/Hnvh_IT7-768x1152.jpeg 768w\" sizes=\"auto, (max-width: 267px) 100vw, 267px\" \/><\/p>\n<p><strong>Filarmonica della Scala Daniele Gatti dirige Mozart e <\/strong><strong>\u0160ostakovi<\/strong><strong>\u010d<\/strong><\/p>\n<p><em>Il maestro milanese torna sul podio della Filarmonica per dirigere la Sinfonia n. 29 in la magg. di Mozart e la Quinta di<\/em> <em>\u0160ostakovi<\/em><em>\u010d<\/em><em>. Anche in diretta su Radio 3<\/em><\/p>\n<p>Ancora un sold out, il sesto della stagione, per il nuovo appuntamento Filarmonica in programma <strong>luned\u00ec 13 maggio 2019<\/strong> alle ore 20. Sul podio <strong>Daniele Gatti<\/strong>, ospite regolare della stagione, e un impaginato che procede questa volta per giustapposizione: da un lato la freschezza di Mozart della Sinfonia n. 29 in la maggiore K 201; dall\u2019altro, il contrasto estetico e politico della Sinfonia n. 5 di \u0160ostakovi\u010d. La prima appartiene al periodo in cui il <em>Wunderkind <\/em>di Salisburgo si allontana dal gusto pi\u00f9 propriamente italiano della sua giovinezza per confrontarsi con il sinfonismo di Haydn; la seconda \u00e8 l\u2019opera del musicista che vive all\u2019interno del regime staliniano, teso fra la raffinatissima e disincantata originalit\u00e0 dei quartetti e di alcuni mirabili nuclei cameristici e la magniloquenza di certe pagine orchestrali da leggersi in chiave storico-politica. Dopo la censura di <em>Una Lady Macbeth del distretto di Mcensk, <\/em>\u0160ostakovi\u010d pubblica la Sinfonia n. 5 in re minore quale \u00abrisposta positiva e stimolante da parte di un artista sovietico a delle giuste critiche\u00bb: un\u2019opera cardine apparsa all\u2019epoca come un\u2019adesione allo stile promosso dal regime e che oggi manifesta con nettezza il suo carattere di \u00abgiubilo forzato\u00bb.<\/p>\n<p>Anche questo concerto sar\u00e0 trasmesso in diretta su Rai Radio3.<\/p>\n<p>La relazione di Daniele Gatti con la Filarmonica della Scala \u00e8 di lunga data e segna, con questo appuntamento, il traguardo di 47 concerti dal 2005 alla Scala e in tourn\u00e9e.<\/p>\n<p>Il prossimo appuntamento di stagione, <strong>luned\u00ec 27 maggio 2019<\/strong>, porta sul podio <strong>Michele Mariotti<\/strong> con la Sinfonia n. 2 di Charles Ives e vede ospite il pianista russo <strong>Arcadi Volodos<\/strong> con il Terzo concerto di Beethoven.<\/p>\n<p><strong>Filarmonica della Scala<\/strong><\/p>\n<p><strong>Daniele Gatti<\/strong><\/p>\n<p>Wolfgang Amadeus Mozart<\/p>\n<p>Sinfonia n. 29 in la magg. K. 201<\/p>\n<p>Dmitrij \u0160ostakovi\u010d<\/p>\n<p>Sinfonia n. 5 in re min. op. 47<\/p>\n<p><strong>Informazioni<\/strong><\/p>\n<p>I biglietti sono in vendita sul sito <a href=\"http:\/\/www.geticket.it\">www.geticket.it<\/a> a partire da un mese prima. Eventuali rimanenze saranno in vendita dal gioved\u00ec precedente il concerto presso l\u2019Associazione Orchestra Filarmonica della Scala, Piazza Diaz, 6, dalle ore 10.00 alle ore 17.00 fino ad esaurimento. Prezzi: Posto unico di platea \u20ac110, Posto unico di palco \u20ac100 &#8211; 35, Poltroncina I galleria \u20ac25, Poltroncina II galleria \u20ac20, Ingressi \u20ac10.<\/p>\n<p>Ulteriori informazioni su <a href=\"http:\/\/www.filarmonica.it\">www.filarmonica.it<\/a> | <a href=\"mailto:ufficiostampa@filarmonica.it\">ufficiostampa@filarmonica.it<\/a><\/p>\n<p><strong>Biografia\u00a0<\/strong><strong>Daniele Gatti<\/strong><strong>\u00a0<\/strong><\/p>\n<p>Daniele Gatti \u00e8 Direttore Musicale del Teatro dell\u2019Opera di Roma e Consulente artistico della Mahler Chamber Orchestra (MCO). \u00c8 stato Direttore Principale della Royal Concertgebouw Orchestra di Amsterdam e precedentemente ha ricoperto ruoli di prestigio presso l\u2019Accademia Nazionale di Santa Cecilia, la Royal Philharmonic Orchestra, l\u2019Orchestre National de France, la Royal Opera House di Londra, il Teatro Comunale di Bologna, l\u2019Opernhaus di Zurigo.<\/p>\n<p>Dirige regolarmente Berliner e Wiener Philharmoniker, Bayerischer Rundfunk, Filarmonica della Scala.<\/p>\n<p>In campo operistico sono da segnalare le direzioni di <em>Falstaff,<\/em> <em>Parsifal <\/em>(con cui ha inaugurato l\u2019edizione 2008 ai Bayreuther Festspiele) <em>Don Carlo,<\/em> <em>Otello, Lulu, Boris Godunov, Fidelio, Lohengrin <\/em>e, ai Salzburger Festspiele, <em>Elektra, La Boh\u00e8me, Die Meistersinger von N\u00fcrnberg, Il Trovatore.<\/em> Alla Scala ha diretto <em>La traviata, Don Carlo, Lohengrin, Lulu, Die Meistersinger von N\u00fcrnberg, Falstaff <\/em>e <em>Wozzeck.<\/em><\/p>\n<p>Tra i recenti impegni si segnalano <em>Pell\u00e9as et M\u00e9lisande <\/em>al Maggio Musicale Fiorentino, <em>Tristan und Isolde <\/em>al Th\u00e9\u00e2tre des Champs-\u00c9lys\u00e9es di Parigi e le inaugurazioni di stagione del Teatro dell\u2019Opera di Roma con <em>La damnation de Faust<\/em> e <em>Rigoletto<\/em>.<\/p>\n<p>Nella scorsa stagione ha diretto i Berliner Philharmoniker alla Philharmonie di Berlino, l\u2019Orchestra e il Coro del Teatro alla Scala, la Royal Concertgebouw Orchestra in Europa, Corea del Sud, Giappone e alla Carnegie Hall di New York, l&#8217;Orchestra dell&#8217;Accademia Nazionale di Santa Cecilia a Roma, la Symphonieorchester des Bayerischen Rundfunks a Monaco, la Filarmonica della Scala a Milano e la Philharmonia Orchestra di Londra.<\/p>\n<p>Daniele Gatti ha ricevuto il Premio Abbiati quale Miglior direttore nel 2015 e nel 2016 l\u2019onorificenza di Chevalier de la L\u00e9gion d\u2019honneur della Repubblica Francese.<\/p>\n<p>Per Sony Classical si ricordano le incisioni con l\u2019Orchestre national de France dedicate a Debussy e Stravinskij e il DVD di <em>Parsifal <\/em>andato in scena alla Metropolitan Opera di New York. Per l\u2019etichetta RCO Live ha inciso la <em>Symphonie fantastique<\/em> di Berlioz, la Seconda Sinfonia di Mahler, <em>Le sacre du printemps <\/em>di Stravinskij abbinato al <em>Pr\u00e9lude \u00e0 l&#8217;apr\u00e8s-midi d&#8217;un faune <\/em>e a <em>La mer <\/em>di Debussy.<\/p>\n<p><strong>\u00a0<\/strong><\/p>\n<p>&nbsp;<\/p>\n","protected":false},"excerpt":{"rendered":"<p>Filarmonica della Scala Daniele Gatti dirige Mozart e \u0160ostakovi\u010d Il maestro milanese torna sul podio della Filarmonica per dirigere la Sinfonia n. 29 in la magg. di Mozart e la Quinta di \u0160ostakovi\u010d. Anche in diretta su Radio 3 Ancora un sold out, il sesto della stagione, per il nuovo appuntamento Filarmonica in programma luned\u00ec &hellip; <a href=\"https:\/\/www.gdapress.it\/it\/index.php\/70993\/musica\/filarmonica-della-scala-daniele-gatti-dirige-mozart-e-sostakovic.html\" class=\"more-link\">Read more <span class=\"screen-reader-text\">Filarmonica della Scala  Daniele Gatti dirige Mozart e \u0160ostakovi\u010d  \u00a0<\/span><\/a><\/p>\n","protected":false},"author":2,"featured_media":70994,"comment_status":"closed","ping_status":"open","sticky":false,"template":"","format":"standard","meta":{"footnotes":""},"categories":[19],"tags":[21881,14542,2915,6262],"class_list":["post-70993","post","type-post","status-publish","format-standard","has-post-thumbnail","hentry","category-musica","tag-daniele-gatti","tag-filarmonica-della-scala","tag-mozart","tag-sostakovic"],"_links":{"self":[{"href":"https:\/\/www.gdapress.it\/it\/index.php\/wp-json\/wp\/v2\/posts\/70993","targetHints":{"allow":["GET"]}}],"collection":[{"href":"https:\/\/www.gdapress.it\/it\/index.php\/wp-json\/wp\/v2\/posts"}],"about":[{"href":"https:\/\/www.gdapress.it\/it\/index.php\/wp-json\/wp\/v2\/types\/post"}],"author":[{"embeddable":true,"href":"https:\/\/www.gdapress.it\/it\/index.php\/wp-json\/wp\/v2\/users\/2"}],"replies":[{"embeddable":true,"href":"https:\/\/www.gdapress.it\/it\/index.php\/wp-json\/wp\/v2\/comments?post=70993"}],"version-history":[{"count":1,"href":"https:\/\/www.gdapress.it\/it\/index.php\/wp-json\/wp\/v2\/posts\/70993\/revisions"}],"predecessor-version":[{"id":70995,"href":"https:\/\/www.gdapress.it\/it\/index.php\/wp-json\/wp\/v2\/posts\/70993\/revisions\/70995"}],"wp:featuredmedia":[{"embeddable":true,"href":"https:\/\/www.gdapress.it\/it\/index.php\/wp-json\/wp\/v2\/media\/70994"}],"wp:attachment":[{"href":"https:\/\/www.gdapress.it\/it\/index.php\/wp-json\/wp\/v2\/media?parent=70993"}],"wp:term":[{"taxonomy":"category","embeddable":true,"href":"https:\/\/www.gdapress.it\/it\/index.php\/wp-json\/wp\/v2\/categories?post=70993"},{"taxonomy":"post_tag","embeddable":true,"href":"https:\/\/www.gdapress.it\/it\/index.php\/wp-json\/wp\/v2\/tags?post=70993"}],"curies":[{"name":"wp","href":"https:\/\/api.w.org\/{rel}","templated":true}]}}