
{"id":70688,"date":"2019-04-05T22:07:49","date_gmt":"2019-04-05T20:07:49","guid":{"rendered":"http:\/\/www.gdapress.it\/it\/?p=70688"},"modified":"2019-04-25T22:13:19","modified_gmt":"2019-04-25T20:13:19","slug":"al-via-de-rerum-natura-in-cascina-cuccagna-nellambito-della-milano-design-week-2019","status":"publish","type":"post","link":"https:\/\/www.gdapress.it\/it\/index.php\/70688\/i-saloni-201220132014\/al-via-de-rerum-natura-in-cascina-cuccagna-nellambito-della-milano-design-week-2019.html","title":{"rendered":"Al via De Rerum Natura in Cascina Cuccagna nell\u2019ambito della Milano Design Week 2019"},"content":{"rendered":"<p>&nbsp;<\/p>\n<p><img loading=\"lazy\" decoding=\"async\" class=\"alignleft size-medium wp-image-70689\" src=\"http:\/\/www.gdapress.it\/it\/..\/public\/it\/2019\/04\/20190115_DERERUM_Comunicato-stampa-COVER-212x300.jpg\" alt=\"\" width=\"212\" height=\"300\" srcset=\"https:\/\/www.gdapress.it\/it\/..\/public\/it\/2019\/04\/20190115_DERERUM_Comunicato-stampa-COVER-212x300.jpg 212w, https:\/\/www.gdapress.it\/it\/..\/public\/it\/2019\/04\/20190115_DERERUM_Comunicato-stampa-COVER-768x1086.jpg 768w, https:\/\/www.gdapress.it\/it\/..\/public\/it\/2019\/04\/20190115_DERERUM_Comunicato-stampa-COVER-283x400.jpg 283w\" sizes=\"auto, (max-width: 212px) 100vw, 212px\" \/>Al via De Rerum Natura in Cascina Cuccagna nell\u2019ambito della Milano Design Week 2019<\/p>\n<p>Dopo il grande successo dello scorso anno, al fuori salone milanese del design torna il progetto espositivo e di riflessione di Cascina Cuccagna e Matteo Ragni Design Studio. Il tema della seconda edizione, che ha il patrocinio dell\u2019ADI, \u00e8 il Rinascimento.<\/p>\n<p><em>&#8220;L&#8217;uomo, la Natura, di nuovo insieme per indagare un futuro possibile e sostenibile.&#8221; spiega Matteo Ragni, che si conferma anche quest&#8217;anno curatore del progetto, e continua &#8220;Il genio di Leonardo rappresenta da Sempre un&#8217;incredibile fonte d&#8217;ispirazione per designer e imprese; cos\u00ec, dopo cinquecento anni, in Cascina Cuccagna si torna a parlare di un nuovo Rinascimento, nel nome del design.&#8221;<\/em><\/p>\n<p>Come ogni anno <em>De Rerum Natura<\/em> ospita anche uno spazio di approfondimento culturale ideato da un curatore indipendente. Quest\u2019anno il progetto \u00e8 <em>Design Collisions &#8211; The power of collective ideas: 15 progetti sviluppati da comunit\u00e0 per il bene della comunit\u00e0<\/em>, a cura di Laura Traldi, giornalista per D la Repubblica e fondatrice di designatlarge.it. La mostra nasce dall\u2019idea che il design possa diventare strumento per affrontare, insieme e in una prospettiva di condivisione, le grandi problematiche contemporanee.<\/p>\n<p>\u201c<em>Design Collisions<\/em> mette in scena progetti per ricucire le fratture che ci affliggono\u201d, spiega Laura Traldi, \u201cQuelle tra uomo e natura, aiutando imprese, governi e consumatori a sostituire un\u2019economia lineare con una circolare; ma anche quelle sociali, economiche e culturali, quelle tra istituzioni e cittadini e tra il lavoro dell\u2019uomo e l\u2019automazione.\u201d<\/p>\n<p><img loading=\"lazy\" decoding=\"async\" class=\"alignleft size-large wp-image-70690\" src=\"http:\/\/www.gdapress.it\/it\/..\/public\/it\/2019\/04\/De-Rerum-Natura-Cascina-Cuccagna-01-p-630x420-500x333.jpg\" alt=\"\" width=\"500\" height=\"333\" srcset=\"https:\/\/www.gdapress.it\/it\/..\/public\/it\/2019\/04\/De-Rerum-Natura-Cascina-Cuccagna-01-p-630x420-500x333.jpg 500w, https:\/\/www.gdapress.it\/it\/..\/public\/it\/2019\/04\/De-Rerum-Natura-Cascina-Cuccagna-01-p-630x420-300x200.jpg 300w, https:\/\/www.gdapress.it\/it\/..\/public\/it\/2019\/04\/De-Rerum-Natura-Cascina-Cuccagna-01-p-630x420-272x182.jpg 272w, https:\/\/www.gdapress.it\/it\/..\/public\/it\/2019\/04\/De-Rerum-Natura-Cascina-Cuccagna-01-p-630x420.jpg 630w\" sizes=\"auto, (max-width: 500px) 100vw, 500px\" \/>Accanto alla mostra, incontri, altri progetti e aziende, partecipano al percorso espositivo di De Rerum Natura, tra queste: Apepak, Closca, Essent\u2019ial, Kaldewei, Leifheit, Martina Fuchshuber, MiMoto, Napoli 2035, Playwood, Peia Associati, Robonica, Styl\u2019s Editions.<\/p>\n<p><strong>MiMoto<\/strong> \u00e8 il servizio di scooter sharing elettrico che sar\u00e0 a disposizione di visitatori e giornalisti durante l\u2019intero periodo del Fuorisalone 2019. MiMoto ha stretto una <strong>mobility partnership<\/strong> con Cascina Cuccagna per facilitare l\u2019accesso e le visite a De Rerum Natura.<\/p>\n<p>Cascina Cuccagna \u00e8 una location unica a Milano: un&#8217;antica corte Agricola, un posto magico e immerso nella natura, sopravvissuto nel centro della citt\u00e0, a pochi passi da Porta Romana, un quartiere con radici profonde nella storia, ma proiettato verso l&#8217;innovazione. Un luogo in cui sar\u00e0 possibile prendersi una piccola pausa, rilassarsi e godere delle eccellenze di design che anche quest&#8217;anno affolleranno gli ambienti unici e suggestivi di questa oasi metropolitana.<\/p>\n<p><a href=\"http:\/\/www.dererumnatura.design\/\">De Rerum\u2028Natura\u2028- Rinascimento<br \/>\n<\/a><em>6 &#8211; 14 aprile 2019<br \/>\nCascina Cuccagna, via Cuccagna 2,Milano<br \/>\nOrari di apertura: 10 \u2013 20<\/em><\/p>\n<p>#DeRerumNaturaRinascimento<\/p>\n<p>www.dererumnatura.design\u00a0 <a href=\"http:\/\/www.cuccagna.org\">www.cuccagna.org<\/a><\/p>\n<p>&nbsp;<\/p>\n<p>&nbsp;<\/p>\n","protected":false},"excerpt":{"rendered":"<p>&nbsp; Al via De Rerum Natura in Cascina Cuccagna nell\u2019ambito della Milano Design Week 2019 Dopo il grande successo dello scorso anno, al fuori salone milanese del design torna il progetto espositivo e di riflessione di Cascina Cuccagna e Matteo Ragni Design Studio. Il tema della seconda edizione, che ha il patrocinio dell\u2019ADI, \u00e8 il &hellip; <a href=\"https:\/\/www.gdapress.it\/it\/index.php\/70688\/i-saloni-201220132014\/al-via-de-rerum-natura-in-cascina-cuccagna-nellambito-della-milano-design-week-2019.html\" class=\"more-link\">Read more <span class=\"screen-reader-text\">Al via De Rerum Natura in Cascina Cuccagna nell\u2019ambito della Milano Design Week 2019<\/span><\/a><\/p>\n","protected":false},"author":2,"featured_media":70690,"comment_status":"closed","ping_status":"open","sticky":false,"template":"","format":"standard","meta":{"footnotes":""},"categories":[8151],"tags":[24191,1455,24192,24031,3782,22269,24193,24194,24046,24195,24196,22853,24197,24198,24199],"class_list":["post-70688","post","type-post","status-publish","format-standard","has-post-thumbnail","hentry","category-i-saloni-201220132014","tag-apepak","tag-cascina-cuccagna","tag-closca","tag-de-rerum-natura","tag-essential","tag-kaldewei","tag-leifheit","tag-martina-fuchshuber","tag-milano-design-week-2019","tag-mimoto","tag-napoli-2035","tag-peia-associati","tag-playwood","tag-robonica","tag-styls-editions"],"_links":{"self":[{"href":"https:\/\/www.gdapress.it\/it\/index.php\/wp-json\/wp\/v2\/posts\/70688","targetHints":{"allow":["GET"]}}],"collection":[{"href":"https:\/\/www.gdapress.it\/it\/index.php\/wp-json\/wp\/v2\/posts"}],"about":[{"href":"https:\/\/www.gdapress.it\/it\/index.php\/wp-json\/wp\/v2\/types\/post"}],"author":[{"embeddable":true,"href":"https:\/\/www.gdapress.it\/it\/index.php\/wp-json\/wp\/v2\/users\/2"}],"replies":[{"embeddable":true,"href":"https:\/\/www.gdapress.it\/it\/index.php\/wp-json\/wp\/v2\/comments?post=70688"}],"version-history":[{"count":2,"href":"https:\/\/www.gdapress.it\/it\/index.php\/wp-json\/wp\/v2\/posts\/70688\/revisions"}],"predecessor-version":[{"id":70692,"href":"https:\/\/www.gdapress.it\/it\/index.php\/wp-json\/wp\/v2\/posts\/70688\/revisions\/70692"}],"wp:featuredmedia":[{"embeddable":true,"href":"https:\/\/www.gdapress.it\/it\/index.php\/wp-json\/wp\/v2\/media\/70690"}],"wp:attachment":[{"href":"https:\/\/www.gdapress.it\/it\/index.php\/wp-json\/wp\/v2\/media?parent=70688"}],"wp:term":[{"taxonomy":"category","embeddable":true,"href":"https:\/\/www.gdapress.it\/it\/index.php\/wp-json\/wp\/v2\/categories?post=70688"},{"taxonomy":"post_tag","embeddable":true,"href":"https:\/\/www.gdapress.it\/it\/index.php\/wp-json\/wp\/v2\/tags?post=70688"}],"curies":[{"name":"wp","href":"https:\/\/api.w.org\/{rel}","templated":true}]}}