
{"id":70560,"date":"2019-04-09T20:08:13","date_gmt":"2019-04-09T18:08:13","guid":{"rendered":"http:\/\/www.gdapress.it\/it\/?p=70560"},"modified":"2019-04-09T20:08:13","modified_gmt":"2019-04-09T18:08:13","slug":"milano-design-week-de-rerum-natura-cascina-cuccagna","status":"publish","type":"post","link":"https:\/\/www.gdapress.it\/it\/index.php\/70560\/i-saloni-201220132014\/milano-design-week-de-rerum-natura-cascina-cuccagna.html","title":{"rendered":"Milano Design Week  De Rerum Natura Cascina Cuccagna"},"content":{"rendered":"<p><img loading=\"lazy\" decoding=\"async\" class=\"alignleft size-large wp-image-70561\" src=\"http:\/\/www.gdapress.it\/it\/..\/public\/it\/2019\/04\/ei-26-500x333.jpg\" alt=\"\" width=\"500\" height=\"333\" srcset=\"https:\/\/www.gdapress.it\/it\/..\/public\/it\/2019\/04\/ei-26-500x333.jpg 500w, https:\/\/www.gdapress.it\/it\/..\/public\/it\/2019\/04\/ei-26-300x200.jpg 300w, https:\/\/www.gdapress.it\/it\/..\/public\/it\/2019\/04\/ei-26-768x512.jpg 768w, https:\/\/www.gdapress.it\/it\/..\/public\/it\/2019\/04\/ei-26-720x480.jpg 720w, https:\/\/www.gdapress.it\/it\/..\/public\/it\/2019\/04\/ei-26-272x182.jpg 272w, https:\/\/www.gdapress.it\/it\/..\/public\/it\/2019\/04\/ei-26.jpg 1920w\" sizes=\"auto, (max-width: 500px) 100vw, 500px\" \/><\/p>\n<p>De Rerum Natura torna in Cascina Cuccagna dal 5 al 14 aprile 2019. Aperta la call for exhibitors per partecipare al progetto di questa edizione, il cui titolo \u00e8 Rinascimento. Due le novit\u00e0 di quest\u2019anno: la mostra curata da Laura Traldi \u201cDesign Collisions \u2013 The power of collective ideas\u201d e la partnership con MiMoto, il servizio di scooter sharing elettrico che diventa <em>mobility partner<\/em> ufficiale dell\u2019evento.<\/p>\n<p>La call for exhibitors per partecipare all\u2019edizione 2019 si rivolge a singoli progettisti (designer, architetti, artisti), collettivi, universit\u00e0, aziende, istituzioni, con l\u2019obiettivo di raccogliere progetti dedicati al tema dell\u2019anno.<\/p>\n<p>A selezionare i progetti pi\u00f9 affini alla filosofia di De Rerum Natura sar\u00e0 il curatore, il designer Matteo Ragni: &#8220;Con la sua capacit\u00e0 di pensare fuori dai canoni mettendo insieme tecnologia, progettualit\u00e0 e arte, Leonardo rappresenta da sempre una fonte di ispirazione inesauribile per designer e imprese. A 500 anni dalla morte del genio simbolo della rinascita culturale del nostro paese, Cascina Cuccagna propone una riflessione sui pensieri progettuali contemporanei che, in nome di una ritrovata armonia tra uomo e natura, indagano futuri possibili e sostenibili. Un nuovo Rinascimento\u201d.<\/p>\n<p>De Rerum Natura, un progetto di Cascina Cuccagna e Matteo Ragni Studio, si inserisce nell\u2019ambito della Milano Design Week, anticipando di un weekend l\u2019apertura del Fuorisalone che, nelle ultime otto edizioni, ha visto nella Cascina Cuccagna il luogo privilegiato a Milano per progetti di design con un approccio sostenibile.<\/p>\n<p>Ogni anno Cascina Cuccagna ospita all\u2019interno di De Rerum Natura uno spazio di approfondimento culturale dedicato al tema dell\u2019anno, pensato e sviluppato da un curatore indipendente. Per l\u2019edizione 2019 \u00e8 la volta di \u201cDesign Collisions \u2013 The power of collective ideas\u201d, una piccola mostra che mette insieme grandi idee create in comunit\u00e0 per la comunit\u00e0. Curatrice dell\u2019esposizione sar\u00e0 Laura Traldi, giornalista per D la Repubblica e fondatrice di designatlarge.it<\/p>\n<p>\u201cLe divisioni &#8211; sociali, culturali, economiche, tecnologiche &#8211; fanno male all\u2019Uomo \u2013 spiega Traldi &#8211; Per essere affrontate, infatti, le grandi problematiche contemporanee richiedono un pensiero sistemico: progetti mossi da una nuova idea di umanesimo che metta al centro non l\u2019individuo ma la collettivit\u00e0, e consideri il dettaglio come parte integrante del tutto. Lavorare in questo senso \u00e8 uno dei compiti pi\u00f9 attuali e impellenti del design, da sempre forza creativa che sviluppa relazioni sostenibili. Perch\u00e9 il design pu\u00f2 fornire risposte concrete a chi \u00e8 impegnato nel ricucire le fratture sociali, affrontare il cambiamento climatico, ripensare la produzione, ritrovare il valore del lavoro dell\u2019uomo senza rinnegare il supporto delle macchine\u201d.<\/p>\n<p>Oltre a \u201cDesign Collisions \u2013 the power of collective ideas\u201d, De Rerum Natura offrir\u00e0 numerose occasioni di incontro e contaminazione. Dieci giorni con un fitto calendario di eventi che animer\u00e0 gli ambienti unici e suggestivi di Cascina Cuccagna, offrendo la possibilit\u00e0 di rilassarsi e godere delle eccellenze del design all\u2019interno di una fantastica oasi metropolitana.<\/p>\n<p>&nbsp;<\/p>\n<table width=\"465\">\n<tbody>\n<tr>\n<td width=\"233\">De Rerum Natura<\/p>\n<p>Cascina Cuccagna:<\/p>\n<p>via Cuccagna, 2\/4<\/p>\n<p>Milano, Italy<\/p>\n<p>&nbsp;<\/p>\n<p>dererumnatura.design<\/p>\n<p>eventi@cuccagna.org<\/p>\n<p>+34 672295752<\/td>\n<td width=\"233\">&nbsp;<\/td>\n<\/tr>\n<\/tbody>\n<\/table>\n","protected":false},"excerpt":{"rendered":"<p>De Rerum Natura torna in Cascina Cuccagna dal 5 al 14 aprile 2019. Aperta la call for exhibitors per partecipare al progetto di questa edizione, il cui titolo \u00e8 Rinascimento. Due le novit\u00e0 di quest\u2019anno: la mostra curata da Laura Traldi \u201cDesign Collisions \u2013 The power of collective ideas\u201d e la partnership con MiMoto, il &hellip; <a href=\"https:\/\/www.gdapress.it\/it\/index.php\/70560\/i-saloni-201220132014\/milano-design-week-de-rerum-natura-cascina-cuccagna.html\" class=\"more-link\">Read more <span class=\"screen-reader-text\">Milano Design Week  De Rerum Natura Cascina Cuccagna<\/span><\/a><\/p>\n","protected":false},"author":2,"featured_media":70561,"comment_status":"closed","ping_status":"open","sticky":false,"template":"","format":"standard","meta":{"footnotes":""},"categories":[8151],"tags":[1455,24031,21572,15487],"class_list":["post-70560","post","type-post","status-publish","format-standard","has-post-thumbnail","hentry","category-i-saloni-201220132014","tag-cascina-cuccagna","tag-de-rerum-natura","tag-matteo-ragni","tag-milano-design-week"],"_links":{"self":[{"href":"https:\/\/www.gdapress.it\/it\/index.php\/wp-json\/wp\/v2\/posts\/70560","targetHints":{"allow":["GET"]}}],"collection":[{"href":"https:\/\/www.gdapress.it\/it\/index.php\/wp-json\/wp\/v2\/posts"}],"about":[{"href":"https:\/\/www.gdapress.it\/it\/index.php\/wp-json\/wp\/v2\/types\/post"}],"author":[{"embeddable":true,"href":"https:\/\/www.gdapress.it\/it\/index.php\/wp-json\/wp\/v2\/users\/2"}],"replies":[{"embeddable":true,"href":"https:\/\/www.gdapress.it\/it\/index.php\/wp-json\/wp\/v2\/comments?post=70560"}],"version-history":[{"count":1,"href":"https:\/\/www.gdapress.it\/it\/index.php\/wp-json\/wp\/v2\/posts\/70560\/revisions"}],"predecessor-version":[{"id":70562,"href":"https:\/\/www.gdapress.it\/it\/index.php\/wp-json\/wp\/v2\/posts\/70560\/revisions\/70562"}],"wp:featuredmedia":[{"embeddable":true,"href":"https:\/\/www.gdapress.it\/it\/index.php\/wp-json\/wp\/v2\/media\/70561"}],"wp:attachment":[{"href":"https:\/\/www.gdapress.it\/it\/index.php\/wp-json\/wp\/v2\/media?parent=70560"}],"wp:term":[{"taxonomy":"category","embeddable":true,"href":"https:\/\/www.gdapress.it\/it\/index.php\/wp-json\/wp\/v2\/categories?post=70560"},{"taxonomy":"post_tag","embeddable":true,"href":"https:\/\/www.gdapress.it\/it\/index.php\/wp-json\/wp\/v2\/tags?post=70560"}],"curies":[{"name":"wp","href":"https:\/\/api.w.org\/{rel}","templated":true}]}}