
{"id":70557,"date":"2019-04-09T17:57:21","date_gmt":"2019-04-09T15:57:21","guid":{"rendered":"http:\/\/www.gdapress.it\/it\/?p=70557"},"modified":"2019-04-09T17:57:21","modified_gmt":"2019-04-09T15:57:21","slug":"design-week-2019-in-mostra-a-palazzo-litta-a-x-a-p","status":"publish","type":"post","link":"https:\/\/www.gdapress.it\/it\/index.php\/70557\/i-saloni-201220132014\/design-week-2019-in-mostra-a-palazzo-litta-a-x-a-p.html","title":{"rendered":"DESIGN WEEK 2019: IN MOSTRA A PALAZZO LITTA A.X.A.P."},"content":{"rendered":"<p><img loading=\"lazy\" decoding=\"async\" class=\"alignleft size-large wp-image-70558\" src=\"http:\/\/www.gdapress.it\/it\/..\/public\/it\/2019\/04\/01-INSTALLAZIONE-FARFALLE_Photo-Credit-Matteo-Ragni-Studio-179x400.jpg\" alt=\"\" width=\"179\" height=\"400\" srcset=\"https:\/\/www.gdapress.it\/it\/..\/public\/it\/2019\/04\/01-INSTALLAZIONE-FARFALLE_Photo-Credit-Matteo-Ragni-Studio-179x400.jpg 179w, https:\/\/www.gdapress.it\/it\/..\/public\/it\/2019\/04\/01-INSTALLAZIONE-FARFALLE_Photo-Credit-Matteo-Ragni-Studio-134x300.jpg 134w, https:\/\/www.gdapress.it\/it\/..\/public\/it\/2019\/04\/01-INSTALLAZIONE-FARFALLE_Photo-Credit-Matteo-Ragni-Studio-768x1717.jpg 768w, https:\/\/www.gdapress.it\/it\/..\/public\/it\/2019\/04\/01-INSTALLAZIONE-FARFALLE_Photo-Credit-Matteo-Ragni-Studio.jpg 1240w\" sizes=\"auto, (max-width: 179px) 100vw, 179px\" \/><\/p>\n<p>DESIGN WEEK 2019: IN MOSTRA A PALAZZO LITTA A.X.A.P.<br \/>\nIL PROGETTO NATO DALLA COLLABORAZIONE TRA XL EXTRALIGHT E GLI<br \/>\nSTUDENTI DELLA SCUOLA POLITECNICA DI DESIGN SPD<\/p>\n<p><strong>Marted\u00ec 9\/04, inaugurazione dalle 19 alle 23<\/strong><\/p>\n<p><strong>Palazzo Litta, Corso Magenta 24 Milano<\/strong><\/p>\n<p>A.X.A.P. \u00e8 As Extra As Possible. Il progetto sviluppato da XL EXTRALIGHT\u00ae e Scuola Politecnica di<br \/>\nDesign SPD, curato da Matteo Ragni Studio, esalta un materiale unico: la creativit\u00e0 degli studenti SPD<br \/>\ne le straordinarie potenzialit\u00e0 di XL EXTRALIGHT\u00ae<br \/>\n, ultraleggero, innovativo e altamente tecnologico.<br \/>\nLa mostra, in arrivo a Palazzo Litta durante la Design Week milanese, si divide in due momenti:<br \/>\nl\u2019installazione firmata da Matteo Ragni Studio e i progetti degli studenti del Master SPD in Industrial<br \/>\nDesign che hanno interpretato le molteplici potenzialit\u00e0 di XL EXTRALIGHT\u00ae.<br \/>\nMilano 8 marzo \u2013 In un mondo che va sempre pi\u00f9 veloce, la ricerca della leggerezza \u00e8 la chiave per affrontare<br \/>\nla complessit\u00e0 delle nostre giornate. L\u2019installazione A.X.A.P ovvero as extra as possible prende spunto da<br \/>\nquesta osservazione. Il progetto nasce dalla collaborazione tra XL EXTRALIGHT\u00ae e Scuola Politecnica di<br \/>\nDesign SPD ed \u00e8 ospitato a Palazzo Litta, il cuore pulsante del Fuorisalone milanese.<br \/>\nIl concept \u00e8 firmato da Matteo Ragni Studio e racconta le potenzialit\u00e0 di XL EXTRALIGHT\u00ae attraverso<br \/>\nl\u2019interpretazione di 20 studenti internazionali di SPD che hanno dato nuova forma alle tante caratteristiche del<br \/>\nmateriale: flessibilit\u00e0, durabilit\u00e0, igiene e soprattutto leggerezza e versatilit\u00e0. Gli stessi valori sono sintetizzati<br \/>\nnell&#8217;installazione di Matteo Ragni Studio che apre la mostra: centinaia di farfalle che prendono il volo e<br \/>\nracchiudono una promessa straordinaria, l\u2019estrema leggerezza del materiale. Nelle parole di Matteo Ragni \u201cdi<br \/>\ngrande ispirazione \u00e8 stata la farfalla, l\u2019animale che in assoluto rappresenta questo valore in natura. Un<br \/>\nanimale magico, rappresentazione di leggerezza e bellezza, che con il suo volo \u00e8 capace di affascinare<br \/>\nchiunque abbia la fortuna di avvicinarlo, nel silenzio contemplativo di un momento in cui il tempo sembra<br \/>\nfermarsi per un attimo: quello, appunto, di un battito di ali di farfalla\u201d.<br \/>\nInsieme a Antonio De Marco, Matteo Ragni ha coordinato anche i progetti degli studenti SPD che sono<br \/>\nracchiusi in una galleria museale, con boiserie in mdf Fibracolour di Finsa e teche luminose che contengono i<br \/>\nprototipi, accanto a campioni da toccare per un\u2019esperienza diretta del materiale. I sette progetti degli studenti<br \/>\ndella Scuola Politecnica di Design esaltano le caratteristiche uniche del materiale come il comfort, la<br \/>\nresistenza, la galleggiabilit\u00e0. Ne indagano applicazioni inedite in diversi contesti, dall\u2019outdoor al pet care<br \/>\nfino al mercato kids. Il progetto A.X.A.P valorizza le risorse creative del materiale e individua nuovi territori<br \/>\ndove l\u2019ingredient brand XL EXTRALIGHT\u00ae non \u00e8 mai stato utilizzato.<br \/>\n\u201cL\u2019obiettivo principale della collaborazione con Scuola Politecnica di Design SPD \u00e8 quello di raccontare in che<br \/>\nmodo XL EXTRALIGHT\u00ae \u00e8 l\u2019ingredient ideale che fa la differenza per la realizzazione di oggetti estremamente<br \/>\nversatili, leggeri e sorprendenti siano essi di uso quotidiano o meno \u2013 afferma Sara Vecchiola, Responsabile<br \/>\nBrand Marketing e Communication di Finproject \u2013 Fedeli alla filosofia del brand, abbiamo puntato sul talento<br \/>\ndifferente di giovani creativi per reinterpretare il concetto di leggerezza dal loro punto di vista\u201d.<br \/>\n\u201cLa collaborazione con le aziende \u00e8 fondamentale per SPD: permette agli studenti di misurarsi con prodotti ed<br \/>\nesigenze reali \u2013 secondo Rita Preatoni, Responsabile Didattica SPD &#8211; Anche in questo caso, il rapporto con<br \/>\nFinproject ha aiutato i nostri giovani designer ad esprimere al meglio la loro sensibilit\u00e0 trovando un equilibrio<br \/>\ntra la spinta creativa e la fattibilit\u00e0 delle idee. Questo \u00e8 per noi la forma di allenamento pi\u00f9 efficace per la<br \/>\nprofessione futura\u201d.<\/p>\n","protected":false},"excerpt":{"rendered":"<p>DESIGN WEEK 2019: IN MOSTRA A PALAZZO LITTA A.X.A.P. IL PROGETTO NATO DALLA COLLABORAZIONE TRA XL EXTRALIGHT E GLI STUDENTI DELLA SCUOLA POLITECNICA DI DESIGN SPD Marted\u00ec 9\/04, inaugurazione dalle 19 alle 23 Palazzo Litta, Corso Magenta 24 Milano A.X.A.P. \u00e8 As Extra As Possible. Il progetto sviluppato da XL EXTRALIGHT\u00ae e Scuola Politecnica di &hellip; <a href=\"https:\/\/www.gdapress.it\/it\/index.php\/70557\/i-saloni-201220132014\/design-week-2019-in-mostra-a-palazzo-litta-a-x-a-p.html\" class=\"more-link\">Read more <span class=\"screen-reader-text\">DESIGN WEEK 2019: IN MOSTRA A PALAZZO LITTA A.X.A.P.<\/span><\/a><\/p>\n","protected":false},"author":2,"featured_media":70558,"comment_status":"closed","ping_status":"open","sticky":false,"template":"","format":"standard","meta":{"footnotes":""},"categories":[8151],"tags":[24091,24092,8168],"class_list":["post-70557","post","type-post","status-publish","format-standard","has-post-thumbnail","hentry","category-i-saloni-201220132014","tag-a-x-a-p","tag-matteo-ragni-studio","tag-palazzo-litta"],"_links":{"self":[{"href":"https:\/\/www.gdapress.it\/it\/index.php\/wp-json\/wp\/v2\/posts\/70557","targetHints":{"allow":["GET"]}}],"collection":[{"href":"https:\/\/www.gdapress.it\/it\/index.php\/wp-json\/wp\/v2\/posts"}],"about":[{"href":"https:\/\/www.gdapress.it\/it\/index.php\/wp-json\/wp\/v2\/types\/post"}],"author":[{"embeddable":true,"href":"https:\/\/www.gdapress.it\/it\/index.php\/wp-json\/wp\/v2\/users\/2"}],"replies":[{"embeddable":true,"href":"https:\/\/www.gdapress.it\/it\/index.php\/wp-json\/wp\/v2\/comments?post=70557"}],"version-history":[{"count":1,"href":"https:\/\/www.gdapress.it\/it\/index.php\/wp-json\/wp\/v2\/posts\/70557\/revisions"}],"predecessor-version":[{"id":70559,"href":"https:\/\/www.gdapress.it\/it\/index.php\/wp-json\/wp\/v2\/posts\/70557\/revisions\/70559"}],"wp:featuredmedia":[{"embeddable":true,"href":"https:\/\/www.gdapress.it\/it\/index.php\/wp-json\/wp\/v2\/media\/70558"}],"wp:attachment":[{"href":"https:\/\/www.gdapress.it\/it\/index.php\/wp-json\/wp\/v2\/media?parent=70557"}],"wp:term":[{"taxonomy":"category","embeddable":true,"href":"https:\/\/www.gdapress.it\/it\/index.php\/wp-json\/wp\/v2\/categories?post=70557"},{"taxonomy":"post_tag","embeddable":true,"href":"https:\/\/www.gdapress.it\/it\/index.php\/wp-json\/wp\/v2\/tags?post=70557"}],"curies":[{"name":"wp","href":"https:\/\/api.w.org\/{rel}","templated":true}]}}