
{"id":70554,"date":"2019-04-09T08:52:47","date_gmt":"2019-04-09T06:52:47","guid":{"rendered":"http:\/\/www.gdapress.it\/it\/?p=70554"},"modified":"2019-04-09T08:52:47","modified_gmt":"2019-04-09T06:52:47","slug":"isia-faenza-presenta-earthz-nuovi-stili-alimentari-tra-cura-per-la-terra-e-transumanesimo-salonesatellite-milano","status":"publish","type":"post","link":"https:\/\/www.gdapress.it\/it\/index.php\/70554\/design\/isia-faenza-presenta-earthz-nuovi-stili-alimentari-tra-cura-per-la-terra-e-transumanesimo-salonesatellite-milano.html","title":{"rendered":"ISIA Faenza  presenta  EARTHz  Nuovi stili alimentari  tra cura per la terra e transumanesimo SaloneSatellite Milano"},"content":{"rendered":"<p><img loading=\"lazy\" decoding=\"async\" class=\"alignleft size-medium wp-image-70555\" src=\"http:\/\/www.gdapress.it\/it\/..\/public\/it\/2019\/04\/thumbnail_9-EARTHz.-ISIA-Faenza-per-SaloneSatellite.-Photo-Lorenzo-Filipponi-300x200.jpg\" alt=\"\" width=\"300\" height=\"200\" srcset=\"https:\/\/www.gdapress.it\/it\/..\/public\/it\/2019\/04\/thumbnail_9-EARTHz.-ISIA-Faenza-per-SaloneSatellite.-Photo-Lorenzo-Filipponi-300x200.jpg 300w, https:\/\/www.gdapress.it\/it\/..\/public\/it\/2019\/04\/thumbnail_9-EARTHz.-ISIA-Faenza-per-SaloneSatellite.-Photo-Lorenzo-Filipponi-500x334.jpg 500w, https:\/\/www.gdapress.it\/it\/..\/public\/it\/2019\/04\/thumbnail_9-EARTHz.-ISIA-Faenza-per-SaloneSatellite.-Photo-Lorenzo-Filipponi-272x182.jpg 272w, https:\/\/www.gdapress.it\/it\/..\/public\/it\/2019\/04\/thumbnail_9-EARTHz.-ISIA-Faenza-per-SaloneSatellite.-Photo-Lorenzo-Filipponi.jpg 709w\" sizes=\"auto, (max-width: 300px) 100vw, 300px\" \/><\/p>\n<p><strong>ISIA Faenza<\/strong><\/p>\n<p>presenta<\/p>\n<p><strong><em>EARTHz<\/em><\/strong><\/p>\n<p><strong>N<\/strong><strong>uovi stili alimentari <\/strong><\/p>\n<p><strong>tra cura per la terra e transumanesimo<\/strong><\/p>\n<p>Progetto degli studenti del biennio specialistico in<\/p>\n<p><em>Design del Prodotto e progettazione con materiali avanzati <\/em><\/p>\n<p>e in <em>Design della Comunicazione<\/em><\/p>\n<p><em>SaloneSatellite<\/em><\/p>\n<p>Stand S 09<\/p>\n<p>Quartiere Fiera Milano, Rho<\/p>\n<p>Dal 9 al 14 aprile 2019<\/p>\n<p><strong>ISIA Faenza<\/strong> partecipa al <em>SaloneSatellite 2019<\/em>, che per questa edizione ha scelto il tema del <strong><em>food design<\/em><\/strong> nella sua accezione pi\u00f9 ampia di sistema nutrizionale, che copre sia la coltivazione e la produzione del cibo che il suo consumo.<\/p>\n<p>Come ha scritto la curatrice del <em>SaloneSatellite<\/em> <strong>Marva Griffin Wilshire<\/strong>: <em>\u201cLa curiosit<\/em><em>\u00e0 <\/em><em>per nuove e diverse abitudini alimentari porta a considerare la produzione o utilizzo di materie prime alternative e la ricerca sulla forma che possono prendere.La stampa 3D<\/em><em>, la nanotecnologia, la biologia sintetica e la biotecnologia sono impiegate \u2013 accostando a volte i processi artigianali e dell\u2019autoproduzione \u2013<\/em><em> per la sperimentazione di materiali inediti destinati ai prodotti, per i nuovi alimenti, per immaginare una diversa<\/em><em> natura di oggetti di uso domestico e le possibilit\u00e0 di design derivanti.\u201d<\/em><\/p>\n<p>In questa prospettiva s\u2019inseriscono i progetti elaborati dagli studenti di ISIA Faenza e il <em>display <\/em>della mostra <strong><em>EARTHz <\/em><\/strong>presentata al <em>SaloneSatellite<\/em><em>,<\/em> dove si potranno ammirare <strong>nuovi strumenti per produrre il cibo, per trasportarlo e per assumerlo in via transumana<\/strong>.<\/p>\n<p><strong>Attrezzi per coltivare la terra, protesi-contenitori da indossare e portare sul corpo<\/strong> (sotto forma di \u201ctasche\u201d organiche) <strong>per il contenimento e la riserva del cibo, utensili in ceramica 3D di nuova generazione per la raccolta, la depurazione e la conservazione degli alimenti<\/strong>: questi sono alcuni dei progetti elaborati dagli studenti nei corsi di Progettazione, Modellistica, Design dei prodotti ceramici del Biennio specialistico in Design del Prodotto, che uniscono insieme i saperi scientifici con il fare progettuale e laboratoriale, la cultura antropologica e umanistica con l\u2019invenzione artistica.<\/p>\n<p>Un progetto innovativo che vede l\u2019uomo protagonista di nuovi stili di vita, in cui le tecnologie (cnc, stampa 3D, algoritmi, scienze dei materiali) sono sotto pelle e non enfatizzate, ideate per il benessere dell\u2019uomo e del pianeta.<\/p>\n<p>Nell\u2019esposizione <em>EARTHz<\/em> un\u2019<strong>installazione video multischermo<\/strong>, progettata e realizzata dagli studenti del Biennio specialistico in Design della Comunicazione, racconter\u00e0 la <strong>visione di una terra che \u00e8 attraversata da energie nuove, luogo di evoluzione di un sistema alimentare nuovo e di una cultura del cibo tra saperi antichi, patrimoni biologici, flussi migratori e transumanesimo<\/strong>.<\/p>\n<p>Durante i giorni del <em>SaloneSatellite<\/em> il progetto <em>EARTHz <\/em>ospiter\u00e0 delle <strong>azioni di <\/strong><strong><em>experience design <\/em><\/strong><strong>con un <\/strong><strong>approccio inedito della stampa 3D<\/strong>, grazie anche alla collaborazione tecnica di <strong>WASP<\/strong>, azienda leader nella stampa 3D.<\/p>\n<p>Seguir\u00e0 l&#8217;evento espositivo la pubblicazione di un <strong>catalogo bilingue<\/strong> che racconter\u00e0 e illustrer\u00e0 il progetto.<\/p>\n<p><em>\u201cL\u2019invito al <\/em>SaloneSatellite<em> \u00e8 l\u2019occasione per mostrare agli addetti ai lavori e al pubblico come sta cambiando l\u2019ISIA di Faenza, che presenta una visione originale del design interrogato sulle sfide planetarie future in tema di nutrizione, cura delle risorse alimentari e aumento demografico\u201d<\/em> afferma il <strong>direttore<\/strong><strong> di ISIA Faenza Marinella Paderni<\/strong>. <em>\u201cI nostri studenti sono molto sensibili ai temi sociali e hanno risposto all\u2019invito del <\/em>SaloneSatellite<em> immaginando e progettando soluzioni che mettono al centro l\u2019uomo, il suo benessere e la funzione del design come attivatore di buone pratiche individuali e collettive\u201d.<\/em><\/p>\n<p>Il Presidente Giovanna Cassese aggiunge <em>\u201cAver ricevuto l\u2019invito come istituzione formativa a partecipare tra le poche eccellenti <\/em><strong><em>scuole internazionali di design <\/em><\/strong><em>ammesse all\u2019edizione del 2019 del <\/em>SaloneSatellite <em>ci ha riempito di orgoglio e di gioia e al contempo ha rappresentato una sfida importante per esaltare e far conoscere la peculiarit\u00e0 del modello didattico dell\u2019ISIA di Faenza. Gli ISIA sono istituzioni archetipo per la formazione universitaria pubblica nell\u2019ambito del design in Italia, fanno parte dell\u2019Alta Formazione Artistica del MIUR, e sono spesso misconosciuti, ma rappresentano una via tutta \u201citaliana\u201d alla formazione dei designer del futuro. Numero programmato, docenti di altro profilo dal punto di vista scientifico e professionale, centralit\u00e0 della didattica laboratoriale e dialogo serrato tra discipline storico-artistiche,\u00a0 teoriche, antropologiche e tecniche e scientifiche nonch\u00e9\u00a0 fiducia nelle capacit\u00e0 creative e critiche dei giovani costituiscono gli ingredienti base per mettere al centro le questioni centrali della progettazione a tutto tondo per\u00a0 sperare in un mondo migliore ed ecosostenibile. Qui didattica, ricerca e produzione, i tre segmenti della nostra <\/em>mission<em> istituzionale, sono inscindibilmente connesse e l\u2019ambizioso e corale progetto <\/em>EARTHz<em> lo dimostra in pieno\u201d. <\/em><\/p>\n<p>Coordinamento<\/p>\n<p><strong>prof. Giorgio Gurioli<\/strong><\/p>\n<p>Corso di Progettazione<\/p>\n<p><strong>prof. Giovanni Delvecchio<\/strong><\/p>\n<p><strong>prof.Giorgio Gurioli<\/strong><\/p>\n<p>Corso di Design dei prodotti ceramici<\/p>\n<p><strong>prof.ssa Sabrina Sguanci<\/strong><\/p>\n<p>Laboratorio ceramici tradizionali e avanzati<\/p>\n<p><strong>prof. Mirco Denicol\u00f2<\/strong><\/p>\n<p>Corso di Processi e materiali Innovativi<\/p>\n<p><strong>prof.ssa Annalisa Natali Murri<\/strong><\/p>\n<p>Laboratorio stampa 3D<\/p>\n<p><strong>prof. Lorenzo Paganelli<\/strong><\/p>\n<p>Comunicazione grafica<\/p>\n<p><strong>prof. Matteo Pini<\/strong><\/p>\n<p>Comunicazione video<\/p>\n<p><strong>prof. Andrea Pedna<\/strong><\/p>\n<p>Progetto allestimento<\/p>\n<p><strong>proff. Maria Concetta Cossa, Giovanni Delvecchio, Giorgio Gurioli, Andrea Pedna<\/strong><\/p>\n<p><strong>ISIA Faenza Design &amp; Comunicazione <\/strong>\u00e8 un\u2019<strong>istituzione universitaria di primo piano nel mondo della creativit\u00e0 e della progettazione contemporanei <\/strong>che, fin dalla sua fondazione, opera nell\u2019ambito dell\u2019Alta Formazione del design. Grazie anche alla nuova <em>governance <\/em>di Giovanna Cassese e Marinella Paderni, sta sviluppando un <strong>dialogo sempre pi\u00f9 serrato tra formazione, ricerca, produzione e valorizzazione della cultura del design <\/strong>con una particolare attenzione al tema della ceramica.<\/p>\n<p><strong>WASP <\/strong>nasce nel 2012 su iniziativa di Massimo Moretti ed \u00e8 un progetto incentrato sullo sviluppo della stampa 3D. Produce stampanti professionali con l\u2019intento di incentivare uno sviluppo sostenibile e l\u2019autoproduzione. E\u2019 continua la ricerca sui materiali, strada che ha portato l\u2019azienda a diventare leader nella stampa di ceramica e porcellana. Veloci e altamente precise, le Delta WASP consentono la realizzazione di una vasta gamma di prodotti. La mission \u00e8 costruire case ecosostenibili a km 0 e nel 2018 \u00e8 stata presentata la Crane WASP, stampante modulare con cui \u00e8 stato realizzato Gaia, primo modulo architettonico generato dalla terra cruda e da scarti della catena alimentare.<\/p>\n","protected":false},"excerpt":{"rendered":"<p>ISIA Faenza presenta EARTHz Nuovi stili alimentari tra cura per la terra e transumanesimo Progetto degli studenti del biennio specialistico in Design del Prodotto e progettazione con materiali avanzati e in Design della Comunicazione SaloneSatellite Stand S 09 Quartiere Fiera Milano, Rho Dal 9 al 14 aprile 2019 ISIA Faenza partecipa al SaloneSatellite 2019, che &hellip; <a href=\"https:\/\/www.gdapress.it\/it\/index.php\/70554\/design\/isia-faenza-presenta-earthz-nuovi-stili-alimentari-tra-cura-per-la-terra-e-transumanesimo-salonesatellite-milano.html\" class=\"more-link\">Read more <span class=\"screen-reader-text\">ISIA Faenza  presenta  EARTHz  Nuovi stili alimentari  tra cura per la terra e transumanesimo SaloneSatellite Milano<\/span><\/a><\/p>\n","protected":false},"author":2,"featured_media":70555,"comment_status":"closed","ping_status":"open","sticky":false,"template":"","format":"standard","meta":{"footnotes":""},"categories":[32],"tags":[24089,23499,24090],"class_list":["post-70554","post","type-post","status-publish","format-standard","has-post-thumbnail","hentry","category-design","tag-earthz","tag-isia-faenza","tag-salonesatellite-milano"],"_links":{"self":[{"href":"https:\/\/www.gdapress.it\/it\/index.php\/wp-json\/wp\/v2\/posts\/70554","targetHints":{"allow":["GET"]}}],"collection":[{"href":"https:\/\/www.gdapress.it\/it\/index.php\/wp-json\/wp\/v2\/posts"}],"about":[{"href":"https:\/\/www.gdapress.it\/it\/index.php\/wp-json\/wp\/v2\/types\/post"}],"author":[{"embeddable":true,"href":"https:\/\/www.gdapress.it\/it\/index.php\/wp-json\/wp\/v2\/users\/2"}],"replies":[{"embeddable":true,"href":"https:\/\/www.gdapress.it\/it\/index.php\/wp-json\/wp\/v2\/comments?post=70554"}],"version-history":[{"count":1,"href":"https:\/\/www.gdapress.it\/it\/index.php\/wp-json\/wp\/v2\/posts\/70554\/revisions"}],"predecessor-version":[{"id":70556,"href":"https:\/\/www.gdapress.it\/it\/index.php\/wp-json\/wp\/v2\/posts\/70554\/revisions\/70556"}],"wp:featuredmedia":[{"embeddable":true,"href":"https:\/\/www.gdapress.it\/it\/index.php\/wp-json\/wp\/v2\/media\/70555"}],"wp:attachment":[{"href":"https:\/\/www.gdapress.it\/it\/index.php\/wp-json\/wp\/v2\/media?parent=70554"}],"wp:term":[{"taxonomy":"category","embeddable":true,"href":"https:\/\/www.gdapress.it\/it\/index.php\/wp-json\/wp\/v2\/categories?post=70554"},{"taxonomy":"post_tag","embeddable":true,"href":"https:\/\/www.gdapress.it\/it\/index.php\/wp-json\/wp\/v2\/tags?post=70554"}],"curies":[{"name":"wp","href":"https:\/\/api.w.org\/{rel}","templated":true}]}}