
{"id":70532,"date":"2019-04-08T07:52:49","date_gmt":"2019-04-08T05:52:49","guid":{"rendered":"http:\/\/www.gdapress.it\/it\/?p=70532"},"modified":"2019-04-08T07:53:51","modified_gmt":"2019-04-08T05:53:51","slug":"brera-design-week-2019-design-your-life","status":"publish","type":"post","link":"https:\/\/www.gdapress.it\/it\/index.php\/70532\/i-saloni-201220132014\/brera-design-week-2019-design-your-life.html","title":{"rendered":"Brera Design Week 2019 \u201cDesign your Life\u201d"},"content":{"rendered":"<p><img loading=\"lazy\" decoding=\"async\" class=\"alignleft size-full wp-image-70533\" src=\"http:\/\/www.gdapress.it\/it\/..\/public\/it\/2019\/04\/Logo_BDD_cmyk.jpg\" alt=\"\" width=\"354\" height=\"354\" srcset=\"https:\/\/www.gdapress.it\/it\/..\/public\/it\/2019\/04\/Logo_BDD_cmyk.jpg 354w, https:\/\/www.gdapress.it\/it\/..\/public\/it\/2019\/04\/Logo_BDD_cmyk-150x150.jpg 150w, https:\/\/www.gdapress.it\/it\/..\/public\/it\/2019\/04\/Logo_BDD_cmyk-300x300.jpg 300w\" sizes=\"auto, (max-width: 354px) 100vw, 354px\" \/><\/p>\n<p>BRERA DESIGN DISTRICT<br \/>\n<strong>Brera Design Week 2019<\/strong><br \/>\n<strong>\u201cDesign your Life\u201d<\/strong><br \/>\nIn occasione del Fuorisalone 2019, in scena a Milano dall\u20198 al 14 aprile, Brera Design District presenta la<br \/>\ndecima edizione della sua Design Week. In questi anni Brera Design District (BDD) ha consolidato il suo ruolo di<br \/>\nprimo e pi\u00f9 importante distretto di promozione del design in Italia diventando brand e dialogando con professionisti e<br \/>\naziende presenti sul territorio, ma anche con investitori, sponsor ed espositori temporanei.<br \/>\nDietro le quinte dell\u2019operazione c\u2019\u00e8 la firma di Studiolabo, agenzia e studio creativo formato da un team di<br \/>\nprofessionisti specializzati in design della comunicazione, dal digital marketing al concept e graphic design, dalla<br \/>\nprogettazione web al design strategico.<br \/>\nNel 2018 Brera Design Week ha registrato un\u2019edizione record: 210 eventi e 395 espositori coinvolti con un passaggio<br \/>\nsuperiore alle 350.000 persone. Forte di questi risultati, BDD ospita un fitto calendario di eventi oltre a promuovere<br \/>\nprogetti speciali e iniziative culturali. E, come ogni anno, propone un format che comprende la scelta di un tema e il<br \/>\npremio Lezioni di Design. Proprio in occasione della decima edizione verranno coinvolti dieci ambassador.<br \/>\nDurante i Brera Design Days, prodotti da Studiolabo a ottobre 2018, si \u00e8 parlato molto di sostenibilit\u00e0 e di progettazione<br \/>\nsostenibile e consapevole delle proprie scelte. Da qui l\u2019ispirazione che ci ha portati alla scelta del tema: \u201cDesign Your<br \/>\nLife\u201d che prende spunto dal libro di Bill Burnett e Dave Evans (Designing Your Life: How to Build a Well-Lived, Joyful<br \/>\nLife, Alfred a Knopf Inc, settembre 2016).<br \/>\nSe adottassimo l\u2019approccio progettuale anche nelle scelte quotidiane, nella vita di tutti i giorni, probabilmente saremmo<br \/>\npi\u00f9 felici e meno stressati. Basti pensare alla valenza dell\u2019errore nel progetto, dove \u00e8 riconosciuto come un elemento<br \/>\nfondante di un processo di ricerca che tende alla perfezione.<br \/>\nAl contrario, un errore nella vita quotidiana \u00e8 visto come una catastrofe, non una fase da cui imparare qualcosa, ma un<br \/>\nostacolo, un episodio da cancellare.<br \/>\nForse le vite di tutti gli abitanti del pianeta sono collegate tra loro dai propri errori, basti pensare a quello che abbiamo<br \/>\n(o non abbiamo) fatto per la sostenibilit\u00e0 ambientale. Oggi paghiamo errori commessi in passato, che ancora si<br \/>\nripetono, lontani e vicino a noi. \u201cDesign your life\u201d \u00e8 un invito a progettare la propria vita. Ai progettisti chiediamo di<br \/>\nlavorare maggiormente sull\u2019impatto sostenibile del loro lavoro.<br \/>\nA tutti chiediamo di sentirsi progettisti, coinvolti e audaci, perch\u00e9 il pensiero e l\u2019apporto di tutti, ora, \u00e8 imprescindibile.<br \/>\nRiflettendo sul tema, quest\u2019anno, il premio Lezioni di Design lo leghiamo concettualmente al nostro decimo<br \/>\nanniversario, individuando dieci tematiche verticali, dieci modi cio\u00e8 in cui il tema principale pu\u00f2 essere<br \/>\ninterpretato da professionisti, designer e ricercatori che con il loro lavoro contribuiscono concretamente a<br \/>\ncostruire un mondo sostenibile. Grazie all\u2019esperienza maturata con i Brera Design Days, ci siamo orientati su figure<br \/>\nmolto diverse tra loro, capaci nel loro quotidiano di restituire un punto di vista e un approccio al progetto in grado di<br \/>\nrappresentare aspetti diversi della sostenibilit\u00e0.<\/p>\n<p>A seguire le parole chiave e gli ambasciatori:<br \/>\n1) DESIGN YOUR COMMUNITY \/ Marco Mari e Carlotta Borruto (Italia Innovation)<br \/>\n2) DESIGN YOUR CREATIVITY \/ Mauro Martino (IBM Research AI, Northeastern University, Italy \/ US)<br \/>\n3) DESIGN YOUR CULTURE \/ Ivano Atzori e Kyre Chenven (Pretziada)<br \/>\n4) DESIGN YOUR EMOTION \/ Oliver Marlow (StudioTilt &#8211; Codesign)<br \/>\n5) DESIGN YOUR FUTURE \/ Mario Cucinella (Architetto &#8211; MCA, SOS School of Sustainability)<br \/>\n6) DESIGN YOUR IDEAS \/ Daniel e Markus Freitag (Freitag)<br \/>\n7) DESIGN YOUR IMAGINATIONS \/ Thayse Vi\u00e9gas (Casa Canvas)<br \/>\n8) DESIGN YOUR MEMORIES \/ Aldo Cibic (Designer)<br \/>\n9) DESIGN YOUR TRANSFORMATION \/ Stefano Maffei (Docente, Politecnico di Milano)<br \/>\n10) DESIGN YOUR VALUE \/ Ben Sheppard (Mc Kinsey Design Index -The Business value of design)<\/p>\n<p>\u201cLe presentazioni e le installazioni proposte, da Brera Design District in questi primi 10 anni, hanno contribuito e<br \/>\ncontribuiscono a implementare l\u2019azione dell\u2019Amministrazione volta a diffondere la vivacit\u00e0 e la creativit\u00e0 della Design<br \/>\nWeek in tutti i quartieri cittadini\u201d cos\u00ec spiega l\u2019Assessore alle Politiche per il Lavoro, Attivit\u00e0 produttive, Moda e<br \/>\nDesign Cristina Tajani che prosegue: \u201cSiamo convinti che il Fuorisalone non rappresenti solo una valida occasione di<br \/>\nconfronto per gli operatori e gli addetti ai lavori ma sia, soprattutto, un&#8217;opportunit\u00e0 per la citt\u00e0 di offrire a cittadini, turisti<br \/>\ne semplici appassionati la possibilit\u00e0 di avvicinarsi al bello e al ben fatto grazie ai i nuovi linguaggi creativi dei giovani<br \/>\ndesigner oggi sempre pi\u00f9 attenti alla sostenibilit\u00e0 e al rispetto dell&#8217;ambiente. Un\u2018occasione di confronto sul mondo del<br \/>\ndesign che trae forza dal lavoro corale tra Comune di Milano e i diversi operatori dei distretti presenti in citt\u00e0 uniti dalla<br \/>\nvolont\u00e0 di promuovere Milano nel segno della creativit\u00e0 e dell&#8217;innovazione e della circolarit\u00e0\u201d.<br \/>\nBrera Design District fruisce del supporto di Edison, che si riconosce nei valori e nella visione proposta dal tema:<br \/>\n\u00abEdison promuove e partecipa alla costruzione di un futuro sostenibile mettendo a disposizione competenze,<br \/>\ntecnologie e persone che da oltre 130 anni producono e distribuiscono al Paese energia. Brera Design District, in<br \/>\nquanto eccellenza internazionale del design e della progettazione, \u00e8 il luogo ideale per aprire uno spazio di confronto<br \/>\nsul ruolo cardine che l\u2019energia svolge per abilitare e realizzare concretamente la trasformazione e l\u2019evoluzione dei<br \/>\nnostri stili di vita e i relativi servizi che soddisfano le contemporanee esigenze di connessione, condivisione e<br \/>\nsocializzazione\u00bb, dichiara Cristina Parenti, Senior Vice President Communication &amp; External Relations di Edison.<br \/>\nIris Ceramica Group parteciper\u00e0 al Fuorisalone 2019 in qualit\u00e0 di main sponsor di Brera Design District per<br \/>\ncelebrare insieme i dieci anni del Distretto, legati da un comune bagaglio valoriale, che vede il Gruppo impegnato da<br \/>\nanni nella ricerca in materia di ecosostenibilit\u00e0. Iris Ceramica Group sar\u00e0 presente con l\u2019installazione MateriAttiva,<br \/>\nfrutto della proficua collaborazione con SOS School of Sustainability e Studio MCA, all\u2019interno della prestigiosa<br \/>\nlocation situata nel cuore del distretto Brera (via Balzan\/via San Marco), centro nevralgico e vetrina internazionale del<br \/>\nmondo del design e della progettazione.<br \/>\nRado diventa official timekeeper del Fuorisalone scandendo il tempo del design e degli eventi, sponsorizzando<br \/>\nla piattaforma Fuorisalone.it e Brera Design District. Marchio orologiero svizzero noto per il suo design innovativo e<br \/>\nl&#8217;impiego di materiali rivoluzionari, Rado \u00e8 tra i protagonisti del panorama del design mondiale nella creazione di orologi<br \/>\nche durano nel tempo. Il design ha sempre avuto un ruolo fondamentale per Rado. Per questa ragione, il brand si \u00e8<br \/>\naggiudicato nel corso degli anni oltre 30 prestigiosi riconoscimenti internazionali nel campo del design<\/p>\n<p><strong>Brera Design Apartment presenta:<\/strong><br \/>\n<strong>Planetario di Cristina Celestino<\/strong><br \/>\nPlanetario \u00e8 un progetto di interni concepito e realizzato da Cristina Celestino per Besana Carpet Lab che sar\u00e0<br \/>\npresentato al Brera Design Apartment in occasione della Milano Design Week.<br \/>\nUn concept retro futuristico, dove \u00e8 protagonista una nuova collezione di moquette creata dalla designer e realizzata<br \/>\nda Besana Carpet Lab &#8211; azienda produttrice e innovatrice nel settore moquette e tappeti. L&#8217;illuminazione \u00e8 affidata ad<br \/>\nEsperia, marchio storico parte dell&#8217;eccellenza italiana che si muove tra design e artigianato: tra le scultoree &#8220;lampade<br \/>\nd&#8217;arte&#8221; del brand, spiccano due nuovi pezzi disegnati da Cristina Celestino per l&#8217;occasione.<br \/>\nPlanetario presenta uno scenario domestico onirico, inaspettato, ispirato ai temi dello spazio e della sua antitesi, il<br \/>\nmondo sottomarino.<br \/>\nL\u2019icona del materiale \u201cmoquette\u201d prende vita, ed interagisce con le sculture luminose di Esperia, in una rilettura<br \/>\ncontemporanea che ne mostra l&#8217;anima versatile, evocativa e poetica ma funzionale.<br \/>\nIl Brera Design Apartment dialoga con il progetto e si trasforma in uno spazio unico e fuori dal tempo &#8211; confermandosi il<br \/>\nluogo ideale per la sperimentazione creativa inerente al mondo del progetto e della decorazione di interni. Gli elementi<br \/>\nfondamentali di Planetario &#8211; tra cui le nuove moquette create per l&#8217;occasione &#8211; diventeranno parte dell&#8217;appartamento,<br \/>\ncaratterizzando gli interni anche dopo il Fuorisalone.<br \/>\nBrera Design Apartment (via Palermo 1, 3\u00b0piano, 8-14 Aprile, ore 10.00 &#8211; 19.00)<br \/>\n<strong>Brera Design Apartment:<\/strong><br \/>\n<strong>Format in calendario nel 2019<\/strong><br \/>\nBrera Design Apartment presenta per il 2019 una serie di format sviluppati in collaborazione con diversi<br \/>\npartner selezionati. I format hanno avuto inizio a gennaio e proseguiranno per tutto l\u2019anno.<br \/>\nL\u2019obiettivo \u00e8 quello di animare l\u2019appartamento con appuntamenti dedicati al mondo del design, dell\u2019arte e della<br \/>\ncomunicazione grazie a dinamiche informali e intime, capaci di enfatizzare il valore del luogo e sviluppare networking<br \/>\ncreando contenuti notiziabili e condivisibili con la nostra community.<br \/>\nFormat previsti: Canvas Talks con Casa Canvas; Coffee Room con Casamenu; How to be digital con simple flair;<br \/>\nDesign Date con Laura Traldi; Kitchen tools con Andrea Vigna.<br \/>\nCanvas Talks \u00e8 un esclusivo appuntamento mensile di Casa Canvas nel Brera Design Apartment, pensato per creare<br \/>\nun\u2019atmosfera intima di networking e condivisione di esperienze dedicato a sole donne nell\u2019ambito del design, arte e<br \/>\ncomunicazione. \u00c8 un progetto di Thayse Vi\u00e9gas e Silvia Matias con la collaborazione di Paolo Casati e la<br \/>\npartecipazione di Vasiliki Pierrakea e di Laura Traldi. Un format originale, tutto al femminile, che ha avuto il suo lancio il<br \/>\n28 gennaio 2019 e i cui ingredienti sono: l\u2019Appartamento, un luned\u00ec al mese, un tema differente per evento, un<br \/>\nmediatore, una chef, quattro ospiti e 14 invitate, scelte dagli organizzatori. www.canvastalks.it<br \/>\nCoffee room &#8211; Kitchen Design Journal \u00e8 un progetto di Casamenu, Cristina Galliena Bohman e Francesca Martinez.<br \/>\nUna pausa caff\u00e8 all\u2019interno degli spazi del Brera Design Apartment. Il tempo di un caff\u00e8, 30 minuti per conoscere<br \/>\nmeglio un ospite durante un\u2019intervista informale, seduti al tavolo da pranzo o nel salotto di casa. www.casamenu.it<br \/>\nHow to be digital &#8211; Tips e strategie per progettisti e designer a cura di simple flair, Riccardo Crenna e Simona<br \/>\nFlacco. Come possono progettisti e designer costruire il proprio posizionamento, credibile e professionale, nel mondo<br \/>\ndigitale? Strategie e tips per ampliare il proprio business attraverso tecniche e strumenti innovativi. Un approccio unico<br \/>\ntra design, comunicazione e strategie digitali in un format workshop. www.simpleflair.it<\/p>\n<p>Design Date &#8211; The Unexpected angle di Laura Traldi. Conversazioni sul design con chi lo fa (e lo usa per inventare<br \/>\ncose che non ci si immagina) ovvero, cosa accade nelle serate milanesi, quando si chiacchiera davanti a un buon<br \/>\npiatto (preparato insieme) e un bicchiere di vino. www.designatlarge.it<br \/>\nKitchen tools di Andrea Vigna. Un talk di cucina anzi, un talk sul design in cucina in cui si osserva \u201ccon le mani in<br \/>\npasta \u201c quanto sia importante la funzione degli oggetti che scegliamo per trasformare il cibo da semplici ingredienti in<br \/>\nricordi. Un viaggio verbale e materico tra i tools pi\u00f9 comuni per scoprire empiricamente quanto il risultato passi<br \/>\nattraverso la scelta dello strumento corretto; un incontro, forse per la prima volta tra i fornelli, tra chi usa e chi pensa e<br \/>\ncrea gli tutti gli utensili &#8211; tra aneddoti, storia e qualche tips. www.andreavigna.com<br \/>\n<strong>Eventi e protagonisti del distretto<\/strong><br \/>\nTra i brand che hanno scelto Brera Design District come palcoscenico del loro evento segnaliamo, tra gli<br \/>\ninternazionali segnaliamo: Apex Brasil (\u2105 La Permanente &#8211; Via Turati, 34); Artefatto (\u2105 Atlantis Studio &#8211; Via<br \/>\nPalermo, 8); Artek (\u2105 Amy-d Arte spazio &#8211; Via Lovanio, 6); Asko (\u2105 Madonnina &#8211; Via Madonnina, 27); Atelier Fevri\u00e9r<br \/>\n(\u2105 Galleria Bolzani &#8211; Via Morone, 2); Bang&amp;Olufsen (\u2105 Rimessa dei Fiori &#8211; Via San Carpoforo, 9); BCD &#8211; Barcelona<br \/>\nCentre de Disseny (\u2105 Dante 14 \u2013 Via Dante, 14); Beau &amp; Bien (\u2105 SPY &#8211; Via Palermo, 1); Budapest Select (\u2105<br \/>\nSolferino Apartment &#8211; Via Solferino, 11 scala SX 3\u00b0 PT); Christian Fischbacher (\u2105 La Posteria &#8211; Via Sacchi, 5\/7);<br \/>\nCo.studio (\u2105 VS Arte &#8211; Via Ciovasso, 13); COR (\u2105 Circolo Solferino &#8211; Via Solferino, 11); Dornbracht (\u2105 P19 &#8211; Via<br \/>\nPontaccio, 19 \/ Via Fiori Chiari, 24); Draga&amp;Aurel (\u2105 h+ &#8211; Via Varese, 12); \u00c9clat (\u2105 Palazzo Cusani \u2013 Via Brera,<br \/>\n13\/15); Espasso (\u2105 Garibaldissimo &#8211; Via Garibaldi, 117); Geberit | Pozzi e Ginori (\u2105 Biciclette Rossignoli Milano \u2013<br \/>\nCorso Garibaldi, 71); GUAXS (\u2105 Garibaldi Temporary &#8211; Corso Garibaldi, 46); H+O (\u2105 Solferino 11 &#8211; Via Solferino, 11 &#8211;<br \/>\n3\u00b0 piano); HEAD &#8211; Gen\u00e8ve, Haute \u00e9cole d&#8217;art et de design (\u2105 Mimmo Scognamiglio Gallery &#8211; Via Goito, 7); Hem (\u2105<br \/>\nDreamfactory Lab &#8211; Corso Garibaldi, 117); Iksel (\u2105 Efrem Guidi Gioielli &#8211; Largo Treves, 2); Interiors (\u2105 Galleria il<br \/>\nVicolo &#8211; Via Maroncelli, 2); Jung (\u2105 Cavalieri Spazio Danza &#8211; Via Palermo 1 \u2013 Cortile); Kabinet (\u2105 Galleria Maroncelli<br \/>\n12 &#8211; Via Maroncelli, 12); Karimoku forniture (\u2105 Cernaia 7 &#8211; Via Cernaia, 7); Korai (\u2105 Galleria Seno &#8211; Via Ciovasso,<br \/>\n19); Land Rover (\u2105 Blindarte &#8211; Via Palermo, 11); Lin Brasil (\u2105 Statuto 13 &#8211; Via Statuto, 13); Lund University School<br \/>\nof Industrial Design (\u2105 Molteni Architetti &#8211; Via Palermo, 1); Maisons Du Monde (\u2105 Home in Style &#8211; Via Palermo, 16);<br \/>\nMarimekko (\u2105 P5 Apartment &#8211; Via Palermo, 5); Melissa (\u2105 P1 &#8211; Via Palermo, 1); Mikiya Kobayashi supported by<br \/>\nKarimoku (\u2105 Spazio Cernaia &#8211; Via Cernaia, 1); Mimicr\u00ec (\u2105 Paraventi Giapponesi &#8211; Via Marsala, 4); Misoka (\u2105 The<br \/>\nShop &#8211; Via Ciovasso, 6); Moooi (\u2105 Mediateca di Santa Teresa &#8211; Via della Moscova, 28); MT &#8211; Masking Tape (\u2105<br \/>\nSpazio Brera &#8211; Via Ciovasso, 17); Muthesius Academy of Art and Design (\u2105 LevelHouse &#8211; Via Volta, 13); Pouenat<br \/>\n(\u2105 Galleri Consadori &#8211; Via Brera, 2); Rules.Co (\u2105 Ansteffan Gallery \u2013 Corso Garibaldi, 104); Saint Louis (\u2105 Santa<br \/>\nMaria del Carmine \u2013 Piazza del Carmine); Samsung (\u2105 Brera Site &#8211; Via delle Erbe, 2); Sch\u00f6nbuch (\u2105 Sch\u00f6nbuch<br \/>\nPop Up Store \u2013 Corso Garibaldi, 44); Slow Stone (\u2105 Palimodde \u2013 Via Solferino, 32); Steininger Designers (\u2105<br \/>\nGalleria il Castello &#8211; Via Brera, 16); Stellar Works (\u2105 Galleria Manzoni &#8211; Via Manzoni, 40\/42); Surteco (\u2105 Laboratorio<br \/>\nFormentini &#8211; Via Formentini, 10); Tarkett (\u2105 Circolo Filologico Milanese &#8211; Via Clerici, 10); The socialite family (\u2105 P1<br \/>\nApartment &#8211; Via Palermo, 1 scala SX 1\u00b0PT); Thonet (\u2105 Orsorama &#8211; Via dell\u2019Orso, 14);<br \/>\nVisit Sweden (\u2105 SolferinoLab &#8211; Via Largo Treves, 5); Yoy (\u2105 Galleria Clio Calvi Rudy Volpi \u2013 Via Pontaccio, 17); Yv\u00e9<br \/>\nCollection by Javier Lopez (\u2105 Moscova 39 &#8211; Via Moscova, 39);<br \/>\nTra i brand nazionali segnaliamo: Agapecasa con la partecipazione di Matteo Brioni (\u2105 Galleria Manzoni &#8211; Via<br \/>\nManzoni, 40\/42); Abhika (\u2105 Sixplus &#8211; Via Solferino, 11); ARC Studio (\u2105 Container \u2013 Largo Beltrami); Ariostea (\u2105<br \/>\nXSpace \u2013 Corso Garibaldi, 2); Artemest (\u2105 via Giovanni Randaccio, 5); Best Packaging 2019 (\u2105 Pourquoi Pas<br \/>\nDesign \u2013 Via Tito Speri, 1); Bottega Ghianda (\u2105 Palazzo di Brera Sala delle Adunanze dell&#8217;Istituto Lombardo &#8211; Via<br \/>\nBrera, 28); Calico Wallpaper (\u2105 PJB &#8211; Via Maroncelli, 7); Cara Petra (\u2105 Spazio Theca &#8211; Piazza Castello, 5);<br \/>\nContrada Erasmo (\u2105 Signorvino \u2013 Via Dante, 15); Cor\u00e0 (\u2105 Dante 12 \u2013 Via Dante, 12); Cortex (\u2105 Cortex Pop Up<br \/>\nStore \u2013 Via Ponte Vetero, 23); DcomeDesign RELOADED &#8211; artiere | kraftswomen (\u2105 Biblioteca Umanistica di Santa<\/p>\n<p>Maria Incoronata &#8211; Corso Garibaldi, 116); Diamart (\u2105 Baldessari&amp;Baldessari &#8211; Via Pontaccio, 19); Digital Detox<br \/>\nDesign (\u2105 Correa Granados Architects &#8211; Via Solferino, 11 &#8211; scala SX &#8211; 4PT) &#8211; DOT &amp; ABLE TO (\u2105 Sagrato e piazza<br \/>\ndella Chiesa di San Marco &#8211; Piazza San Marco, 2); Editamateria (\u2105 P11 &#8211; Via Palermo, 11); Emma Materasso (\u2105<br \/>\nBorgonuovo &#8211; Via dell\u2019Annunciata, 31); F Design Week (\u2105 Robertaebasta &#8211; Via Fiori Chiari, 3); F.lli Damian (\u2105<br \/>\nBaldessari e Baldessari Architetti \u2013 Via Pontaccio, 19); Fantin (\u2105 TAA &#8211; Via Palermo, 8); Fenix (\u2105 Falegnameria<br \/>\nCavalleroni &#8211; Via Palermo, 8); Fornace Brioni (\u2105 Statuto &#8211; Via Statuto, 18); Fucina (\u2105 Loom Gallery &#8211; Via Marsala, 7);<br \/>\nG.T. Design (\u2105 E-stra \u2013 Corso Garibaldi, 34); Gigacer (\u2105 Statuto 16 &#8211; Via Statuto 16); Guido De Zan Ceramiche (\u2105<br \/>\nNatsuko Toyfuku \u2013 Corso Como, 9); Home Italia Magazine (\u2105 Solferino 40 &#8211; Via Solferino, 40); Interni Human<br \/>\nSpaces (\u2105 Orto Botanico di Brera &#8211; Via f.lli Gabba, 10 &#8211; Via Brera, 28); Iris Ceramica Group (\u2105 Dabbene Showroom &#8211;<br \/>\nVia Balzan ang Via San Marco); KalaRara (\u2105 Treves 5 &#8211; Largo Treves, 5); L&amp;L LuceLight (\u2105 Garibaldi 46 &#8211; Corso<br \/>\nGaribaldi, 46); Limone Design (\u2105 Temporary in Solferino &#8211; Via Solferino ang. Castelfidardo, 2); Marble Stories 2 (\u2105<br \/>\nGalleria Carte Scoperte &#8211; Via Maroncelli, 14); Mario Cucinella Design (\u2105 Sans Tab\u00f9 &#8211; Via Varese, 12); Marsotto (\u2105<br \/>\nCB &#8211; Corso Garibaldi, 50); Masiero (\u2105 Temporary San Marco &#8211; Via San Marco, 12); Mingardo (\u2105 Solferino &#8211; Via<br \/>\nSolferino, 11); MMairo (\u2105 Square Garden &#8211; Via Madonnina, 12); Mobil Crab (\u2105 Mobilcrab Showroom &#8211; Via Solferino,<br \/>\n37); Oikoi (\u2105 Oikoi &#8211; Via Solferino, 11 &#8211; scala SX &#8211; 4PT); Roberto Semprini Design (\u2105 Via Borgo Nuovo, 25 | Via Fiori<br \/>\nOscuri, 4); Rubinetterie Treemme + Idea group (\u2105 Claudio Fusina &amp; Partners \u2013 Via del Carmine, 11); Studioart (\u2105<br \/>\nSolferino \u2013 Via Solferino, 11); Tile Edizioni (\u2105 P5 &#8211; Via Palermo 5 &#8211; scala DX 2\u00b0 PT); Unifor (\u2105 Palazzo Brera \u2013 Via<br \/>\nBrera, 28); Morfosi (\u2105 NN \u2013 Via Lovanio, 4).<br \/>\nQuest\u2019anno nel Brera Design District alcune delle firme pi\u00f9 rinomate del design italiano e internazionale:<br \/>\nCristina Celestino presso Brera Design Apartment e Cedit; Marcel Wanders per Moooi e Bisazza; Mario Cucinella<br \/>\nper Iris Ceramica Group e in Via Varese, 12; Draga&amp;Aurel presso h+; Constance Gennari con The Socialite Family;<br \/>\nVincent Van Duysen per Molteni&amp;C Dada; Mario Bellini, Michele De Lucchi, Naoto Fukasawa, Jean Nouvel e<br \/>\nTobia Scarpa per Bottega Ghianda; Haas Brothers per L\u2019Objet; Studiopepe, Gio Tirotto, Elisa Honkanen,<br \/>\nBernhardt &#8211; Vella per Mingardo; Giulio Iacchetti per Moleskine; No\u00e8 Duchaufour Lawrance per Saint-Louis.<\/p>\n<p>Gli showroom permanenti e le nuove aperture di realt\u00e0 che hanno aderito a Brera Design Week sono:<br \/>\n100&#215;100 Group \u2013 Via Palermo, 1; Adele-C \u2013 Via Marsala, 11; Agape 12 \u2013 Via Statuto, 12; Alter Ego \u2013 Via Manzoni,<br \/>\n43; Amleto Missaglia \u2013 Via Verdi, 6; Antoniolupi \u2013 Piazza Lega Lombarda; Appartamento Lago \u2013 Via Brera, 30;<br \/>\nBisazza Showroom \u2013 Via Solferino, 22 &#8211; New Opening; Blanc Maricl\u00f2 \u2013 Via Dell\u2019Orso, 6; Bianca D\u2019Aniello \u2013 Via<br \/>\nFormentini, 7; Boffi \u2013 Via Solferino, 11; Bottega Ghianda \u2013 Via Formentini, 9; Cappellini \u2013 Bastioni di Porta Nuova, 9;<br \/>\nCasa Lago \u2013 Via San Tomaso, 6; Cedit \u2013 Foro Buonaparte, 14; Cement Design \u2013 Via Solferino, 42; Cristina<br \/>\nRubinetterie \u2013 Via Pontaccio, 8\/10; Dedar \u2013 Via Fiori Chiari, 18; Dome Milano \u2013 Via San Marco, 1; Dr. Vranjes<br \/>\nFirenze \u2013 Via Fiori Chiari, 24; Elite &#8211; Via Formentini, 14; ETEL Milano \u2013 Via Maroncelli, 13; Fantini | mosaici e marmi<br \/>\n\u2013 Foro Buonaparte, 66 &#8211; New Opening; Fiemme 3000 \u2013 Via Lanza, 4; Florim \u2013 Foro Buonaparte, 14\/N; Henry Timi \u2013<br \/>\nForo Buonaparte, 52; HiLite \u2013 Simes \u2013 Via Brera, 30; Italgraniti \u2013 Via Statuto, 21;<br \/>\nKartell by LAUFEN \u2013 Via Pontaccio, 10; LeBeb\u00e9 \u2013 Corso Garibaldi, 22; Magis \u2013 Corso Garibaldi, 77; Mirage Project<br \/>\n\u2013 Via Marsala, 7; Modulnova \u2013 Corso Garibaldi, 99; Moleskine Caf\u00e8 \u2013 Corso Garibaldi, 65; Molteni&amp;C Dada \u2013 Via<br \/>\nSolferino ang. Via Pontaccio; Natsuko Toyfuko \u2013 Corso Como, 9; OAK Design \u2013 Via Fatebenefratelli, 23;<br \/>\nPalermouno \u2013 Via Palermo, 1; Prometeia \u2013 Via Brera, 16; Refin \u2013 Via Melone, 2; Reflex \u2013 Via Madonnina, 17; Rigo<br \/>\nTondo \u2013 Foro Buonaparte, 20; Rubelli \u2013 Via Fatebenefratelli, 9; Society \u2013 Via Palermo, 1; Tecno &#8211; piazza XXV<br \/>\nAprile,11; Understate \u2013 Viale Crispi 5\/B; Veneta Cucine \u2013 Foro Buonaparte ang. Quintino Sella; Vescom \u2013 Foro<br \/>\nBuonaparte, 50; Wall&amp;Dec\u00f2 \u2013 Via Mantegazza, 7; Whyci Milano \u2013 Via Fiori Chiari, 24; Zanotta &#8211; piazza XXV<br \/>\nAprile,16.<\/p>\n<p><strong>Progetti speciali e iniziative culturali<\/strong><br \/>\nIris Ceramica Group presenta MateriAttiva<br \/>\nUn progetto di SOS School of Sustainability, Mario Cucinella Architects Iris Ceramica Group e i giovani architetti di<br \/>\nSOS School of Sustainability insieme a Mario Cucinella proseguono il percorso iniziato a Bologna con \u201cPollution<br \/>\n2018\u201d, portando al Brera Design District l\u2019installazione MateriAttiva.<br \/>\nIl progetto offre ai visitatori un\u2019esperienza multi-sensoriale che li guida all\u2019interno di uno spazio che evoca un<br \/>\nnuovo patto tra uomo e natura. Il tema \u201cDesign Your Life\u201d, diventa l\u2019occasione per sperimentare l\u2019uso di materiali di<br \/>\nnuova generazione, e per farne degli alleati nella costruzione di ambienti che migliorano il benessere dell\u2019uomo<br \/>\ncontribuendo al futuro del pianeta. Iris Ceramica Group, pioniere nello sviluppo di tecnologie e processi produttivi<br \/>\nsostenibili, da un contributo fondamentale all\u2019avanzamento della ricerca sulla performance della Materia, che da inerte<br \/>\ndiventa Attiva, migliorando la qualit\u00e0 ambientale dello spazio in cui \u00e8 utilizzata. L\u2019allestimento si presenta come un<br \/>\nluogo di purezza primordiale che ci fa riscoprire gli elementi da cui la vita prende forma, rendendo visibili le propriet\u00e0<br \/>\nintrinseche della materia grazie all\u2019azione di luce, acqua e suono: cos\u00ec come le propriet\u00e0 di elementi infinitesimali<br \/>\npossono generare effetti a una scala pi\u00f9 ampia, l\u2019azione coordinata di molti individui pu\u00f2 realizzare forme di intelligenza<br \/>\ncollettiva.<br \/>\nVia Eugenio Balzan ang. Via San Marco, Milano; 9-14 aprile; www.irisceramicagroup.com<br \/>\nTimberland presenta RoBOTL<br \/>\nUn progetto di Gi\u00f2 Forma<br \/>\nTimberland sceglie Gi\u00f2 Forma, il pluripremiato studio internazionale composto da designer, architetti e artisti, come<br \/>\ninterprete d\u2019eccezione per sviluppare a 360\u00b0 uno dei temi cardine del brand, la sostenibilit\u00e0, attraverso una<br \/>\nsorprendente lettura in chiave design.<br \/>\nRoBOTL: una maestosa ed imponente installazione che prender\u00e0 vita in Piazza XXV Aprile, integrandosi perfettamente<br \/>\nnel concept di Brera Design District, Design Your Life: la progettazione sostenibile e consapevole delle proprie scelte.<br \/>\nRoBOTL, il cui nome prende ispirazione da Rebotl la nuova collezione footwear brevettata di Timberland, \u00e8 il<br \/>\nsupereroe della sostenibilit\u00e0, simbolo e monito che ricorda quanto sia importante salvaguardare l\u2019ambiente in cui<br \/>\nviviamo.<br \/>\nUn robot creato dall\u2019inquinamento e dallo spreco che generiamo non facendo le scelte giuste, diventa il portavoce<br \/>\nufficiale per sensibilizzare ad agire in modo consapevole e responsabile, proprio partendo dalla citt\u00e0 in cui viviamo.<br \/>\nL\u2019elemento nocivo, il mostro del rifiuto, si trasforma cos\u00ec in una guida che educa a non sprecare mettendoci in salvo da<br \/>\ncomportamenti irresponsabili.<br \/>\nInstallazione, Piazza XXV Aprile, Milano, 9-14 aprile; www.timberland.com<br \/>\nFENIX &#8211; Arpa HPL<br \/>\nTransformaterials: Shaping sustainable ideas<br \/>\nUn progetto di DWA, Alberto Astesani e Frederik De Wacher<br \/>\nArpa Industriale e FENIX confermano per il quarto anno consecutivo la presenza al Fuorisalone con il progetto<br \/>\n\u201cTransformaterials\u201d curato da DWA Design Studio alla Falegnameria Cavalleroni, nel cuore del Brera Design District.<br \/>\nUn\u2019installazione interattiva e immersiva dedicata alla trasformazione dei materiali FENIX e HPL, che coniuga design,<br \/>\ninnovazione e sostenibilit\u00e0. La scelta di un atelier artigianale rappresenta un luogo di \u201ctrasformazione\u201d dove la materia<br \/>\nprima diventa elemento d&#8217;arredo. Innovazione, sostenibilit\u00e0 e durabilit\u00e0, coniugati con artigianalit\u00e0 e Made in Italy, sono<br \/>\nda sempre i valori di Arpa Industriale che saranno raccontati attraverso un percorso narrativo dove gli ospiti saranno<br \/>\ncoinvolti e potranno interagire con superfici, forme e finiture.<br \/>\nFalegnameria Cavalleroni, Via Palermo, 8, Milano; 9-14 aprile; www.fenixforinteriors.com<\/p>\n<p>Casa Corriere &#8211; il senso del design<br \/>\nDal 9 al 14 aprile 2019 torna l\u2019appuntamento con CasaCorriere \u201cIl senso del Design\u201d. Nel cuore di Brera, il Gruppo<br \/>\nRCS offre ai milanesi, agli appassionati e agli addetti ai lavori, un ricco programma di incontri, eventi, installazioni<br \/>\nartistiche indoor e outdoor organizzati da Corriere della Sera, Living e Abitare.<br \/>\nSala Buzzati, Via Balzan, 3, Milano; 9-14 aprile<\/p>\n<p>Eataly Milano Smeraldo e Slow Food presentano Pratofiorito a cura di Davide Fabio Colaci<br \/>\nUn terreno realizzato per Eataly Smeraldo in Piazza XXV Aprile, progettato dall\u2019architetto Davide Fabio Colaci in<br \/>\ncollaborazione con gli studenti del Politecnico di Milano. \u00c8 un giardino temporaneo con caratteristiche di leggerezza e<br \/>\npenetrabilit\u00e0 che offre alla citt\u00e0 un prato di fiori e piante che stimolano la biodiversit\u00e0 urbana seguendo l\u2019evolversi della<br \/>\nprimavera. Un giardino provvisorio che mescola specie, contenuti didattici legate a \u201cBee The Future\u201d con la<br \/>\ncollaborazione di Fondazione Slow Food per la biodiversit\u00e0, l\u2019azienda Arcoiris e l\u2019Universit\u00e0 degli Studi di Palermo,<br \/>\nDipartimenti di Scienze Agrarie e Forestali.<br \/>\nEataly Smeraldo, Piazza XXV Aprile, 10, Milano; 9-14 aprile; www.eataly.it<\/p>\n<p>Giulio Iacchetti per Moleskine<br \/>\nThe design of exploration<br \/>\nMolte delle innovazioni che diamo per scontate oggi sono nate dall\u2019esplorazione e dalla necessit\u00e0 di trovare soluzioni<br \/>\nprogettuali nei territori inesplorati. Il nostro innato desiderio di continuare ad esplorare \u00e8 il catalizzatore finale per<br \/>\nl\u2019innovazione, anche nel campo del design. Per riassumere il tema dell\u2019esplorazione, Moleskine, con il 50\u00b0 anniversario<br \/>\ndel primo sbarco sulla luna, presenta uno zaino che celebra con uno speciale The Backpack &#8211; Silver Edition, disegnato<br \/>\nda Giulio Iacchetti.<br \/>\nMoleskine Caf\u00e9, Corso Garibaldi, 65, Milano; 9-14 aprile; www.it.moleskine.com\/it\/moleskine-cafe<br \/>\nDesign by Gemini<br \/>\nPer la Milan Design Week 2019 lo studio creativo DesignByGemini, presenta l\u2019installazione \u201cThe Pool Club\u201d. Il progetto<br \/>\nsi presenta in un container in cui le forme e le tinte prendono ispirazione da Miami e dagli anni \u201990, con colori fluo dal<br \/>\nforte impatto scenico e una vibe tropicale. L\u2019allestimento \u00e8 pensato per il coinvolgimento dei visitatori e per la<br \/>\ncondivisione sui social media, rispecchiando il format creativo di DesignByGemini che unisce design e comunicazione.<br \/>\nContainer, Corso Como, 1, Milano; 9-14 aprile; www.designbygemini.com<br \/>\nSwiss Krono<br \/>\nDopo due anni di successi, SWISS KRONO \u00e8 di nuovo presente al Fuorisalone, e lo fa partecipando insieme all\u2019intero<br \/>\ngruppo, SWISS KRONO GROUP. Per trasmettere il suo messaggio, SWISS KRONO GROUP si affida a una delle<br \/>\nicone pi\u00f9 amate nella cultura italiana e mondiale: Pinocchio. Il progetto, si propone come una esposizione diffusa che<br \/>\ntoccher\u00e0 i tre luoghi simbolo del Fuorisalone. (Brera, Lambrate, Galleria San Fedele).<br \/>\nInstallazione, Corso Garibaldi, 99, Milano; 9-14 aprile; www.swisskrono.ch\/it<br \/>\nServizi e progetti promossi<br \/>\nExpotrans<br \/>\nPer una partecipazione di successo al Fuorisalone di Milano bisogna affidarsi a partner di comprovata esperienza.<br \/>\nExpotrans ha 30 anni di esperienza nel settore delle spedizioni internazionali e logistica per eventi. Da 14 anni \u00e8 lo<br \/>\nSpedizioniere ufficiale del Salone del Mobile di Fiera Milano e partner spedizioni di Saloni WorldWide Mosca e<br \/>\nShanghai. Ogni cliente merita l\u2019attenzione e la flessibilit\u00e0 che solo un servizio completamente personalizzabile pu\u00f2<br \/>\ngarantire, sia dal punto di vista della qualit\u00e0 che da quello economico.<br \/>\nExpotrans &#8211; www.expotrans.net<\/p>\n<p>SIB &#8211; Societ\u00e0 Italiana Brevetti<br \/>\nDifendi il tuo design dalla contraffazione e valorizza i tuoi diritti di propriet\u00e0 intellettuale con SIB Societ\u00e0 Italiana<br \/>\nBrevetti, studio di consulenza in propriet\u00e0 intellettuale con una vasta esperienza di tutela e valorizzazione del design.<br \/>\nServizi principali:<br \/>\n\u25cf Consulenza sulla tutela dei diritti di design<br \/>\n\u25cf Deposito di domande di registrazione di design in tutto il mondo<br \/>\n\u25cf Consulenza e assistenza in casi di contraffazione, imitazione, usurpazione<br \/>\n\u25cf Assistenza presso le dogane per bloccare l\u2019importazioe di contraffazioni<br \/>\n\u25cf Strategie di gestione e valorizzazione dei diritti di propriet\u00e0 intellettuale<br \/>\nSIB &#8211; Societ\u00e0 Italiana Brevetti &#8211; www.sib.it<br \/>\nRigotondo<br \/>\nRigotondo \u00e8 un asilo nido che sorge in piena zona Brera, dotato di spazi particolari e scenari fuori dal comune. \u00c8 un<br \/>\nambiente disegnato e ritagliato intorno al bambino che viene coccolato e stimolato da giochi e attivit\u00e0 entusiasmanti in<br \/>\nun ambiente luminoso ed esclusivo. Per questi motivi da qualche anno si presenta al pubblico del Fuorisalone come<br \/>\nservizio per i piccoli ospiti del Brera Design District con laboratori creativi e attivit\u00e0 di intrattenimento al fine di<br \/>\npermettere ai genitori di visitare gli altri eventi del Fuorisalone.<br \/>\nForobuonaparte, 20, Milano; www.rigotondo.it<br \/>\n<strong>Partner<\/strong><br \/>\n24 Bottles<br \/>\n24Bottles, il brand italiano di design nato nel 2013 con l\u2019obiettivo di ridurre l\u2019impatto delle bottigliette di plastica usa e<br \/>\ngetta sul pianeta e sulle nostre vite, \u00e8 partner di Brera Design District 2019.<br \/>\nLe bottiglie riutilizzabili 24Bottles in acciaio inossidabile 18\/8 di grado alimentare, prodotte a emissioni zero e sicure,<br \/>\npresentano un design curato e di tendenza, per essere sostenibili, con stile. 24Bottles ha misurato l&#8217;impatto della<br \/>\npropria produzione in termini di CO2 emessa nell&#8217;atmosfera ed ha intrapreso un percorso per azzerare completamente<br \/>\nle emissioni tramite il sostegno a progetti di riforestazione in tutto il mondo.<br \/>\nwww.24bottles.com<br \/>\nBrera Gourmet Aperitif firmato Giovanni Cova &amp; C.<br \/>\nIl Bistrot Giovanni Cova &amp; C., partner ufficiale di Brera Design District propone per l\u2019edizione 2019 il Brera Gourmet<br \/>\nAperitif. Dopo le fatiche e i piaceri di una giornata alla Milano Design Week, tutto il pubblico del Fuorisalone \u00e8 invitata a<br \/>\nrecuperare le forze e rilassarsi con \u201cl\u2019Aperitivo Gourmet\u201d creato ad hoc dai bartender del Bistrot Giovanni Cova &amp; C. e<br \/>\ndall\u2019equipe dello Chef Edoardo Prazzoli. Dal 9 al 14 Aprile 2019, il locale sar\u00e0 aperto in via straordinaria fino alle ore<br \/>\n24.00. Il modo migliore per concludere le serate della Design Week o per una pausa tra un party e l&#8217;altro.<br \/>\nVia Cusani, 10, Milano; www.bistrot.giovannicovaec.it<br \/>\nAlfonso Muzzi<br \/>\nOfficial Catering di Brera Design District<br \/>\nAlfonso Muzzi si riconferma il catering ufficiale di Brera Design District, organizzando un servizio in grado di soddisfare<br \/>\nle esigenze di piccoli e di grandi eventi. Dal pranzo direzionale alla cena privata, dal rinfresco, alla ricorrenza, al<br \/>\nmatrimonio, Alfonso Muzzi porter\u00e0 una firma di servizio e di gusto sempre all\u2019altezza. I dettagli sono ci\u00f2 che faranno la<br \/>\ndifferenza e la cura del particolare sar\u00e0 ci\u00f2 che vi faranno notare i vostri ospiti con i loro complimenti.<br \/>\nVia Solferino, 37, Milano; www.alfonsomuzzi.it<\/p>\n<p><strong>Media Partner<\/strong><br \/>\nPer l\u2019edizione del Fuorisalone 2019, Brera Design District ha definito degli accordi di Media Partnership con le pi\u00f9<br \/>\nprestigiose testate nazionali e internazionali di design e architettura con l\u2019obiettivo di presentare e promuovere progetti,<br \/>\nattivit\u00e0 ed eventi del distretto.<br \/>\nSono Official Media Partner di Brera Design District:<br \/>\nAbitare: www.abitare.it<br \/>\nArchitonic: www.architonic.com<br \/>\nArchiproducts: www.archiproducts.com<br \/>\nBcd &#8211; Barcelona Centre De Disseny: www.bcd.es<br \/>\nCorriere della Sera: www.corriere.it<br \/>\nDomus: www.domusweb.com<br \/>\nElle Decor: www.elledecor.it<br \/>\nLiving: www.living.corriere.it<br \/>\nModemonline: www.modemonline.com<br \/>\nPambianco Design: design.pambianconews.com<br \/>\nBrera Design District avr\u00e0 la sua playlist musicale ufficiale grazie alla Media Partnership con Spotify: sar\u00e0 disponibile<br \/>\ndurante il Fuorisalone sulla piattaforma per lo streaming musicale, all\u2019interno del canale di Fuorisalone.it.<br \/>\n<strong>Brera Design Days 2019<\/strong><br \/>\n8 \u2014 13 ottobre 2019<br \/>\nA sei mesi di distanza dal fuorisalone tornano i Brera Design Days. Una quarta edizione che si confermer\u00e0 laboratorio<br \/>\ncittadino sui temi del design pi\u00f9 attuali: Design Thinking, Intelligenza Artificiale, Politiche Urbane, Grafica, Formazione,<br \/>\nDesign Trend. L\u2019obiettivo del festival \u00e8 divulgare la cultura del progetto e trasformare il distretto di Brera in piattaforma<br \/>\ndi dibattito e scambio aperto al pubblico gratuitamente. Brera Design Days punta a confermare l\u2019importanza del ruolo<br \/>\ndella formazione e della condivisione di conoscenza nell\u2019ambito del design e della comunicazione.<br \/>\nL\u2019evento \u00e8 il pi\u00f9 importante della Milano Fall Design Week e ha l\u2019obiettivo di innescare l\u2019interesse non solo tra gli<br \/>\naddetti ai lavori, ma anche tra i cittadini. Con il libero accesso da parte di tutti alla conoscenza e alla divulgazione,<br \/>\nStudiolabo intende promuovere una crescita culturale ed economica con una stimolazione intellettiva necessaria per<br \/>\ncreare innovazione e sviluppare competitivit\u00e0 sul mercato.<br \/>\nDa due edizioni il festival \u00e8 partecipativo, consentendo al pubblico di scegliere preventivamente quali conferenze e<br \/>\nworkshop faranno parte del palinsesto definitivo di ottobre, attraverso votazione online.<br \/>\nL\u2019edizione 2018 \u00e8 stata un successo che ha coinvolto oltre 3000 persone presenti ai talk, grazie all\u2019offerta<br \/>\nmultidisciplinare offerta da oltre 150 speakers e 12 mostre, dislocati in 25 diverse location.<br \/>\nBrera Design Days \u00e8 un evento ideato e curato da Cristian Confalonieri e Paolo Casati, fondatori di Studiolabo e Brera<br \/>\nDesign District.<br \/>\nwww.breradesigndays.it<\/p>\n<p>Strumenti per il pubblico<br \/>\nPer orientarsi tra gli eventi del Brera Design District \u00e8 stato progettato un sistema integrato di strumenti di<br \/>\ncomunicazione:<br \/>\n&#8211; Mappa degli eventi accompagnata da una guida di 130 pagine con descrizione degli stessi,<br \/>\napprofondimenti e contenuti editoriali. In distribuzione gratuita in tutto il circuito e negli info point;<br \/>\n&#8211; Sito internet e canali social (Facebook, Instagram) dedicati, con la segnalazione degli eventi quotidiani e<br \/>\npromozione delle attivit\u00e0;<br \/>\n&#8211; Infopoint presenti in Largo la Foppa e Largo Treves, studiati insieme all\u2019azienda C.M.C. 2.0 per accogliere<br \/>\nil pubblico del Fuorisalone fornendo informazioni sul progetto e dando indicazione degli eventi in programma;<br \/>\n&#8211; Segnaletica sul territorio divisa da bandiere a filare per la marcatura del territorio e totem indicativo<br \/>\nall\u2019ingresso di ogni singolo evento;<br \/>\n&#8211; Totem segnalatore all\u2019ingresso di ogni singolo evento.<br \/>\n<strong>Link di riferimento:<\/strong><br \/>\nSito web: www.breradesignweek.it \/ www.breradesigndistrict.it<br \/>\nFacebook official page: www.facebook.com\/breradesigndistrict<br \/>\nInstagram: http:\/\/instagram.com\/breradesigndistrict<br \/>\nHashtag: #BreraDesignWeek #BreraDesignDistrict<br \/>\nLe illustrazioni per l\u2019identit\u00e0 visiva Brera Design Week 2019 sono state realizzate da Giovanna Giuliano<\/p>\n","protected":false},"excerpt":{"rendered":"<p>BRERA DESIGN DISTRICT Brera Design Week 2019 \u201cDesign your Life\u201d In occasione del Fuorisalone 2019, in scena a Milano dall\u20198 al 14 aprile, Brera Design District presenta la decima edizione della sua Design Week. In questi anni Brera Design District (BDD) ha consolidato il suo ruolo di primo e pi\u00f9 importante distretto di promozione del &hellip; <a href=\"https:\/\/www.gdapress.it\/it\/index.php\/70532\/i-saloni-201220132014\/brera-design-week-2019-design-your-life.html\" class=\"more-link\">Read more <span class=\"screen-reader-text\">Brera Design Week 2019 \u201cDesign your Life\u201d<\/span><\/a><\/p>\n","protected":false},"author":2,"featured_media":70535,"comment_status":"closed","ping_status":"open","sticky":false,"template":"","format":"standard","meta":{"footnotes":""},"categories":[8151],"tags":[24060,24061],"class_list":["post-70532","post","type-post","status-publish","format-standard","has-post-thumbnail","hentry","category-i-saloni-201220132014","tag-brera-design","tag-fuorisalone-2019"],"_links":{"self":[{"href":"https:\/\/www.gdapress.it\/it\/index.php\/wp-json\/wp\/v2\/posts\/70532","targetHints":{"allow":["GET"]}}],"collection":[{"href":"https:\/\/www.gdapress.it\/it\/index.php\/wp-json\/wp\/v2\/posts"}],"about":[{"href":"https:\/\/www.gdapress.it\/it\/index.php\/wp-json\/wp\/v2\/types\/post"}],"author":[{"embeddable":true,"href":"https:\/\/www.gdapress.it\/it\/index.php\/wp-json\/wp\/v2\/users\/2"}],"replies":[{"embeddable":true,"href":"https:\/\/www.gdapress.it\/it\/index.php\/wp-json\/wp\/v2\/comments?post=70532"}],"version-history":[{"count":1,"href":"https:\/\/www.gdapress.it\/it\/index.php\/wp-json\/wp\/v2\/posts\/70532\/revisions"}],"predecessor-version":[{"id":70534,"href":"https:\/\/www.gdapress.it\/it\/index.php\/wp-json\/wp\/v2\/posts\/70532\/revisions\/70534"}],"wp:featuredmedia":[{"embeddable":true,"href":"https:\/\/www.gdapress.it\/it\/index.php\/wp-json\/wp\/v2\/media\/70535"}],"wp:attachment":[{"href":"https:\/\/www.gdapress.it\/it\/index.php\/wp-json\/wp\/v2\/media?parent=70532"}],"wp:term":[{"taxonomy":"category","embeddable":true,"href":"https:\/\/www.gdapress.it\/it\/index.php\/wp-json\/wp\/v2\/categories?post=70532"},{"taxonomy":"post_tag","embeddable":true,"href":"https:\/\/www.gdapress.it\/it\/index.php\/wp-json\/wp\/v2\/tags?post=70532"}],"curies":[{"name":"wp","href":"https:\/\/api.w.org\/{rel}","templated":true}]}}