
{"id":70513,"date":"2019-04-07T12:39:57","date_gmt":"2019-04-07T10:39:57","guid":{"rendered":"http:\/\/www.gdapress.it\/it\/?p=70513"},"modified":"2019-04-07T12:39:57","modified_gmt":"2019-04-07T10:39:57","slug":"superstudio-group-presenta-superdesign-show","status":"publish","type":"post","link":"https:\/\/www.gdapress.it\/it\/index.php\/70513\/design\/superstudio-group-presenta-superdesign-show.html","title":{"rendered":"SUPERSTUDIO GROUP  presenta   SUPERDESIGN SHOW"},"content":{"rendered":"<div>\n<div class=\"x_block-grid\">\n<div class=\"x_col x_num12\">\n<div>\n<div>\n<p><img loading=\"lazy\" decoding=\"async\" class=\"alignleft size-large wp-image-70514\" src=\"http:\/\/www.gdapress.it\/it\/..\/public\/it\/2019\/04\/ei-6-500x180.png\" alt=\"\" width=\"500\" height=\"180\" srcset=\"https:\/\/www.gdapress.it\/it\/..\/public\/it\/2019\/04\/ei-6-500x180.png 500w, https:\/\/www.gdapress.it\/it\/..\/public\/it\/2019\/04\/ei-6-300x108.png 300w, https:\/\/www.gdapress.it\/it\/..\/public\/it\/2019\/04\/ei-6.png 712w\" sizes=\"auto, (max-width: 500px) 100vw, 500px\" \/><\/p>\n<p><strong>SUPERSTUDIO GROUP<\/strong><\/p>\n<p>presenta<\/p>\n<\/div>\n<\/div>\n<div class=\"x_img-container x_center x_fixedwidth\" align=\"center\"><a href=\"http:\/\/customer6249.musvc2.net\/e\/t?q=7%3dCZ8c%26s%3dY%26r%3dU0hB%26I%3d9YDdFZ%26y%3d5h9eB1Rt_LX1T_Wh_PUwW_Zj_LX1T_VmU1Q.zSt9yBiMpErMoM1.7vK_vuZx_60%26k%3dKyM3A6.HlR%26mM%3dAcCY\" target=\"_blank\" rel=\"noopener noreferrer\" data-auth=\"NotApplicable\"><img decoding=\"async\" class=\"x_center x_fixedwidth\" title=\"Image\" src=\"https:\/\/outlook.live.com\/actions\/ei?u=http%3A%2F%2Fcustomer6249.img.musvc2.net%2Fstatic%2F6249%2Fimages%2F1%2FSchermata%25202018-02-14%2520alle%252012.18.20(0).png&amp;d=2019-04-07T10%3A27%3A50.877Z\" alt=\"Image\" width=\"315\" align=\"center\" border=\"0\" data-imagetype=\"External\" data-connectorsauthtoken=\"1\" data-imageproxyendpoint=\"\/actions\/ei\" data-imageproxyid=\"\" \/><\/a><\/div>\n<div>\n<div>\n<p><strong>Superstudio Pi\u00f9<\/strong>\u00a0\u2013 Via Tortona 2<span class=\"markitka3es2h\" data-markjs=\"true\" data-ogac=\"\" data-ogab=\"\" data-ogsc=\"\" data-ogsb=\"\">7<\/span>, Milano<br \/>\n<strong>Superstudio 13<\/strong>\u00a0\u2013 Via Forcella 13\/Via Bugatti 9, Milano<\/p>\n<p>Press Preview 8\u00a0<span class=\"mark0sumscsxz\" data-markjs=\"true\" data-ogac=\"\" data-ogab=\"\" data-ogsc=\"\" data-ogsb=\"\">Aprile<\/span>\u00a02019, ore 10-20 (solo stampa)<br \/>\n9-13\u00a0<span class=\"mark0sumscsxz\" data-markjs=\"true\" data-ogac=\"\" data-ogab=\"\" data-ogsc=\"\" data-ogsb=\"\">Aprile<\/span>\u00a02019, ore 10-21 |\u00a014\u00a0<span class=\"mark0sumscsxz\" data-markjs=\"true\" data-ogac=\"\" data-ogab=\"\" data-ogsc=\"\" data-ogsb=\"\">Aprile<\/span>\u00a02019, ore 10-18<\/p>\n<\/div>\n<\/div>\n<div>\n<div>\n<div><\/div>\n<div>13.000 mq espositivi, 2 location, 100.000 visitatori e pi\u00f9 di 2.000 giornalisti accreditati solo nel 2018. Tutto questo \u00e8 al\u00a0<strong>SUPERSTUDIO<\/strong>, una delle mete pi\u00f9 ambite e visitate della design week milanese, che si avvicina al suo ventesimo anno d\u2019et\u00e0 e che anche quest\u2019anno rinnova totalmente l\u2019evento\u00a0<strong>SUPERDESIGN SHOW<\/strong>, codificando le ultime tendenze e le proposte pi\u00f9 significative, con un lavoro di ricerca che dura tutto l\u2019anno.<\/p>\n<p>Dopo aver lanciato il format originale \u201cmeno fiera, pi\u00f9 museo\u201d all\u2019insegna di qualit\u00e0 ed eccellenza, la prossima edizione del progetto di\u00a0<strong>Gisella Borioli<\/strong>\u00a0con l\u2019art director\u00a0<strong>Giulio Cappellini<\/strong>, segue la consueta mission ONLY THE BEST con particolare attenzione al tema\u00a0<strong>INNOVATION&amp;TRADITION<\/strong>.<\/p>\n<p>La tradizione, l\u2019heritage, l\u2019artigianato d\u2019autore, le lavorazioni manuali, i materiali organici si accostano all\u2019innovazione e alla tecnologia pi\u00f9 spinta con un unico obiettivo: semplificare e rendere pi\u00f9 belle, smart, ecosostenibili le nostre case e le nostre citt\u00e0. In apparenza natura e tecnologia, tradizione e innovazione, possono sembrare antitetiche, tutto ruota attorno a questa contrapposizione-tensione che \u00e8 anche estetica.<\/p>\n<p>Anche la scelta di utilizzare nelle parti comuni del Superdesign Show due colori opposti,\u00a0<strong>il bianco e il nero<\/strong>, riflette il contrasto e al tempo stesso l\u2019interdipendenza, come nella filosofia dello Yin e Yang, non a caso evocata da alcuni espositori del Far East.<\/p>\n<p>Al Superstudio Pi\u00f9, nel padiglione Centrale un percorso tutto bianco e nero ricorda la strada di una metropoli con grande\u00a0<strong>piazza centrale<\/strong>\u00a0e\u00a0<strong>arcade<\/strong>\u00a0con eleganti \u201cboutique\u201d in successione. Attorno, edifici indipendenti, padiglioni nazionali, installazioni, mostre tematiche, luci emozionali, contaminazioni con l\u2019arte e la moda.<\/p>\n<p>Furniture ma anche automotive, mostre d\u2019arte immateriali, software 3D, tessuti, raffinata hotellerie, outdoor\u2026<\/p><\/div>\n<\/div>\n<\/div>\n<div>\n<div>\n<p><strong>BIG BRANDS BUILD THE FUTURE<\/strong><\/p>\n<p>Sguardo completamente rivolto al futuro per\u00a0<strong>Lexus International<\/strong>\u00a0che collabora con il collettivo di visual e media artist\u00a0<strong>Rhizomatiks<\/strong>, conosciuti a livello globale per le loro performance in grandi eventi come Expo 2015, Olimpiadi Rio 2016, S\u00f3nar di Barcellona. I visitatori nell\u2019oscurit\u00e0 hanno l\u2019occasione di assistere a un emozionante e coinvolgente spettacolo di luci creato per immergere il pubblico nella vision del brand giapponese sul futuro della mobilit\u00e0. Contemporaneamente vengono presentati i sei progetti finalisti della settima edizione del\u00a0<strong>Lexus Design Award<\/strong>, progetto che mira a promuovere e supportare le nuove generazioni di creativi, con cerimonia di premiazione luned\u00ec 8\u00a0<span class=\"mark0sumscsxz\" data-markjs=\"true\" data-ogac=\"\" data-ogab=\"\" data-ogsc=\"\" data-ogsb=\"\">aprile<\/span>\u00a0alla presenza di una giuria di esperti e designer di caratura internazionale, tra cui<strong>Paola Antonelli<\/strong>, Senior Curator del Dipartimento di Architettura e Design al MoMA di New York.<\/p>\n<p>La coreana\u00a0<strong>LG Electronics<\/strong>\u00a0presenta il primo televisore OLED arrotolabile al mondo. Con uno strabiliante design a forma variabile e qualit\u00e0 visive e sonore impareggiabili, permette agli spettatori di progettare lo spazio con maggiore libert\u00e0. Nella exhibition \u201cRedefining Space\u201d i visitatori hanno l\u2019occasione di sperimentare un nuovo modo di \u201cguardare\u201d in un ambiente dall\u2019estetica completamente ridefinita, in uno spazio progettato dall\u2019affermato studio internazionale\u00a0<strong>Foster + Partners<\/strong>.<\/p>\n<p>Con \u201cDesign in the Age of Experience\u201d quest\u2019anno\u00a0<strong>Dassault Syst\u00e8mes<\/strong>, societ\u00e0 leader di software per la progettazione 3D, rivela come le innovazioni pioneristiche possano portare il cambiamento nelle nostre citt\u00e0 e attivit\u00e0 quotidiane, nel modo di muoverci e di usare l\u2019energia, creando un mondo pi\u00f9 ecosostenibile, forte e autorigenerante. Grazie alla collaborazione con il famoso studio di architettura\u00a0<strong>Morphosis<\/strong>\u00a0e con il pluripremiato fondatore\u00a0<strong>Thom Mayne<\/strong>\u00a0(al servizio della presidenza Obama dal 2009 al 2016) e gli architetti Kerenza Harris ed Eric Meyer, Dassault Syst\u00e8mes mostra in che modo il design thinking pu\u00f2 rispondere ai bisogni degli ambienti urbani del XXI secolo.<\/p>\n<\/div>\n<\/div>\n<\/div>\n<\/div>\n<\/div>\n<div>\n<div class=\"x_block-grid\">\n<div>\n<div class=\"x_col x_num12\">\n<div>\n<div>\n<div class=\"x_img-container x_center x_autowidth x_fullwidth\" align=\"center\">\n<div><\/div>\n<p><img decoding=\"async\" class=\"x_center x_autowidth x_fullwidth\" title=\"Image\" src=\"https:\/\/outlook.live.com\/actions\/ei?u=http%3A%2F%2Fcustomer6249.img.musvc2.net%2Fstatic%2F6249%2Fimages%2F1%2FSchermata%25202019-04-05%2520alle%252011.58.06.png&amp;d=2019-04-07T10%3A27%3A50.890Z\" alt=\"Image\" width=\"620\" align=\"center\" border=\"0\" data-imagetype=\"External\" data-connectorsauthtoken=\"1\" data-imageproxyendpoint=\"\/actions\/ei\" data-imageproxyid=\"\" \/><\/p>\n<div><\/div>\n<\/div>\n<div>\n<div>\n<p>\u00a0 \u00a0 A sin. Lexus International, &#8220;Leading with Light&#8221; by Rhizomatiks; a ds. Dassault Syst\u00e8mes, &#8220;Design in the Age of Experience&#8221;, by Morphosis<\/p>\n<\/div>\n<\/div>\n<\/div>\n<\/div>\n<\/div>\n<\/div>\n<\/div>\n<\/div>\n<div>\n<div class=\"x_block-grid\">\n<div class=\"x_col x_num12\">\n<div>\n<div>\n<p><strong>SUPERHOTEL<\/strong><\/p>\n<p>&nbsp;<\/p>\n<p>Quest\u2019anno\u00a0<strong>Giulio Cappellini<\/strong>\u00a0lancia il progetto speciale\u00a0<strong>SUPERHOTEL<\/strong>, un hotel internazionale ma con profonde radici italiane che mixa prodotti industriali e di alto artigianato creati ad hoc.<\/p>\n<p>Un ristorante con aree differenziate racconta le cucine del mondo, mentre diverse tipologie di suite, una grande lounge ed una palestra completano il progetto. Tecnologia e prodotti si intersecano in modo assolutamente naturale e contemporaneo. A comporre l\u2019hotel ideale e personalizzato i grandi nomi del design italiano, brand e architetti che firmano la migliore produzione.<\/p>\n<p>Partecipano a SUPERHOTEL: Boffi, Caimi Brevetti, Cappellini, cc-tapis, De Padova, Driade, Fazzini, Flaminia, Icone Luce, La Perla Home Collection by Fazzini, LG OLED TV, MDF Italia, Megius, Poltrona Frau, Sicis, Technogym. Con Ronan &amp; Erwan Bouroullec, Antonio Citterio, Tom Dixon, Gillo Dorfles, Shiro Kuramata, Piero Lissoni, Vico Magistretti, Jean-Marie Massaud, Alessandro Mendini, Jasper Morrison, Paola Navone, Nendo, Neri &amp; Hu, Patrick Norguet, Fabio Novembre, Gio Ponti, Philippe Starck, Omi Tahara, Leonardo Talarico, Patricia Urquiola, Marcel Wanders, Norbert Wangen e altri ancora&#8230;<\/p>\n<\/div>\n<\/div>\n<div class=\"x_img-container x_center x_autowidth x_fullwidth\" align=\"center\">\n<div><\/div>\n<p><img decoding=\"async\" class=\"x_center x_autowidth x_fullwidth\" title=\"Image\" src=\"https:\/\/outlook.live.com\/actions\/ei?u=http%3A%2F%2Fcustomer6249.img.musvc2.net%2Fstatic%2F6249%2Fimages%2F1%2FSchermata%25202019-04-05%2520alle%252012.19.36.png&amp;d=2019-04-07T10%3A27%3A50.888Z\" alt=\"Image\" width=\"620\" align=\"center\" border=\"0\" data-imagetype=\"External\" data-connectorsauthtoken=\"1\" data-imageproxyendpoint=\"\/actions\/ei\" data-imageproxyid=\"\" \/><\/p>\n<div><\/div>\n<\/div>\n<div>\n<div>\n<p>\u00a0 \u00a0 A sin. Technogym, Recline Personal by Antonio Citterio; a ds. MDF Italia<\/p>\n<\/div>\n<\/div>\n<div>\n<div>\n<p><strong>MATERIALI INNOVATIVI E CITT\u00c0 INTELLIGENTI<\/strong><\/p>\n<p><strong>Material ConneXion Italia<\/strong>, network dedicato ai materiali, nuove tecnologie, design e sostenibilit\u00e0 riconferma la sua presenza al Superdesign Show con tre progetti distinti: Smart City, Materials Village e il progetto speciale \u201cThe Beautiful Side of Design\u201d.<\/p>\n<p>La mostra-evento \u201c<strong>Smart City: People, Technology &amp; Materials<\/strong>\u201d, curata dall\u2019Architetto\u00a0<strong>Giulio Ceppi<\/strong>, si sposta negli spazi di Superstudio 13, via Forcella 13\/via Bugatti 9, e inaugura il 13 marzo, in occasione della Digital Week, proseguendo fino al 14\u00a0<span class=\"mark0sumscsxz\" data-markjs=\"true\" data-ogac=\"\" data-ogab=\"\" data-ogsc=\"\" data-ogsb=\"\">aprile<\/span>, giorno conclusivo della Design Week. La mostra, scandita da un ricco calendario di workshop, conferenze e dibattiti, ha come tema guida la \u201cvia latina alla smart city\u201d, basato sull\u2019analisi dei cambiamenti che stanno interessando il nostro vivere quotidiano e l\u2019utilizzo della tecnologia come strumento di simbiosi ed empatia.<\/p>\n<p><strong>Materials Village<\/strong>, 6\u00b0 edizione, posizionato nell\u2019Art Garden e nella Piazza dell\u2019Arte di Superstudio Pi\u00f9, ospita aziende con proposte progettuali e tecnologiche in termini di estetica, sostenibilit\u00e0, ottimizzazione ed economia circolare.\u00a0Emozionante l\u2019installazione di 3M in collaborazione con\u00a0<strong>Matteo Thun &amp; Partners<\/strong>\u00a0per Materials Village: &#8220;A Pinnacle of Reflections\u201d \u00e8 una torre dove i visitatori sono invitati ad entrare in un mondo colorato e caleidoscopio, ispirato alla rarissima farfalla blu, simbolo di trasformazione e innovazione.\u00a0Il terzo progetto che Material ConneXion Italia presenta al Superstudio Pi\u00f9 \u00e8 \u201c<strong>MATERICA The Beautiful Side of Design<\/strong>\u201d, nato dalla collaborazione con Marie Claire Maison.<\/p>\n<p>Sempre in ambito di ricerca dei materiali innovativi\u00a0<strong>Gobbetto<\/strong>\u00a0stupisce con un progetto architettonico a cura di Giulio Cappellini formato da imponenti portali che segnano un percorso in cui colori e texture dell\u2019azienda diventano protagonisti.<\/p>\n<p><strong>Finsa<\/strong>\u00a0approda al Superstudio con un\u2019esposizione intitolata \u201cAstral Bodies\u201d, nata dal concept di Enorme Studio e del lavoro dello studio creativo Vitamin-arte. Pannelli in MDF dai colori esuberanti, rivestiti di texture e finiture differenti, diventano \u201cmeteoriti\u201d che generano ammirazione e curiosit\u00e0, dove l\u2019innovativo pannello di fibre di legno Fibracolor \u00e8 protagonista della mostra.<\/p>\n<p><strong>JAB Anstoetz<\/strong>, storica azienda tedesca tessile nata nel 1946, presenta\u00a0<strong>Climatex<\/strong>, rivoluzionari tessuti, riciclabili ed ecosostenibili, in grado di bilanciare il caldo e il freddo, e assorbire e far evaporare l\u2019umidit\u00e0.<\/p>\n<p><strong>PNA<\/strong>, con la mostra &#8220;#stoneisbetter&#8221; concepita da Remigio Architects, racconta la\u00a0<strong>Pietra Naturale Autentica<\/strong>attraverso un&#8217;installazione il cui fascino e forza della natura emergono in un&#8217;alternanza di marmi bianchi e cambrian neri, che creano un gioco di illusioni ottiche, quasi un portale spazio temporale.<\/p>\n<\/div>\n<\/div>\n<div class=\"x_img-container x_center x_fixedwidth\" align=\"center\">\n<div><\/div>\n<p><img decoding=\"async\" class=\"x_center x_fixedwidth\" title=\"Image\" src=\"https:\/\/outlook.live.com\/actions\/ei?u=http%3A%2F%2Fcustomer6249.img.musvc2.net%2Fstatic%2F6249%2Fimages%2F1%2FSchermata%25202019-04-05%2520alle%252012.05.07.png&amp;d=2019-04-07T10%3A27%3A50.896Z\" alt=\"Image\" width=\"630\" align=\"center\" border=\"0\" data-imagetype=\"External\" data-connectorsauthtoken=\"1\" data-imageproxyendpoint=\"\/actions\/ei\" data-imageproxyid=\"\" \/><\/p>\n<div><\/div>\n<\/div>\n<div>\n<div>\n<p>\u00a0 \u00a0 A sin. 3M, &#8220;A Pinnacle of Reflections&#8221; by Matteo Thun &amp; Partners; a ds. Finsa, &#8220;Astral Bodies&#8221; by Enorme Studio e Vitamin-Arte<\/p>\n<\/div>\n<\/div>\n<div>\n<div>\n<p><strong>PADIGLIONI NAZIONALI E TRASNAZIONALI<\/strong><\/p>\n<p><strong>Korea Craft &amp; Design Foundation (KCDF)<\/strong>\u00a0basa il proprio progetto, intitolato \u201cMonochrome Monologue\u201d e promosso dal Governo Coreano, sul concetto di sentimentalismo. Entrando nello spazio bianco e nero, la bellezza del vuoto \u00e8 la prima a manifestarsi, arricchita dalla presenza di oggettistica e opere artigianali realizzate da 23 artisti nazionali. Con un allestimento lineare e pulito curato dal rinomato art director Kuho Jung, direttore della Seoul Fashion Week, la collettiva vuole dimostrare l\u2019unificazione e l\u2019integrazione delle arti.<\/p>\n<p>Torna al Superstudio\u00a0<strong>Indonesian Contemporary Art and Design by Artura<\/strong>, la prima ed unica mostra annuale che unisce i migliori artisti dell\u2019Indonesia per promuovere la loro sapienza locale e artigianale in un contesto contemporaneo. Nella mostra \u201cEssential Jakarta\u201d sostenuta dal Governo di Jakarta, ogni area dei petali del Kembang Goyang (\u201cfiore danzante\u201d) \u00e8 un universo interattivo per far conoscere la dinamica e vibrante cultura dell\u2019autoctono popolo batavo.<\/p>\n<p><strong>WORTH Partnership Project<\/strong>, iniziativa finanziata dal programma COSME dell\u2019Unione Europea, presenta 24 prodotti innovativi e dirompenti, nati dal lavoro collettivo di giovani creativi provenienti da diversi stati dell\u2019Unione Europea. WORTH attraverso la creazione di collaborazioni transnazionali tra designer e PMI, sostiene un totale di 150 partnership nel corso di 4 anni di progetto, presentando progetti che spaziano dal mondo del design, a quello del fashion, all\u2019arredamento per la casa.\u00a0\u00a0\u00a0&#8230;&#8230;<strong><a href=\"http:\/\/customer6249.musvc2.net\/e\/t?q=8%3d7XId%26m%3dW%263%3dV4fM%26J%3d3WOe0X%260%3dCuP5_MRye_Xb_NfxQ_Xu_MRye_Wg90NuK20sbGY0.E2B.nQ8QdX.30u_NfxQ_XuNu79Dd_NfxQ_Xua3ZN_MRye_Wg048vItIuE_7vTv_GADK3NpHtip90HfJ9N_swhu_3BrN_swhu_3aGeTQ50s0tNjC3-_MRye_W6XOAjJpGf.LsA%26e%3dI0Nw9G.IfP%26xN6b7p%3d5aNZ\" target=\"_blank\" rel=\"noopener noreferrer\" data-auth=\"NotApplicable\">CONTINUA<\/a><\/strong><\/p>\n<\/div>\n<\/div>\n<div class=\"x_button-container\" align=\"center\"><\/div>\n<\/div>\n<\/div>\n<\/div>\n<div>\n<div class=\"x_block-grid\">\n<div>\n<div class=\"x_col x_num12\">\n<div>\n<div>\n<div>\n<div>\n<p><strong><a href=\"http:\/\/customer6249.musvc2.net\/e\/t?q=6%3dAW6b%26q%3dV%26p%3dT8e0%26H%3d7VBcDW%26w%3d4f6cAyOr_KVxR_Vf_MSvU_Wh_KVxR_UkRyP.xPr8w9gLnBpLmJy.6tH%26f%3dFzNx67.IgM%26nN%3d6XDZ\" target=\"_blank\" rel=\"noopener noreferrer\" data-auth=\"NotApplicable\">www.superdesignshow.com<\/a><\/strong><\/p>\n<\/div>\n<\/div>\n<\/div>\n<\/div>\n<\/div>\n<\/div>\n<\/div>\n<\/div>\n","protected":false},"excerpt":{"rendered":"<p>SUPERSTUDIO GROUP presenta Superstudio Pi\u00f9\u00a0\u2013 Via Tortona 27, Milano Superstudio 13\u00a0\u2013 Via Forcella 13\/Via Bugatti 9, Milano Press Preview 8\u00a0Aprile\u00a02019, ore 10-20 (solo stampa) 9-13\u00a0Aprile\u00a02019, ore 10-21 |\u00a014\u00a0Aprile\u00a02019, ore 10-18 13.000 mq espositivi, 2 location, 100.000 visitatori e pi\u00f9 di 2.000 giornalisti accreditati solo nel 2018. Tutto questo \u00e8 al\u00a0SUPERSTUDIO, una delle mete pi\u00f9 ambite &hellip; <a href=\"https:\/\/www.gdapress.it\/it\/index.php\/70513\/design\/superstudio-group-presenta-superdesign-show.html\" class=\"more-link\">Read more <span class=\"screen-reader-text\">SUPERSTUDIO GROUP  presenta   SUPERDESIGN SHOW<\/span><\/a><\/p>\n","protected":false},"author":2,"featured_media":70514,"comment_status":"closed","ping_status":"open","sticky":false,"template":"","format":"standard","meta":{"footnotes":""},"categories":[32,8151],"tags":[24050,5534,15285,20266],"class_list":["post-70513","post","type-post","status-publish","format-standard","has-post-thumbnail","hentry","category-design","category-i-saloni-201220132014","tag-giulio-cappellini","tag-gobbetto","tag-superdesign-show","tag-superstudio-group"],"_links":{"self":[{"href":"https:\/\/www.gdapress.it\/it\/index.php\/wp-json\/wp\/v2\/posts\/70513","targetHints":{"allow":["GET"]}}],"collection":[{"href":"https:\/\/www.gdapress.it\/it\/index.php\/wp-json\/wp\/v2\/posts"}],"about":[{"href":"https:\/\/www.gdapress.it\/it\/index.php\/wp-json\/wp\/v2\/types\/post"}],"author":[{"embeddable":true,"href":"https:\/\/www.gdapress.it\/it\/index.php\/wp-json\/wp\/v2\/users\/2"}],"replies":[{"embeddable":true,"href":"https:\/\/www.gdapress.it\/it\/index.php\/wp-json\/wp\/v2\/comments?post=70513"}],"version-history":[{"count":1,"href":"https:\/\/www.gdapress.it\/it\/index.php\/wp-json\/wp\/v2\/posts\/70513\/revisions"}],"predecessor-version":[{"id":70515,"href":"https:\/\/www.gdapress.it\/it\/index.php\/wp-json\/wp\/v2\/posts\/70513\/revisions\/70515"}],"wp:featuredmedia":[{"embeddable":true,"href":"https:\/\/www.gdapress.it\/it\/index.php\/wp-json\/wp\/v2\/media\/70514"}],"wp:attachment":[{"href":"https:\/\/www.gdapress.it\/it\/index.php\/wp-json\/wp\/v2\/media?parent=70513"}],"wp:term":[{"taxonomy":"category","embeddable":true,"href":"https:\/\/www.gdapress.it\/it\/index.php\/wp-json\/wp\/v2\/categories?post=70513"},{"taxonomy":"post_tag","embeddable":true,"href":"https:\/\/www.gdapress.it\/it\/index.php\/wp-json\/wp\/v2\/tags?post=70513"}],"curies":[{"name":"wp","href":"https:\/\/api.w.org\/{rel}","templated":true}]}}