
{"id":70500,"date":"2019-04-06T18:48:21","date_gmt":"2019-04-06T16:48:21","guid":{"rendered":"http:\/\/www.gdapress.it\/it\/?p=70500"},"modified":"2019-04-06T18:48:21","modified_gmt":"2019-04-06T16:48:21","slug":"aqua-la-visione-di-leonardo","status":"publish","type":"post","link":"https:\/\/www.gdapress.it\/it\/index.php\/70500\/i-saloni-201220132014\/aqua-la-visione-di-leonardo.html","title":{"rendered":"AQUA. La visione di Leonardo"},"content":{"rendered":"<div><img loading=\"lazy\" decoding=\"async\" class=\"alignleft size-large wp-image-70501\" src=\"http:\/\/www.gdapress.it\/it\/..\/public\/it\/2019\/04\/td_19_aqua-1-500x324.jpg\" alt=\"\" width=\"500\" height=\"324\" srcset=\"https:\/\/www.gdapress.it\/it\/..\/public\/it\/2019\/04\/td_19_aqua-1-500x324.jpg 500w, https:\/\/www.gdapress.it\/it\/..\/public\/it\/2019\/04\/td_19_aqua-1-300x195.jpg 300w, https:\/\/www.gdapress.it\/it\/..\/public\/it\/2019\/04\/td_19_aqua-1-768x498.jpg 768w, https:\/\/www.gdapress.it\/it\/..\/public\/it\/2019\/04\/td_19_aqua-1.jpg 1480w\" sizes=\"auto, (max-width: 500px) 100vw, 500px\" \/><\/div>\n<div><\/div>\n<div class=\"block-text__title\">AQUA. La visione di Leonardo<\/div>\n<div class=\"block-text__content\">\n<p>In occasione della 58a edizione, il Salone del Mobile.Milano riconferma il suo profondo legame con Milano, rievocandone il \u201cfiglio adottivo\u201d pi\u00f9 geniale ed eclettico, Leonardo da Vinci, attraverso due installazioni di grande qualit\u00e0 e potere evocativo la cui visita si confermer\u00e0 una memorabile esperienza culturale ed emotiva.<\/p>\n<p><strong>Dal 6 al 14 aprile<\/strong>, nel cuore di Milano,<strong>\u00a0<\/strong>all\u2019interno della<strong>\u00a0Conca dell\u2019Incoronata<\/strong>,<strong>\u00a0<\/strong>il Salone offrir\u00e0 alla citt\u00e0<strong>\u00a0AQUA. La visione di Leonardo<\/strong>, mentre in<strong>\u00a0Fiera, al padiglione 24, DE-SIGNO. La cultura del design italiano prima e dopo Leonardo<\/strong>.<\/p>\n<p><strong>AQUA. La visione di Leonardo<\/strong>\u00a0sar\u00e0 un\u2019esperienza immersiva site specific. A copertura della Conca, \u00e8 stato creato un vero e proprio innesto architettonico sottoforma di grande specchio d\u2019acqua, al cui estremo un grande schermo a LED diventer\u00e0 una finestra sulla Milano del futuro mostrandoci uno skyline mutevole a seconda del momento della giornata. Al di sotto di questa struttura, proprio all\u2019interno del canale, verr\u00e0 creata una Wunderkammer in cui i visitatori potranno esperire tutta la bellezza, l\u2019energia e la forma dell\u2019acqua in un ambiente totale che li avvolger\u00e0 nell\u2019immagine e nel suono grazie all\u2019uso delle tecnologie pi\u00f9 avanzate.<\/p>\n<p>Per i visitatori in attesa, verr\u00e0 realizzato un foyer informativo, situato prima del Ponte delle Gabelle, in cui sar\u00e0 possibile approfondire il legame di questo luogo storico con il genio poliedrico di Leonardo.<\/p>\n<p><strong>CREDITI<\/strong><br \/>\nCreative and Executive Production Balich Worldwide Shows Srl<\/p>\n<p>Creative Executive Producer &#8211; Marco Balich<br \/>\nCreative Supervisor &#8211; Marta Marchesi<br \/>\nExecutive Producer &#8211; Laura Cappelli<br \/>\nProject Manager &#8211; Alessandra Rossetti<br \/>\nArtistic Director &#8211; Marco Cisaria<br \/>\nSet, Light &amp; Water Design &#8211; NONE Collective<br \/>\nVideo Content &amp; Motion Design &#8211; Territory Studio<br \/>\nIndoor Video Art Design &#8211; Karmachina<br \/>\nReal-time Compositing Software Programmer &#8211; Andrew Quinn<br \/>\nOutdoor Sound Design &amp; Soundtrack &#8211; Chiara Luzzana<br \/>\nIndoor Sound Design &amp; Soundtrack &#8211; Maurizio D\u2019Aniello (The Spectrum Studio)<br \/>\nScientific Consultant &#8211; Simone Ferrari<br \/>\nTechnical Director &#8211; Matteo Tagliabue<\/p>\n<\/div>\n","protected":false},"excerpt":{"rendered":"<p>AQUA. La visione di Leonardo In occasione della 58a edizione, il Salone del Mobile.Milano riconferma il suo profondo legame con Milano, rievocandone il \u201cfiglio adottivo\u201d pi\u00f9 geniale ed eclettico, Leonardo da Vinci, attraverso due installazioni di grande qualit\u00e0 e potere evocativo la cui visita si confermer\u00e0 una memorabile esperienza culturale ed emotiva. Dal 6 al &hellip; <a href=\"https:\/\/www.gdapress.it\/it\/index.php\/70500\/i-saloni-201220132014\/aqua-la-visione-di-leonardo.html\" class=\"more-link\">Read more <span class=\"screen-reader-text\">AQUA. La visione di Leonardo<\/span><\/a><\/p>\n","protected":false},"author":2,"featured_media":70501,"comment_status":"closed","ping_status":"open","sticky":false,"template":"","format":"standard","meta":{"footnotes":""},"categories":[8151],"tags":[10200,13709,24042,183],"class_list":["post-70500","post","type-post","status-publish","format-standard","has-post-thumbnail","hentry","category-i-saloni-201220132014","tag-aqua","tag-conca-dellincoronata","tag-de-signo","tag-leonardo"],"_links":{"self":[{"href":"https:\/\/www.gdapress.it\/it\/index.php\/wp-json\/wp\/v2\/posts\/70500","targetHints":{"allow":["GET"]}}],"collection":[{"href":"https:\/\/www.gdapress.it\/it\/index.php\/wp-json\/wp\/v2\/posts"}],"about":[{"href":"https:\/\/www.gdapress.it\/it\/index.php\/wp-json\/wp\/v2\/types\/post"}],"author":[{"embeddable":true,"href":"https:\/\/www.gdapress.it\/it\/index.php\/wp-json\/wp\/v2\/users\/2"}],"replies":[{"embeddable":true,"href":"https:\/\/www.gdapress.it\/it\/index.php\/wp-json\/wp\/v2\/comments?post=70500"}],"version-history":[{"count":1,"href":"https:\/\/www.gdapress.it\/it\/index.php\/wp-json\/wp\/v2\/posts\/70500\/revisions"}],"predecessor-version":[{"id":70502,"href":"https:\/\/www.gdapress.it\/it\/index.php\/wp-json\/wp\/v2\/posts\/70500\/revisions\/70502"}],"wp:featuredmedia":[{"embeddable":true,"href":"https:\/\/www.gdapress.it\/it\/index.php\/wp-json\/wp\/v2\/media\/70501"}],"wp:attachment":[{"href":"https:\/\/www.gdapress.it\/it\/index.php\/wp-json\/wp\/v2\/media?parent=70500"}],"wp:term":[{"taxonomy":"category","embeddable":true,"href":"https:\/\/www.gdapress.it\/it\/index.php\/wp-json\/wp\/v2\/categories?post=70500"},{"taxonomy":"post_tag","embeddable":true,"href":"https:\/\/www.gdapress.it\/it\/index.php\/wp-json\/wp\/v2\/tags?post=70500"}],"curies":[{"name":"wp","href":"https:\/\/api.w.org\/{rel}","templated":true}]}}