
{"id":70344,"date":"2019-04-02T10:23:44","date_gmt":"2019-04-02T08:23:44","guid":{"rendered":"http:\/\/www.gdapress.it\/it\/?p=70344"},"modified":"2019-04-02T10:23:44","modified_gmt":"2019-04-02T08:23:44","slug":"palazzina-dei-bagni-misteriosi-immersione-libera","status":"publish","type":"post","link":"https:\/\/www.gdapress.it\/it\/index.php\/70344\/arte\/palazzina-dei-bagni-misteriosi-immersione-libera.html","title":{"rendered":"Palazzina dei Bagni Misteriosi  Immersione libera"},"content":{"rendered":"<div>\n<div class=\"x_block-grid\">\n<div class=\"x_col x_num12\">\n<div>\n<div>\n<p><img loading=\"lazy\" decoding=\"async\" class=\"alignleft size-large wp-image-70345\" src=\"http:\/\/www.gdapress.it\/it\/..\/public\/it\/2019\/04\/ei-22-500x333.jpg\" alt=\"\" width=\"500\" height=\"333\" srcset=\"https:\/\/www.gdapress.it\/it\/..\/public\/it\/2019\/04\/ei-22-500x333.jpg 500w, https:\/\/www.gdapress.it\/it\/..\/public\/it\/2019\/04\/ei-22-300x200.jpg 300w, https:\/\/www.gdapress.it\/it\/..\/public\/it\/2019\/04\/ei-22-768x512.jpg 768w, https:\/\/www.gdapress.it\/it\/..\/public\/it\/2019\/04\/ei-22-720x480.jpg 720w, https:\/\/www.gdapress.it\/it\/..\/public\/it\/2019\/04\/ei-22-272x182.jpg 272w, https:\/\/www.gdapress.it\/it\/..\/public\/it\/2019\/04\/ei-22.jpg 1280w\" sizes=\"auto, (max-width: 500px) 100vw, 500px\" \/><\/p>\n<p><strong>Palazzina dei Bagni Misteriosi<\/strong><br \/>\nVia Carlo Botta 18 \u2013 Milano<\/p>\n<p><em><strong>Immersione libera<\/strong><\/em><\/p>\n<p>un progetto di\u00a0<strong>Marina Nissim<\/strong><\/p>\n<p>a cura di\u00a0<strong>Giovanni Paolin<\/strong><\/p>\n<p>in collaborazione con\u00a0<strong>Galleria Continua<\/strong>,\u00a0<strong>Associazione Pierlombardo<\/strong>\u00a0e\u00a0<strong>Teatro Franco Parenti<\/strong><\/p>\n<p><strong>marted\u00ec\u00a0<span class=\"markh2k8c3gwd\" data-markjs=\"true\" data-ogac=\"\" data-ogab=\"\" data-ogsc=\"\" data-ogsb=\"\">2<\/span>\u00a0<span class=\"markl6vbaplp8\" data-markjs=\"true\" data-ogac=\"\" data-ogab=\"\" data-ogsc=\"\" data-ogsb=\"\">aprile<\/span>\u00a0<span class=\"markh2k8c3gwd\" data-markjs=\"true\" data-ogac=\"\" data-ogab=\"\" data-ogsc=\"\" data-ogsb=\"\">2<\/span>019 \u2013 sabato 18 maggio\u00a0<span class=\"markh2k8c3gwd\" data-markjs=\"true\" data-ogac=\"\" data-ogab=\"\" data-ogsc=\"\" data-ogsb=\"\">2<\/span>019<\/strong><\/p>\n<p>da marted\u00ec a venerd\u00ec dalle 16.00 alle\u00a0<span class=\"markh2k8c3gwd\" data-markjs=\"true\" data-ogac=\"\" data-ogab=\"\" data-ogsc=\"\" data-ogsb=\"\">2<\/span>1.00<\/p>\n<p>da sabato a domenica dalle 14.00 alle\u00a0<span class=\"markh2k8c3gwd\" data-markjs=\"true\" data-ogac=\"\" data-ogab=\"\" data-ogsc=\"\" data-ogsb=\"\">2<\/span>1.00<\/p>\n<p>chiuso il luned\u00ec<\/p>\n<p>Aperture speciali in occasione di miart \u2013 dalle 10 alle\u00a0<span class=\"markh2k8c3gwd\" data-markjs=\"true\" data-ogac=\"\" data-ogab=\"\" data-ogsc=\"\" data-ogsb=\"\">2<\/span><span class=\"markh2k8c3gwd\" data-markjs=\"true\" data-ogac=\"\" data-ogab=\"\" data-ogsc=\"\" data-ogsb=\"\">2<\/span>\u00a0\u2013 e Fuorisalone \u2013 dalle 14 alle\u00a0<span class=\"markh2k8c3gwd\" data-markjs=\"true\" data-ogac=\"\" data-ogab=\"\" data-ogsc=\"\" data-ogsb=\"\">2<\/span><span class=\"markh2k8c3gwd\" data-markjs=\"true\" data-ogac=\"\" data-ogab=\"\" data-ogsc=\"\" data-ogsb=\"\">2<\/span><\/p>\n<p>Artisti:\u00a0<strong>Alfredo Aceto<\/strong>,\u00a0<strong>Agreements to Zinedine<\/strong>,\u00a0<strong>Antonello Ghezzi<\/strong>,\u00a0<strong>Calori &amp; Maillard<\/strong>,<strong>Campostabile<\/strong>,\u00a0<strong>Giovanni Chiamenti<\/strong>,\u00a0<strong>Alessandro Fogo<\/strong>,\u00a0<strong>Francesco Fonassi<\/strong>,\u00a0<strong>Valentina Furian<\/strong>,\u00a0<strong>Raluca Andreea Hartea<\/strong>,\u00a0<strong>Ornaghi &amp; Prestinari<\/strong>,\u00a0<strong>Marta Spagnoli<\/strong><\/p>\n<p>Curatori ospiti:\u00a0<strong>Giulia Colletti<\/strong>,\u00a0<strong>Caterina Molteni<\/strong>,\u00a0<strong>Treti Galaxie<\/strong><\/p>\n<p>Con interventi di:<strong>\u00a0Benni Bosetto, Lucia Cristiani, Lisa Dalfino &amp; Sacha Kanah,<\/strong><\/p>\n<p><strong>Beatrice Marchi\u00a0<\/strong><\/p>\n<\/div>\n<\/div>\n<\/div>\n<\/div>\n<\/div>\n<div>\n<div class=\"x_block-grid\">\n<div class=\"x_col x_num12\">\n<table class=\"x_divider\" border=\"0\" width=\"100%\" cellspacing=\"0\" cellpadding=\"0\">\n<tbody>\n<tr valign=\"top\">\n<td class=\"x_divider_inner\" valign=\"top\">\n<table class=\"x_divider_content\" style=\"height: 5px;\" border=\"0\" width=\"1230\" cellspacing=\"0\" cellpadding=\"0\" align=\"center\">\n<tbody>\n<tr valign=\"top\">\n<td valign=\"top\" height=\"0\"><\/td>\n<\/tr>\n<\/tbody>\n<\/table>\n<\/td>\n<\/tr>\n<\/tbody>\n<\/table>\n<p>Interazione, libert\u00e0 e ricerca sono le parole chiave di\u00a0<em><strong>Immersione libera<\/strong><\/em>, la mostra collettiva, a cura di<strong>Giovanni Paolin<\/strong>, in programma\u00a0<strong>dal\u00a0<span class=\"markh2k8c3gwd\" data-markjs=\"true\" data-ogac=\"\" data-ogab=\"\" data-ogsc=\"\" data-ogsb=\"\">2<\/span>\u00a0<span class=\"markl6vbaplp8\" data-markjs=\"true\" data-ogac=\"\" data-ogab=\"\" data-ogsc=\"\" data-ogsb=\"\">aprile<\/span>\u00a0al 18 maggio<\/strong>\u00a0negli spazi della\u00a0<strong>Palazzina dei Bagni Misteriosi<\/strong>. Realizzata in collaborazione con\u00a0<strong>Associazione Pier Lombardo<\/strong>,\u00a0<strong>Galleria Continua<\/strong>\u00a0e\u00a0<strong>Teatro Franco Parenti<\/strong>,\u00a0<em>Immersione libera<\/em>\u00a0\u00e8 un momento espositivo voluto e sostenuto dall\u2019imprenditrice e collezionista\u00a0<strong>Marina Nissim<\/strong>\u00a0per promuovere una nuova generazione di artisti.<\/p>\n<div>\n<p>Selezionati tra le voci emergenti pi\u00f9 interessanti e innovative del panorama internazionale contemporaneo,\u00a0<strong>Alfredo Aceto<\/strong>,\u00a0<strong>Agreements to Zinedine<\/strong>,\u00a0<strong>Antonello Ghezzi<\/strong>,\u00a0<strong>Calori &amp; Maillard<\/strong>,<strong>Campostabile<\/strong>,\u00a0<strong>Giovanni Chiamenti<\/strong>,\u00a0<strong>Alessandro Fogo<\/strong>,\u00a0<strong>Francesco Fonassi<\/strong>,\u00a0<strong>Valentina Furian<\/strong>,<strong>Raluca Andreea Hartea<\/strong>,\u00a0<strong>Ornaghi &amp; Prestinari<\/strong>\u00a0e\u00a0<strong>Marta Spagnoli<\/strong>\u00a0sono gli artisti chiamati a ideare nuove opere site-specific per la Palazzina dei Bagni Misteriosi.<\/p>\n<p>La mostra non segue un unico filo conduttore, ma abbraccia un ampio ventaglio di proposte che spaziano tra linguaggi, materiali e tecniche differenti. Tutte le opere sono pensate per fondersi con gli ambienti circostanti favorendo il coinvolgimento dei visitatori. Per tutta la durata della mostra, inoltre, gli interventi site-specific dialogheranno anche con una serie di eventi temporanei, organizzati con la collaborazione dei curatori ospiti:\u00a0<strong>Giulia Colletti<\/strong>,\u00a0<strong>Caterina Molteni<\/strong>,\u00a0<strong>Treti Galaxie<\/strong>.<\/p>\n<p>Il percorso di\u00a0<em>Immersione libera<\/em>\u00a0inizia nell\u2019Atrio della Palazzina dei Bagni Misteriosi con\u00a0<em><strong>\u03c7\u03c1\u03cc\u03b1\u00a0<\/strong><\/em>di<strong>Giovanni Chiamenti<\/strong>: un organismo con un\u2019anima di ferro ricoperta da una pellicola dicroica, che nasce dall\u2019osservazione e dall\u2019ascolto della natura. L\u2019intervento di Chiamenti prosegue nella sala successiva con le due sculture\u00a0<em><strong>Bone<\/strong><\/em>\u00a0e\u00a0<em><strong>Cortex<\/strong><\/em>, scansioni 3D che cercano di leggere e memorizzare l\u2019oggetto in modo fedele, mettendone in luce tutte le imperfezioni e le tracce lasciate dal tempo. Il mondo della natura torna in\u00a0<em><strong>Iperbole (\u03b4U = \u03b4Q &#8211; \u03b4W)<\/strong><\/em>, digigrafia che fotografa il ribollire della superficie di un geyser, mentre con\u00a0<strong><em>Scratch<\/em><\/strong>\u00a0\u2013 una stampa incisa su carta \u2013 l\u2019artista rivendica il diritto alla lentezza in un mondo, come quello attuale, votato al primato dell\u2019istante.<\/p>\n<p><strong>Alfredo Aceto<\/strong>\u00a0definisce lo spazio espositivo della Sala Mosaico con tre sculture che spuntano dal pavimento come se emergessero dal mare: le\u00a0<em><strong>Gutter-Gargoyle<\/strong><\/em>. Sono il risultato dell\u2019ibridazione tra un idrante, una grondaia e un animale marino che, in questo contesto, si fanno vettori di nuovi significati. La manipolazione scultorea, intesa come assemblaggio di elementi con inedite possibilit\u00e0 narrative, \u00e8 anche alla base di\u00a0<em><strong>Claire<\/strong><\/em>: un timido personaggio fiabesco frutto dell\u2019evoluzione di un portacravatte che ha acquisito dimensioni umane e una pinna sul dorso.<\/p>\n<p><strong>Alessandro Fogo<\/strong>\u00a0elabora il pattern della moquette posata nella stessa sala ispirandosi al motivo del parquet liquido di Giorgio De Chirico; le sue tele appese alle pareti sono invece sospese nel tempo e nello spazio, estremamente connotate da un punto di vista simbolico. Si rif\u00e0 al mondo dei simboli e del mito anche l\u2019<em><strong>Animale Cerimoniale<\/strong><\/em>, installazione ambientale curata dal collettivo milanese\u00a0<strong>Agreements to Zinedine \u2013 ATZ\u00a0<\/strong>che, attraverso cinque interventi, ricrea all\u2019interno della Sala Testori un esempio di tempio contemporaneo animato da antiche leggende.<\/p>\n<p>Nella stessa sala\u00a0<em><strong>Scena di caccia<\/strong><\/em>\u00a0\u00e8 un\u2019installazione sonora, in quattro movimenti, realizzata da<strong>Francesco Fonassi<\/strong>: l\u2019opera audio, mixata su tre sorgenti differenti, mescola elettronica, strumenti a corda, manipolazioni analogiche e voce, che si svelano all\u2019ascoltatore come iterazioni di gesti che rievocano antiche strategie di caccia. Il contributo di Fonassi prevede anche un intervento di natura scultorea \u2013\u00a0<strong><em>Arco<\/em><\/strong>\u00a0\u2013 che si ispira a un vecchio modello d\u2019arco giapponese, lo Yumi.<\/p>\n<p>Nella Sala Centrale della Palazzina,\u00a0<strong>Raluca Andreea Hartea<\/strong>\u00a0installa tra i volumi della libreria una serie di scatti fotografici che, riproducendo le copertine dei libri, creano un gioco di percezione tra realt\u00e0 e finzione. Nei quadri di\u00a0<strong>Marta Spagnoli<\/strong>\u00a0lo sguardo si perde in un labirinto di linee e colori, mappe che tracciano paesaggi fatti di relazioni, i cui segni s\u2019intrecciano, interrompono e moltiplicano.\u00a0<em><strong>Mc<sup><span class=\"markh2k8c3gwd\" data-markjs=\"true\" data-ogac=\"\" data-ogab=\"\" data-ogsc=\"\" data-ogsb=\"\">2<\/span><\/sup>,<\/strong><\/em>\u00a0il lavoro di<strong>Calori &amp; Maillard<\/strong>, si articola in due progetti complementari, uno scultoreo e uno fotografico, con cui il duo italo-francese interpreta in chiave simbolica l\u2019equazione pi\u00f9 famosa della fisica che stabilisce l\u2019equivalenza tra l\u2019Energia e la massa di un sistema fisico.<\/p>\n<p>Il percorso prosegue con\u00a0<em><strong>Pool<\/strong><\/em>, struttura in legno e tessuto, del duo\u00a0<strong>Campostabile<\/strong>. Il titolo fa riferimento al termine inglese che, tra le tante accezioni, indica un gruppo, un\u2019entit\u00e0 collettiva, un organismo in condivisione proprio come l\u2019installazione nella Sala Zenitale: un organismo composito in cui il valore dell\u2019unico \u00e8 sempre maggiore della somma delle singole parti che lo compongono. Sempre nella Sala Zenitale \u00e8 esposta l\u2019opera di\u00a0<strong>Ornaghi &amp; Prestinari<\/strong>:\u00a0<strong><em>Cionco<\/em><\/strong>, una scultura in legno che raffigura un burattino astratto e claudicante: sorretto da un meccanismo a pressione, quando perde l\u2019equilibrio, cade, si scompone per poi rialzarsi e ricomporsi in modo sempre nuovo.<\/p>\n<p>Al piano inferiore la mostra continua con\u00a0<em><strong>55<\/strong><\/em>: la video installazione a due canali di\u00a0<strong>Valentina Furian<\/strong>presenta uno scenario onirico, volutamente ambiguo, in cui il processo narrativo gioca sullo scarto tra finzione e realt\u00e0. Infine, sulla terrazza, il percorso espositivo si conclude con\u00a0<em><strong>Alla luna<\/strong><\/em>\u00a0del duo\u00a0<strong>Antonello Ghezzi<\/strong>,\u00a0un\u2019installazione partecipativa, poetica ed evocativa: camminando su un tapis roulant che evidenzia sul display la reale distanza della Terra dalla Luna, 384.400 km, i visitatori contribuiranno a un countdown che avvicina il nostro pianeta al suo satellite.<\/p>\n<p><em>Immersione Libera\u00a0<\/em><strong>inaugura in occasione di miart per poi inserirsi tra gli eventi che animeranno il Parenti District \u2013 ART &amp; DESIGN<\/strong>, un nuovo distretto di sinergie tra arte, arti performative e design,<strong>voluto dal Teatro Franco Parenti e dai Bagni Misteriosi in occasione della Milano Design Week<\/strong>.<\/p>\n<p><em>I<\/em><em>mmersione libera<\/em>\u00a0prende il via luned\u00ec 1\u00a0<span class=\"markl6vbaplp8\" data-markjs=\"true\" data-ogac=\"\" data-ogab=\"\" data-ogsc=\"\" data-ogsb=\"\">aprile<\/span>\u00a0con un\u00a0<em>vernissage<\/em>\u00a0aperto al pubblico. La mostra sar\u00e0 visitabile da marted\u00ec a venerd\u00ec dalle 16.00 alle\u00a0<span class=\"markh2k8c3gwd\" data-markjs=\"true\" data-ogac=\"\" data-ogab=\"\" data-ogsc=\"\" data-ogsb=\"\">2<\/span>1.00. Sabato e domenica l\u2019apertura \u00e8 anticipata alle 14.00.\u00a0Aperture speciali in occasione di\u00a0<strong>miart<\/strong>\u00a0\u2013 dalle 10 alle\u00a0<span class=\"markh2k8c3gwd\" data-markjs=\"true\" data-ogac=\"\" data-ogab=\"\" data-ogsc=\"\" data-ogsb=\"\">2<\/span><span class=\"markh2k8c3gwd\" data-markjs=\"true\" data-ogac=\"\" data-ogab=\"\" data-ogsc=\"\" data-ogsb=\"\">2<\/span>\u00a0\u2013 e del\u00a0<strong>Fuorisalone<\/strong>\u00a0\u2013 dalle 14 alle\u00a0<span class=\"markh2k8c3gwd\" data-markjs=\"true\" data-ogac=\"\" data-ogab=\"\" data-ogsc=\"\" data-ogsb=\"\">2<\/span><span class=\"markh2k8c3gwd\" data-markjs=\"true\" data-ogac=\"\" data-ogab=\"\" data-ogsc=\"\" data-ogsb=\"\">2<\/span>.<\/p>\n<p>Si ringrazia\u00a0<strong>Technogym<\/strong>, l\u2019azienda italiana leader mondiale nella fornitura di tecnologie, servizi e prodotti di design per il Wellness, che per l\u2019installazione\u00a0<em>Alla luna<\/em>\u00a0di\u00a0<strong>Antonello Ghezzi<\/strong>\u00a0ha messo a disposizione<strong>\u201cRun Personal\u201d<\/strong>, il tapis roulant della linea PERSONAL, che rappresenta la sintesi perfetta di tecnologia all\u2019avanguardia e funzionalit\u00e0, frutto della collaborazione tra Technogym e il design d\u2019autore di\u00a0<strong>Antonio Citterio<\/strong>.<\/p>\n<p><strong>PER MAGGIORI INFORMAZIONI<\/strong><\/p>\n<p><strong>INFORMAZIONI<\/strong><\/p>\n<p>Palazzina dei Bagni Misteriosi | via Carlo Botta, 18 \u2013\u00a0<span class=\"markh2k8c3gwd\" data-markjs=\"true\" data-ogac=\"\" data-ogab=\"\" data-ogsc=\"\" data-ogsb=\"\">2<\/span>0135 Milano<br \/>\ntel. 0<span class=\"markh2k8c3gwd\" data-markjs=\"true\" data-ogac=\"\" data-ogab=\"\" data-ogsc=\"\" data-ogsb=\"\">2<\/span>-89731800<br \/>\nda marted\u00ec a venerd\u00ec, dalle 16.00 alle\u00a0<span class=\"markh2k8c3gwd\" data-markjs=\"true\" data-ogac=\"\" data-ogab=\"\" data-ogsc=\"\" data-ogsb=\"\">2<\/span>1.00<br \/>\nda sabato a domenica, dalle 14.00 alle\u00a0<span class=\"markh2k8c3gwd\" data-markjs=\"true\" data-ogac=\"\" data-ogab=\"\" data-ogsc=\"\" data-ogsb=\"\">2<\/span>1.00<br \/>\nchiuso il luned\u00ec<br \/>\ningresso \u20ac 3,50<br \/>\nwww.teatrofrancoparenti.it<\/p>\n<\/div>\n<table class=\"x_divider\" border=\"0\" width=\"100%\" cellspacing=\"0\" cellpadding=\"0\">\n<tbody>\n<tr valign=\"top\">\n<td class=\"x_divider_inner\" valign=\"top\">\n<table class=\"x_divider_content\" border=\"0\" width=\"100%\" cellspacing=\"0\" cellpadding=\"0\" align=\"center\">\n<tbody>\n<tr valign=\"top\">\n<td valign=\"top\"><\/td>\n<\/tr>\n<\/tbody>\n<\/table>\n<\/td>\n<\/tr>\n<\/tbody>\n<\/table>\n<\/div>\n<\/div>\n<\/div>\n","protected":false},"excerpt":{"rendered":"<p>Palazzina dei Bagni Misteriosi Via Carlo Botta 18 \u2013 Milano Immersione libera un progetto di\u00a0Marina Nissim a cura di\u00a0Giovanni Paolin in collaborazione con\u00a0Galleria Continua,\u00a0Associazione Pierlombardo\u00a0e\u00a0Teatro Franco Parenti marted\u00ec\u00a02\u00a0aprile\u00a02019 \u2013 sabato 18 maggio\u00a02019 da marted\u00ec a venerd\u00ec dalle 16.00 alle\u00a021.00 da sabato a domenica dalle 14.00 alle\u00a021.00 chiuso il luned\u00ec Aperture speciali in occasione di miart &hellip; <a href=\"https:\/\/www.gdapress.it\/it\/index.php\/70344\/arte\/palazzina-dei-bagni-misteriosi-immersione-libera.html\" class=\"more-link\">Read more <span class=\"screen-reader-text\">Palazzina dei Bagni Misteriosi  Immersione libera<\/span><\/a><\/p>\n","protected":false},"author":2,"featured_media":70345,"comment_status":"closed","ping_status":"open","sticky":false,"template":"","format":"standard","meta":{"footnotes":""},"categories":[4],"tags":[23963,899,15487,20717,11984],"class_list":["post-70344","post","type-post","status-publish","format-standard","has-post-thumbnail","hentry","category-arte","tag-immersione-libera","tag-miart","tag-milano-design-week","tag-palazzina-dei-bagni-misteriosi","tag-teatro-franco-parenti"],"_links":{"self":[{"href":"https:\/\/www.gdapress.it\/it\/index.php\/wp-json\/wp\/v2\/posts\/70344","targetHints":{"allow":["GET"]}}],"collection":[{"href":"https:\/\/www.gdapress.it\/it\/index.php\/wp-json\/wp\/v2\/posts"}],"about":[{"href":"https:\/\/www.gdapress.it\/it\/index.php\/wp-json\/wp\/v2\/types\/post"}],"author":[{"embeddable":true,"href":"https:\/\/www.gdapress.it\/it\/index.php\/wp-json\/wp\/v2\/users\/2"}],"replies":[{"embeddable":true,"href":"https:\/\/www.gdapress.it\/it\/index.php\/wp-json\/wp\/v2\/comments?post=70344"}],"version-history":[{"count":1,"href":"https:\/\/www.gdapress.it\/it\/index.php\/wp-json\/wp\/v2\/posts\/70344\/revisions"}],"predecessor-version":[{"id":70346,"href":"https:\/\/www.gdapress.it\/it\/index.php\/wp-json\/wp\/v2\/posts\/70344\/revisions\/70346"}],"wp:featuredmedia":[{"embeddable":true,"href":"https:\/\/www.gdapress.it\/it\/index.php\/wp-json\/wp\/v2\/media\/70345"}],"wp:attachment":[{"href":"https:\/\/www.gdapress.it\/it\/index.php\/wp-json\/wp\/v2\/media?parent=70344"}],"wp:term":[{"taxonomy":"category","embeddable":true,"href":"https:\/\/www.gdapress.it\/it\/index.php\/wp-json\/wp\/v2\/categories?post=70344"},{"taxonomy":"post_tag","embeddable":true,"href":"https:\/\/www.gdapress.it\/it\/index.php\/wp-json\/wp\/v2\/tags?post=70344"}],"curies":[{"name":"wp","href":"https:\/\/api.w.org\/{rel}","templated":true}]}}