
{"id":70225,"date":"2019-03-28T01:26:19","date_gmt":"2019-03-27T23:26:19","guid":{"rendered":"http:\/\/www.gdapress.it\/it\/?p=70225"},"modified":"2019-03-28T01:26:19","modified_gmt":"2019-03-27T23:26:19","slug":"mario-valentino-autunno-a-new-york","status":"publish","type":"post","link":"https:\/\/www.gdapress.it\/it\/index.php\/70225\/costume\/mario-valentino-autunno-a-new-york.html","title":{"rendered":"Mario Valentino: Autunno a New York"},"content":{"rendered":"<p><img loading=\"lazy\" decoding=\"async\" class=\"alignleft size-medium wp-image-70226\" src=\"http:\/\/www.gdapress.it\/it\/..\/public\/it\/2019\/03\/MV_AW19_2-200x300.jpg\" alt=\"\" width=\"200\" height=\"300\" srcset=\"https:\/\/www.gdapress.it\/it\/..\/public\/it\/2019\/03\/MV_AW19_2-200x300.jpg 200w, https:\/\/www.gdapress.it\/it\/..\/public\/it\/2019\/03\/MV_AW19_2-768x1152.jpg 768w, https:\/\/www.gdapress.it\/it\/..\/public\/it\/2019\/03\/MV_AW19_2-267x400.jpg 267w, https:\/\/www.gdapress.it\/it\/..\/public\/it\/2019\/03\/MV_AW19_2.jpg 2000w\" sizes=\"auto, (max-width: 200px) 100vw, 200px\" \/><\/p>\n<p>Mario Valentino: Autunno a New York<\/p>\n<p>Per la prossima stagione autunno-inverno 2019\/2020, MARIO VALENTINO propone una collezione estremamente dinamica, nitida nelle linee e nei volumi, ben definita nel suo messaggio.<\/p>\n<p>Le nuove creazioni celebrano la qualit\u00e0 grazie ad un utilizzo sapiente di materiali classici e senza tempo; Il glamour va mano nella mano con il casual, la funzionalit\u00e0 diventa un attributo chiave allo stile personale.<\/p>\n<p><img loading=\"lazy\" decoding=\"async\" class=\"alignleft size-medium wp-image-70227\" src=\"http:\/\/www.gdapress.it\/it\/..\/public\/it\/2019\/03\/MV_AW19_3-200x300.jpg\" alt=\"\" width=\"200\" height=\"300\" srcset=\"https:\/\/www.gdapress.it\/it\/..\/public\/it\/2019\/03\/MV_AW19_3-200x300.jpg 200w, https:\/\/www.gdapress.it\/it\/..\/public\/it\/2019\/03\/MV_AW19_3-768x1152.jpg 768w, https:\/\/www.gdapress.it\/it\/..\/public\/it\/2019\/03\/MV_AW19_3-267x400.jpg 267w, https:\/\/www.gdapress.it\/it\/..\/public\/it\/2019\/03\/MV_AW19_3.jpg 2000w\" sizes=\"auto, (max-width: 200px) 100vw, 200px\" \/>Il tema classico \u00e8 reso sempre attuale e sofisticato perch\u00e9 ogni singolo modello acquista valore attraverso l\u2019uso che si fa.\u00a0 L\u2019ispirazione arriva dalla quotidianit\u00e0 di ogni donna in carriera, spesso allo stesso tempo, moglie e madre. Una donna pratica e dinamica, in continuo movimento ma attenta alla moda raffinata ed elegante.<\/p>\n<p>I colori e lo spirito autunnale di New York diventano il palcoscenico della donna MARIO VALENTINO, una donna protagonista della sua vita che trascorre la sua giornata tra meeting ed eventi, e che tra un impegno e un altro si concede un break veloce a Central Park.<\/p>\n<p>La collezione abbigliamento esprime un\u2019eleganza precisa ed essenziale, i tagli divengono pratici e intelligenti per looks multi-funzione, le linee sono morbide e scivolate fino a sfociare nell\u2019over-size dei capi spalla in montone.<\/p>\n<p><img loading=\"lazy\" decoding=\"async\" class=\"alignleft size-medium wp-image-70228\" src=\"http:\/\/www.gdapress.it\/it\/..\/public\/it\/2019\/03\/MV_AW19_20010437-300x200.jpg\" alt=\"\" width=\"300\" height=\"200\" srcset=\"https:\/\/www.gdapress.it\/it\/..\/public\/it\/2019\/03\/MV_AW19_20010437-300x200.jpg 300w, https:\/\/www.gdapress.it\/it\/..\/public\/it\/2019\/03\/MV_AW19_20010437-768x512.jpg 768w, https:\/\/www.gdapress.it\/it\/..\/public\/it\/2019\/03\/MV_AW19_20010437-500x333.jpg 500w, https:\/\/www.gdapress.it\/it\/..\/public\/it\/2019\/03\/MV_AW19_20010437-720x480.jpg 720w, https:\/\/www.gdapress.it\/it\/..\/public\/it\/2019\/03\/MV_AW19_20010437-272x182.jpg 272w\" sizes=\"auto, (max-width: 300px) 100vw, 300px\" \/><\/p>\n<p>&nbsp;<\/p>\n<p>&nbsp;<\/p>\n<p><img loading=\"lazy\" decoding=\"async\" class=\"alignleft size-medium wp-image-70229\" src=\"http:\/\/www.gdapress.it\/it\/..\/public\/it\/2019\/03\/MV_AW19_20180435-300x200.jpg\" alt=\"\" width=\"300\" height=\"200\" srcset=\"https:\/\/www.gdapress.it\/it\/..\/public\/it\/2019\/03\/MV_AW19_20180435-300x200.jpg 300w, https:\/\/www.gdapress.it\/it\/..\/public\/it\/2019\/03\/MV_AW19_20180435-768x512.jpg 768w, https:\/\/www.gdapress.it\/it\/..\/public\/it\/2019\/03\/MV_AW19_20180435-500x333.jpg 500w, https:\/\/www.gdapress.it\/it\/..\/public\/it\/2019\/03\/MV_AW19_20180435-720x480.jpg 720w, https:\/\/www.gdapress.it\/it\/..\/public\/it\/2019\/03\/MV_AW19_20180435-272x182.jpg 272w\" sizes=\"auto, (max-width: 300px) 100vw, 300px\" \/><\/p>\n<p>&nbsp;<\/p>\n<p>&nbsp;<\/p>\n<p>&nbsp;<\/p>\n<p>&nbsp;<\/p>\n<p>&nbsp;<\/p>\n<p>&nbsp;<\/p>\n<p>Qualit\u00e0 e funzionalit\u00e0 si ripropongono nelle calzature con vitelli, camosci, cavallini, naplak e vitelli verniciati, di molteplici tonalit\u00e0 e gradazioni. La palette dei colori assume tonalit\u00e0 naturali della terra, nella sua versione autunnale e dei tramonti. Le altezze sono molteplici e vanno dal flat allo stiletto 95, le forme sono eleganti e stilizzate.<\/p>\n<p>La profonda capacit\u00e0 tecnica di pi\u00f9 di un secolo di storia della MARIO VALENTINO e la perfezione sartoriale nella lavorazione della pelle si esprimono poi al loro massimo in questa collezione, espressione creativa\u00a0 del vero Made in Italy.<\/p>\n<p>&nbsp;<\/p>\n<p>www.mariovalentino.it<\/p>\n<p>&nbsp;<\/p>\n","protected":false},"excerpt":{"rendered":"<p>Mario Valentino: Autunno a New York Per la prossima stagione autunno-inverno 2019\/2020, MARIO VALENTINO propone una collezione estremamente dinamica, nitida nelle linee e nei volumi, ben definita nel suo messaggio. Le nuove creazioni celebrano la qualit\u00e0 grazie ad un utilizzo sapiente di materiali classici e senza tempo; Il glamour va mano nella mano con il &hellip; <a href=\"https:\/\/www.gdapress.it\/it\/index.php\/70225\/costume\/mario-valentino-autunno-a-new-york.html\" class=\"more-link\">Read more <span class=\"screen-reader-text\">Mario Valentino: Autunno a New York<\/span><\/a><\/p>\n","protected":false},"author":2,"featured_media":70228,"comment_status":"closed","ping_status":"open","sticky":false,"template":"","format":"standard","meta":{"footnotes":""},"categories":[2244],"tags":[23885,22999],"class_list":["post-70225","post","type-post","status-publish","format-standard","has-post-thumbnail","hentry","category-costume","tag-autunno-a-new-york","tag-mario-valentino"],"_links":{"self":[{"href":"https:\/\/www.gdapress.it\/it\/index.php\/wp-json\/wp\/v2\/posts\/70225","targetHints":{"allow":["GET"]}}],"collection":[{"href":"https:\/\/www.gdapress.it\/it\/index.php\/wp-json\/wp\/v2\/posts"}],"about":[{"href":"https:\/\/www.gdapress.it\/it\/index.php\/wp-json\/wp\/v2\/types\/post"}],"author":[{"embeddable":true,"href":"https:\/\/www.gdapress.it\/it\/index.php\/wp-json\/wp\/v2\/users\/2"}],"replies":[{"embeddable":true,"href":"https:\/\/www.gdapress.it\/it\/index.php\/wp-json\/wp\/v2\/comments?post=70225"}],"version-history":[{"count":1,"href":"https:\/\/www.gdapress.it\/it\/index.php\/wp-json\/wp\/v2\/posts\/70225\/revisions"}],"predecessor-version":[{"id":70230,"href":"https:\/\/www.gdapress.it\/it\/index.php\/wp-json\/wp\/v2\/posts\/70225\/revisions\/70230"}],"wp:featuredmedia":[{"embeddable":true,"href":"https:\/\/www.gdapress.it\/it\/index.php\/wp-json\/wp\/v2\/media\/70228"}],"wp:attachment":[{"href":"https:\/\/www.gdapress.it\/it\/index.php\/wp-json\/wp\/v2\/media?parent=70225"}],"wp:term":[{"taxonomy":"category","embeddable":true,"href":"https:\/\/www.gdapress.it\/it\/index.php\/wp-json\/wp\/v2\/categories?post=70225"},{"taxonomy":"post_tag","embeddable":true,"href":"https:\/\/www.gdapress.it\/it\/index.php\/wp-json\/wp\/v2\/tags?post=70225"}],"curies":[{"name":"wp","href":"https:\/\/api.w.org\/{rel}","templated":true}]}}