
{"id":69856,"date":"2019-02-16T10:08:13","date_gmt":"2019-02-16T08:08:13","guid":{"rendered":"http:\/\/www.gdapress.it\/it\/?p=69856"},"modified":"2019-02-16T10:08:13","modified_gmt":"2019-02-16T08:08:13","slug":"open-day-accademia-ucraina-di-balletto","status":"publish","type":"post","link":"https:\/\/www.gdapress.it\/it\/index.php\/69856\/spettacoli\/open-day-accademia-ucraina-di-balletto.html","title":{"rendered":"OPEN DAY ACCADEMIA UCRAINA DI BALLETTO"},"content":{"rendered":"<p><img loading=\"lazy\" decoding=\"async\" class=\"alignleft size-large wp-image-69857\" src=\"http:\/\/www.gdapress.it\/it\/..\/public\/it\/2019\/02\/thumbnail_OPEN-DAY-CATE-1-500x360.jpg\" alt=\"\" width=\"500\" height=\"360\" srcset=\"https:\/\/www.gdapress.it\/it\/..\/public\/it\/2019\/02\/thumbnail_OPEN-DAY-CATE-1-500x360.jpg 500w, https:\/\/www.gdapress.it\/it\/..\/public\/it\/2019\/02\/thumbnail_OPEN-DAY-CATE-1-300x216.jpg 300w, https:\/\/www.gdapress.it\/it\/..\/public\/it\/2019\/02\/thumbnail_OPEN-DAY-CATE-1.jpg 569w\" sizes=\"auto, (max-width: 500px) 100vw, 500px\" \/><\/p>\n<p><strong>SABATO 16 FEBBRAIO<\/strong><\/p>\n<p><strong>OPEN DAY ACCADEMIA UCRAINA DI BALLETTO<\/strong><\/p>\n<p>Via Quadronno, 15 Milano<\/p>\n<p>Dopo il grandissimo successo degli spettacoli al Teatro Arcimboldi di Milano, l\u2019Accademia Ucraina di Balletto apre le porte al pubblico per il suo Open Day nella nuova sede inaugurata il 7 ottobre 2017.<\/p>\n<p>Sabato 16 febbraio, dalle 11 in poi, la storica sede, situata presso l\u2019Istituto delle Marcelline di Milano, accoglier\u00e0 chiunque voglia avvicinarsi a conoscere questa realt\u00e0 che negli ultimi anni si \u00e8 fortemente radicata nel cuore del capoluogo lombardo grazie alla seriet\u00e0 e completezza del percorso proposto.<\/p>\n<p>In occasione dell\u2019Open day l\u2019Accademia Ucraina di Balletto annuncer\u00e0 importanti novit\u00e0:<\/p>\n<ul>\n<li><strong>Nascita di una collaborazione con il Teatro Arcimboldi anche da un punto di vista didattico poich\u00e9 le lezioni dell\u2019Accademia si svolgeranno in giornate prestabilite presso la meravigliosa sala prove del famosissimo teatro meneghino. <\/strong><\/li>\n<li>Consolidamento ed ampliamento del CONVITTO MASCHILE<\/li>\n<li>Possibilit\u00e0 di usufruire del convitto durante alcuni weekend prestabiliti anche per gli allievi delle classi inferiori (I,II, III e IV corso)<\/li>\n<\/ul>\n<p>Il programma dell\u2019open day prevede:<\/p>\n<ul>\n<li>Visita alla sede e informazioni sui corsi di danza, sulla scuola e sul convitto;<\/li>\n<li>Visita alla esposizione dei costumi di scena<\/li>\n<li>Possibilit\u00e0 di assistere alle lezioni aperte di alcuni corsi accademici.<\/li>\n<\/ul>\n<p>Il pubblico avr\u00e0 la possibilit\u00e0 di conoscere da vicino i docenti e toccare con mano la proposta formativa dell\u2019Accademia con il progetto <strong>ARTE, FORMAZIONE E CULTURA.<\/strong><\/p>\n<p><strong><em>\u201cL\u2019unica Accademia professionale in Italia che offre, all\u2019interno di un\u2019unica sede, lezioni di danza, lezioni scolastiche e convitto\/residenza, sia maschile che femminile\u201d.<\/em><\/strong><\/p>\n<p><strong><u><img loading=\"lazy\" decoding=\"async\" class=\"alignleft size-large wp-image-69858\" src=\"http:\/\/www.gdapress.it\/it\/..\/public\/it\/2019\/02\/image00003-306x400.jpeg\" alt=\"\" width=\"306\" height=\"400\" srcset=\"https:\/\/www.gdapress.it\/it\/..\/public\/it\/2019\/02\/image00003-306x400.jpeg 306w, https:\/\/www.gdapress.it\/it\/..\/public\/it\/2019\/02\/image00003-230x300.jpeg 230w, https:\/\/www.gdapress.it\/it\/..\/public\/it\/2019\/02\/image00003-768x1004.jpeg 768w\" sizes=\"auto, (max-width: 306px) 100vw, 306px\" \/>CHI SIAMO<\/u><\/strong><\/p>\n<p><em>\u201c<\/em>L\u2019Accademia Ucraina di Balletto si propone come la prima scuola professionale in Italia di pura <strong><em>METODICA VAGANOVA<\/em><\/strong><em>, avvalendosi di docenti altamente qualificati, provenienti dai pi\u00f9 importanti teatri europei e dell\u2019ex Unione Sovietica, a garanzia dell\u2019applicazione di un metodo la cui validit\u00e0 \u00e8 riconosciuta in tutto il mondo\u201d.<\/em><\/p>\n<p><strong>ACCADEMIA UCRAINA DI BALLETTO<\/strong><\/p>\n<p>La scuola professionale dell\u2019Accademia Ucraina di Balletto apre la sua sede stabile presso il<\/p>\n<p>Teatro delle Erbe di Milano il 23 settembre 2005. Forte di tradizione e prestigio risponde alle<\/p>\n<p>esigenze di una formazione professionale di alto livello.<\/p>\n<p>Dall\u2019anno scolastico 2006\/07 parte la collaborazione con un&#8217;Istituzione di prestigio come<\/p>\n<p>l&#8217;ISTITUTO delle MARCELLINE, con l\u2019obiettivo di offrire ai propri studenti un ambiente<\/p>\n<p>completo per la loro crescita professionale, umana e culturale.<\/p>\n<p>Le lezioni di si tengono nelle sale dell\u2019Istituto di via Quadronno e chi vuole pu\u00f2 frequentare la<\/p>\n<p>scuola secondaria di primo grado e il liceo linguistico pomeridiano sia come alunna esterna<\/p>\n<p>sia come alunna interna.<\/p>\n<p>E\u2019 indubbio il vantaggio di avere nello stesso edificio la possibilit\u00e0 di frequentare la scuola, le<\/p>\n<p>lezioni di danza, nonch\u00e9 di poter usufruire di un internato senza doversi sottoporre a<\/p>\n<p>stressanti trasferimenti, soprattutto per chi abita lontano da Milano.<\/p>\n<p><strong>Direttrice AUB in Italia \u00e8 Caterina Calvino Prina, mentre il direttore artistico \u00e8 il maestro Egor Scepaciov, ex primo ballerino del teatro dell\u2019Opera di Chisinau.<\/strong><\/p>\n<p><strong><u><img loading=\"lazy\" decoding=\"async\" class=\"alignleft size-large wp-image-69859\" src=\"http:\/\/www.gdapress.it\/it\/..\/public\/it\/2019\/02\/image00010-300x400.jpeg\" alt=\"\" width=\"300\" height=\"400\" srcset=\"https:\/\/www.gdapress.it\/it\/..\/public\/it\/2019\/02\/image00010-300x400.jpeg 300w, https:\/\/www.gdapress.it\/it\/..\/public\/it\/2019\/02\/image00010-225x300.jpeg 225w, https:\/\/www.gdapress.it\/it\/..\/public\/it\/2019\/02\/image00010-768x1024.jpeg 768w, https:\/\/www.gdapress.it\/it\/..\/public\/it\/2019\/02\/image00010.jpeg 1536w\" sizes=\"auto, (max-width: 300px) 100vw, 300px\" \/>CORSI STUDENTI<\/u><\/strong><\/p>\n<p>La scuola professionale dell&#8217;Accademia Ucraina di Balletto prevede un ciclo di studi di otto anni a partire dai 10\/11 anni.<\/p>\n<p>L&#8217;ammissione alla scuola \u00e8 previa audizione e controllo medico per il primo anno.<\/p>\n<p>Per l&#8217;ammissione agli anni successivi si richiede audizione, curriculum degli studi precedentemente effettuati, certificati medici di idoneit\u00e0 all&#8217;attivit\u00e0 a livello professionale.<\/p>\n<p>L&#8217;attivit\u00e0 dell&#8217;Accademia \u00e8 prevista su 10 mesi (da settembre a giugno).<\/p>\n<p>Come previsto nelle pi\u00f9 rigide scuole di formazione dei paesi dell\u2019ex-Unione Sovietica i corsi sono cos\u00ec suddivisi:<\/p>\n<p>1\u00b0 anno: tecnica classica, sbarra a terra, danze storiche, pratica (12 ore settimanali)<\/p>\n<p>2\u00b0 anno: tecnica classica, sbarra a terra, danze storiche, pratica, punte (14 ore settimanali)<\/p>\n<p>3\u00b0 anno: tecnica classica, sbarra a terra, pratica, punte (14 ore settimanali)<\/p>\n<p>4\u00b0 anno: tecnica classica, punte, repertorio, danza contemporanea (16 ore settimanali)<\/p>\n<p>5\u00b0 anno: tecnica classica, punte, repertorio, danza contemporanea (16 ore settimanali)<\/p>\n<p>6\u00b0 anno: tecnica classica, punte, repertorio, pas-de-deux, danza contemporanea, carattere (18<\/p>\n<p>ore settimanali)<\/p>\n<p>7\u00b0 anno: tecnica classica, punte, repertorio, pas-de-deux, danza contemporanea, carattere (18<\/p>\n<p>ore settimanali)<\/p>\n<p>8\u00b0 anno: tecnica classica, punte, repertorio, pas-de-deux, danza contemporanea, carattere (18<\/p>\n<p>ore settimanali)<\/p>\n<p>Ogni corso \u00e8 seguito da un docente nelle materie principali (tecnica classica, repertorio, punte) con il supporto di altri docenti per le discipline minori (danza di carattere, danza contemporanea ecc.).<\/p>\n<p><strong>L\u2019ISTIUTO DELLE MARCELLINE E L\u2019OFFERTA FORMATIVA DEL PROGETTO ARTE, FORMAZIONE E CULTURA<\/strong><\/p>\n<p><strong><u>LA SCUOLA<\/u><\/strong><\/p>\n<p>Gli aspiranti ballerini, una volta superata l\u2019audizione, entrano, a seconda dell\u2019et\u00e0, o nelle classi della scuola secondaria di 1\u00b0 gr (assieme agli altri alunni che non praticano la danza) o nelle classi del Liceo Linguistico pomeridiano, nato appositamente per loro.<\/p>\n<p>L\u2019autonomia prevede<\/p>\n<ul>\n<li>alla Scuola Secondaria di I grado l\u2019inserimento di una 4^ ora di lingua Inglese e il mantenimento della Seconda Lingua Europea: Spagnolo, Francese, Tedesco, un corso di recitazione inserito in orario scolastico, un modulo di un\u2019ora di religione e un\u2019ora di coro scolastico.<\/li>\n<\/ul>\n<p>(http:\/\/www.marcellinequadronno.it\/istituto\/scuola-secondaria\/)<\/p>\n<ul>\n<li>al Liceo Linguistico pomeridiano la compensazione di alcune ore Scienze motorie con ore di danza.<\/li>\n<\/ul>\n<p>L\u2019orario scolastico prevede per quanto possibile un\u2019equa distribuzione delle discipline di studio nei vari pomeriggi della settimana, affinch\u00e9 gli alunni ballerini e ballerine della Secondaria di I grado siano portati ad organizzare la propria attivit\u00e0 pomeridiana (e talvolta serale, entro certi limiti), coniugando adeguatamente il tempo-studio e il tempo-danza.<\/p>\n<p>(<a href=\"http:\/\/www.marcellinequadronno.it\/istituto\/liceo-linguistico-pomeridiano\/\">www.marcellinequadronno.it\/istituto\/liceo-linguistico-pomeridiano\/<\/a>)<\/p>\n<p><strong><u>IL CONVITTO<\/u><\/strong><\/p>\n<p>La vocazione nazionale e internazionale di AUB , fin dalle origini, ha reso necessario un servizio di accoglienza in convitto per i\/le ballerini\/e alunni\/e della Scuola Secondaria di I grado e del Liceo Linguistico pomeridiano.<\/p>\n<p>Non si tratta, ovviamente, di una mera \u201csistemazione logistica\u201d dei\/delle ballerini\/e che provengono da ogni parte d\u2019Italia e anche dall\u2019estero. Il convitto infatti \u00e8 altamente funzionale al raggiungimento dell\u2019obiettivo finale condiviso da AUB e dalle Marcelline: aiutare i ballerini, in un contesto sereno, impegnato, altamente professionale, a realizzare il loro sogno legato alla danza, insieme ad una umanit\u00e0 degna della bellezza che praticano e a cui aspirano.<\/p>\n<p>Il convitto pu\u00f2 accogliere attualmente circa 80 allievi\/e, dal primo all\u2019ottavo anno di accademia; gli\/le alunne dal primo al quinto anno compreso godono di una location situata direttamente nel plesso \u201cstorico\u201d di via Quadronno 15; le maggiori, dal sesto all\u2019ottavo anno, sono inserite nella residenza universitaria S.Marcellina, sempre annessa alla scuola e alle sale di danza, in via Quadronno 23.<\/p>\n<p>La suddivisione \u00e8 comunque all\u2019interno dell\u2019unico \u201ccampus coreutico\u201d, comprendente danza, scuola, convitto, refettorio, ambienti dedicati al necessario (seppur breve, visti i ritmi della vita quotidiana!) relax.<\/p>\n<p>Gli\/Le alunni\/e dell\u2019uno e dell\u2019altro settore sono seguite da due tutor che operano in stretta sinergia tra loro e con i responsabili della scuola e dell\u2019accademia (presidi, direttrice di AUB, responsabile della comunit\u00e0 marcellina di Quadronno).<\/p>\n<p>Ogni specifica informazione riguardo al convitto nel suo complesso (orario, regolamento&#8230;) sar\u00e0 fornita attraverso i contatti dell\u2019Istituto Marcelline.<\/p>\n<p>(<a href=\"http:\/\/www.marcellinequadronno.it\/contatti\/\">www.marcellinequadronno.it\/contatti\/<\/a>)<\/p>\n<p>Per info dettagliate: 02.58316396 \u2013 segreteria@accademiaucraina.it<br \/>\n<a href=\"http:\/\/www.accademiaucraina.it\/\">www.accademiaucraina.it<\/a><\/p>\n<p>Via Quadronno, 15 Milano<\/p>\n<p>c\/o I.C.L. Marcelline<\/p>\n<p><strong><u>LA STORIA<\/u><\/strong><\/p>\n<p><strong>UKRAINSKAIA AKADEMIA BALETI &#8211; CENTRO INTERNAZIONALE PER LO SVILUPPO<\/strong><\/p>\n<p><strong>DELL\u2019ARTE COREOGRAFICA &#8211; SEDE DI KIEV<\/strong><\/p>\n<p>L\u2019UKRAINSKAIA AKADEMIA BALETI &#8211; CENTRO INTERNAZIONALE PER LO SVILUPPO DELL\u2019ARTE COREOGRAFICA \u00e8 stata fondata dalla Sig.ra Alvina Kalchenko, gi\u00e0 Prima Ballerina del Teatro dell\u2019Opera di Kiev e Onorata Artista dell\u2019ex Urss che oggi ne \u00e8 direttore artistico.<\/p>\n<p>Nel 1995 l\u2019UKRAINSKAIA AKADEMIA BALETI &#8211; CENTRO INTERNAZIONALE PER LO SVILUPPO DELL\u2019ARTE COREOGRAFICA approda in Italia al fine di diffondere la tradizione della Metodica Vaganova nell\u2019arte della danza classica e, per meglio rispondere alle esigenze della situazione italiana, nel 2005 si articola in due realt\u00e0 ben distinte e separate con obiettivi e finalit\u00e0 diverse:<\/p>\n<p><strong>ACCADEMIA UCRAINA DI BALLETTO (AUB)<\/strong><\/p>\n<p>L\u2019Accademia Ucraina di Balletto, con sede presso l\u2019Istituto delle Marcelline di Milano, svolge la sua attivit\u00e0 di SCUOLA PROFESSIONALE DI FORMAZIONE PER BALLERINI PROFESSIONISTI per studenti dagli 11 ai 20 anni con frequenza giornaliera per un totale di ore di studio settimanali da 12 a 18\/20. Alla fine di ogni anno accademico gli allievi devono sostenere un esame per il passaggio all\u2019anno successivo.<\/p>\n<p>L\u2019esame di diploma prevede invece, oltre all\u2019esame di danza classica, anche un esame per ciascuna delle materie complementari: repertorio, passo a due, carattere, danza contemporanea.<\/p>\n<p>L\u2019Accademia in collaborazione con l\u2019Istituto delle Marcelline, offre a tutti gli allievi la possibilit\u00e0 di frequentare le scuole medie e superiori e di usufruire di un convitto interno.<\/p>\n<p><strong>CENTRO INTERNAZIONALE DI BALLETTO \u2013 UCRAINA (C.I.B.U.)<\/strong><\/p>\n<p>In Italia il CENTRO INTERNAZIONALE DI BALLETTO ha come scopo la diffusione della Metodica Vaganova nelle scuole in cui gli allievi hanno la possibilit\u00e0 di studiare dalle due alle quattro volte alla settimana. A tale scopo i docenti del Centro, supervisionati dalla sig.ra Kalchenko, hanno creato dei Programmi ad hoc basandosi sulla Metodica Vaganova professionale. Il Centro Internazionale di Balletto Ucraina organizza quindi CORSI DI FORMAZIONE PER INSEGNANTI che si tengono presso la sede dell\u2019Accademia Ucraina di Balletto a Milano (www.cibu.it).<\/p>\n<p>&nbsp;<\/p>\n<p>&nbsp;<\/p>\n","protected":false},"excerpt":{"rendered":"<p>SABATO 16 FEBBRAIO OPEN DAY ACCADEMIA UCRAINA DI BALLETTO Via Quadronno, 15 Milano Dopo il grandissimo successo degli spettacoli al Teatro Arcimboldi di Milano, l\u2019Accademia Ucraina di Balletto apre le porte al pubblico per il suo Open Day nella nuova sede inaugurata il 7 ottobre 2017. Sabato 16 febbraio, dalle 11 in poi, la storica &hellip; <a href=\"https:\/\/www.gdapress.it\/it\/index.php\/69856\/spettacoli\/open-day-accademia-ucraina-di-balletto.html\" class=\"more-link\">Read more <span class=\"screen-reader-text\">OPEN DAY ACCADEMIA UCRAINA DI BALLETTO<\/span><\/a><\/p>\n","protected":false},"author":2,"featured_media":69857,"comment_status":"closed","ping_status":"open","sticky":false,"template":"","format":"standard","meta":{"footnotes":""},"categories":[8],"tags":[23732,23733,23734,2362],"class_list":["post-69856","post","type-post","status-publish","format-standard","has-post-thumbnail","hentry","category-spettacoli","tag-accademia-ucraina-di-balletto","tag-caterina-calvino-prina","tag-egor-scepaciov","tag-open-day"],"_links":{"self":[{"href":"https:\/\/www.gdapress.it\/it\/index.php\/wp-json\/wp\/v2\/posts\/69856","targetHints":{"allow":["GET"]}}],"collection":[{"href":"https:\/\/www.gdapress.it\/it\/index.php\/wp-json\/wp\/v2\/posts"}],"about":[{"href":"https:\/\/www.gdapress.it\/it\/index.php\/wp-json\/wp\/v2\/types\/post"}],"author":[{"embeddable":true,"href":"https:\/\/www.gdapress.it\/it\/index.php\/wp-json\/wp\/v2\/users\/2"}],"replies":[{"embeddable":true,"href":"https:\/\/www.gdapress.it\/it\/index.php\/wp-json\/wp\/v2\/comments?post=69856"}],"version-history":[{"count":1,"href":"https:\/\/www.gdapress.it\/it\/index.php\/wp-json\/wp\/v2\/posts\/69856\/revisions"}],"predecessor-version":[{"id":69860,"href":"https:\/\/www.gdapress.it\/it\/index.php\/wp-json\/wp\/v2\/posts\/69856\/revisions\/69860"}],"wp:featuredmedia":[{"embeddable":true,"href":"https:\/\/www.gdapress.it\/it\/index.php\/wp-json\/wp\/v2\/media\/69857"}],"wp:attachment":[{"href":"https:\/\/www.gdapress.it\/it\/index.php\/wp-json\/wp\/v2\/media?parent=69856"}],"wp:term":[{"taxonomy":"category","embeddable":true,"href":"https:\/\/www.gdapress.it\/it\/index.php\/wp-json\/wp\/v2\/categories?post=69856"},{"taxonomy":"post_tag","embeddable":true,"href":"https:\/\/www.gdapress.it\/it\/index.php\/wp-json\/wp\/v2\/tags?post=69856"}],"curies":[{"name":"wp","href":"https:\/\/api.w.org\/{rel}","templated":true}]}}