
{"id":69552,"date":"2019-01-23T00:47:22","date_gmt":"2019-01-22T22:47:22","guid":{"rendered":"http:\/\/www.gdapress.it\/it\/?p=69552"},"modified":"2019-01-23T00:47:22","modified_gmt":"2019-01-22T22:47:22","slug":"tutte-le-sfumature-del-pinot-nero-delloltrepo-pavese","status":"publish","type":"post","link":"https:\/\/www.gdapress.it\/it\/index.php\/69552\/enogastronomia\/tutte-le-sfumature-del-pinot-nero-delloltrepo-pavese.html","title":{"rendered":"TUTTE LE SFUMATURE DEL PINOT NERO DELL\u2019OLTREP\u00d2 PAVESE"},"content":{"rendered":"<p><img loading=\"lazy\" decoding=\"async\" class=\"alignleft size-large wp-image-69553\" src=\"http:\/\/www.gdapress.it\/it\/..\/public\/it\/2019\/01\/50418329_1206138302877569_2138727171756130304_n-500x254.jpg\" alt=\"\" width=\"500\" height=\"254\" srcset=\"https:\/\/www.gdapress.it\/it\/..\/public\/it\/2019\/01\/50418329_1206138302877569_2138727171756130304_n-500x254.jpg 500w, https:\/\/www.gdapress.it\/it\/..\/public\/it\/2019\/01\/50418329_1206138302877569_2138727171756130304_n-300x152.jpg 300w, https:\/\/www.gdapress.it\/it\/..\/public\/it\/2019\/01\/50418329_1206138302877569_2138727171756130304_n-768x390.jpg 768w, https:\/\/www.gdapress.it\/it\/..\/public\/it\/2019\/01\/50418329_1206138302877569_2138727171756130304_n.jpg 960w\" sizes=\"auto, (max-width: 500px) 100vw, 500px\" \/><\/p>\n<p>TUTTE LE SFUMATURE DEL PINOT NERO DELL\u2019OLTREP\u00d2 PAVESE<br \/>\nUno dei vitigni pi\u00f9 famosi al mondo a La Porta del Vino, dal 28 gennaio al 2 febbraio<br \/>\nMilano, 16 Gennaio 2019 \u2013 \u201cHa la buccia sottile, \u00e8 sensibile, matura presto. E, insomma&#8230; non \u00e8 una<br \/>\nforza come il Cabernet che riesce a crescere ovunque e fiorisce anche quando \u00e8 trascurato. No, al<br \/>\nPinot Nero servono cure e attenzioni. S\u00ec, infatti cresce soltanto in certi piccolissimi angoli nascosti del<br \/>\nmondo. E&#8230; e solo il pi\u00f9 paziente e amorevole dei coltivatori pu\u00f2 farcela, \u00e8 cos\u00ec. Solo chi si prende<br \/>\ndavvero il tempo di comprendere il potenziale del Pinot sa farlo rendere al massimo della sua<br \/>\nespressione. E inoltre, andiamo&#8230; oh, i suoi aromi sono i pi\u00f9 ammalianti e brillanti, eccitanti e sottili<br \/>\ne antichi del nostro pianeta.\u201d (da Sideways).<br \/>\nLa Porta del Vino, il luogo voluto dal Movimento Turismo del Vino Lombardo a Milano, inaugura le<br \/>\nattivit\u00e0 del nuovo anno con una settimana dedicata ad una gamma di vini di assoluto prestigio. Dal<br \/>\n28 gennaio al 2 febbraio si potranno infatti apprezzare tutte le sfumature del Pinot Nero,<br \/>\nnell\u2019interpretazione che ne danno alcuni tra i vignaioli pi\u00f9 attenti dell\u2019Oltrep\u00f2 Pavese.<\/p>\n<p>\u201cDopo le settimane dedicate a zone pi\u00f9 piccole e poco note \u2013 afferma Carlo Pietrasanta,<br \/>\nvicepresidente del Movimento Turismo del Vino Lombardo, animatore del progetto LA PORTA DEL<br \/>\nVINO e vignaiolo \u2013 \u00e8 doveroso guardare anche ai territori che hanno certamente fatto grande e<br \/>\nimportante la produzione vitivinicola della nostra Regione. Non possiamo ignorare che l\u2019Oltrep\u00f2<br \/>\nPavese \u00e8 una delle zone di produzione pi\u00f9 importanti d\u2019Italia per numero di aziende e per volumi di<br \/>\nproduzione. Aggiungo: possiamo dire anche, in molti casi, per la qualit\u00e0 assoluta della produzione\u201d.<br \/>\nClaudio Maspes \u2013 responsabile delle degustazioni de La Porta del Vino, formatore e Direttore dei<br \/>\nCorsi ASPI per Milano e Provincia \u2013 spiega: \u201cOltre ad essere stati per decenni i pi\u00f9 consumati nelle<br \/>\nfamiglie milanesi, quelli dell\u2019Oltrep\u00f2 sono anche vini che hanno conosciuto una crescita qualitativa<br \/>\nimpressionante, grazie ad alcuni produttori illuminati che non si sono accontentati di facili ma<br \/>\ntemporanei successi. E le grandi e multiformi espressioni di questo straordinario vitigno &#8211; il Pinot<br \/>\nNero \u2013 che conosceremo nel corso della settimana sono probabilmente la bandiera pi\u00f9 illustre di<br \/>\nquesto territorio.\u201d<br \/>\n\u201cAffascinante, difficile, faticoso, raffinato: il Pinot Nero \u00e8 una delle scommesse pi\u00f9 impegnative per<br \/>\nqualsiasi vignaiolo e qualsiasi enologo, \u2013 sostiene Valeria Radici Odero dell\u2019Azienda Frecciarossa,<br \/>\nuna tra le pi\u00f9 prestigiose della zona, storicamente legata alla coltivazione di questo grande vitigno &#8211; che per\u00f2 in Oltrep\u00f2 Pavese ha trovato una delle sue case d\u2019elezione, tanto che pu\u00f2 dare risultati di<br \/>\ngrandissimo valore in forme diversissime tra loro, dai bianchi ai grandi Metodo Classico fino alle<br \/>\nvinificazioni pi\u00f9 importanti in rosso e in rosso riserva. L\u2019importante \u00e8 lavorare in modo serio e preciso,<br \/>\nper ottenere dei vini che possono reggere il confronto con le produzioni pi\u00f9 blasonate al mondo\u201d.<br \/>\nProprio per presentare questa straordinaria variet\u00e0, ciascuna serata di questa settimana alla Porta<br \/>\ndel Vino sar\u00e0 dedicata ad una delle \u201csfumature\u201d possibili della vinificazione del Pinot Nero: bianchi,<br \/>\nMetodo Classico in bianco e in rosa, grandi rossi.<br \/>\n\u201cSperiamo che queste giornate suscitino l\u2019interesse che meritano negli appassionati e nei<br \/>\nprofessionisti del vino: crediamo che le aziende e le etichette che presentiamo siano di assoluto<br \/>\nvalore. E siamo molto contenti che gli amici di ABS Wine &amp; Spirits abbiano voluto intensificare e<br \/>\napprofondire la collaborazione con noi su queste iniziative e condividano la nostra strategia. Milano<br \/>\nne ha bisogno.\u201d conclude Carlo Pietrasanta.<br \/>\nLA PORTA DEL VINO \u2013 Piazza Cinque Giornate 16, Milano<br \/>\nUbicato nell\u2019edificio che una volta ospitava uno dei caselli daziari di accesso alla citt\u00e0 lungo le<br \/>\ncosiddette mura spagnole, questo luogo nasce con lo scopo di divulgare al grande pubblico milanese<br \/>\nla grande variet\u00e0 e ricchezza del patrimonio vitivinicolo lombardo e italiano<\/p>\n","protected":false},"excerpt":{"rendered":"<p>TUTTE LE SFUMATURE DEL PINOT NERO DELL\u2019OLTREP\u00d2 PAVESE Uno dei vitigni pi\u00f9 famosi al mondo a La Porta del Vino, dal 28 gennaio al 2 febbraio Milano, 16 Gennaio 2019 \u2013 \u201cHa la buccia sottile, \u00e8 sensibile, matura presto. E, insomma&#8230; non \u00e8 una forza come il Cabernet che riesce a crescere ovunque e fiorisce &hellip; <a href=\"https:\/\/www.gdapress.it\/it\/index.php\/69552\/enogastronomia\/tutte-le-sfumature-del-pinot-nero-delloltrepo-pavese.html\" class=\"more-link\">Read more <span class=\"screen-reader-text\">TUTTE LE SFUMATURE DEL PINOT NERO DELL\u2019OLTREP\u00d2 PAVESE<\/span><\/a><\/p>\n","protected":false},"author":2,"featured_media":69553,"comment_status":"closed","ping_status":"open","sticky":false,"template":"","format":"standard","meta":{"footnotes":""},"categories":[20],"tags":[23635,23633,4806,23634],"class_list":["post-69552","post","type-post","status-publish","format-standard","has-post-thumbnail","hentry","category-enogastronomia","tag-carlo-pietrasanta","tag-la-porta-del-vino","tag-oltrepo-pavese","tag-pinot-nero"],"_links":{"self":[{"href":"https:\/\/www.gdapress.it\/it\/index.php\/wp-json\/wp\/v2\/posts\/69552","targetHints":{"allow":["GET"]}}],"collection":[{"href":"https:\/\/www.gdapress.it\/it\/index.php\/wp-json\/wp\/v2\/posts"}],"about":[{"href":"https:\/\/www.gdapress.it\/it\/index.php\/wp-json\/wp\/v2\/types\/post"}],"author":[{"embeddable":true,"href":"https:\/\/www.gdapress.it\/it\/index.php\/wp-json\/wp\/v2\/users\/2"}],"replies":[{"embeddable":true,"href":"https:\/\/www.gdapress.it\/it\/index.php\/wp-json\/wp\/v2\/comments?post=69552"}],"version-history":[{"count":1,"href":"https:\/\/www.gdapress.it\/it\/index.php\/wp-json\/wp\/v2\/posts\/69552\/revisions"}],"predecessor-version":[{"id":69554,"href":"https:\/\/www.gdapress.it\/it\/index.php\/wp-json\/wp\/v2\/posts\/69552\/revisions\/69554"}],"wp:featuredmedia":[{"embeddable":true,"href":"https:\/\/www.gdapress.it\/it\/index.php\/wp-json\/wp\/v2\/media\/69553"}],"wp:attachment":[{"href":"https:\/\/www.gdapress.it\/it\/index.php\/wp-json\/wp\/v2\/media?parent=69552"}],"wp:term":[{"taxonomy":"category","embeddable":true,"href":"https:\/\/www.gdapress.it\/it\/index.php\/wp-json\/wp\/v2\/categories?post=69552"},{"taxonomy":"post_tag","embeddable":true,"href":"https:\/\/www.gdapress.it\/it\/index.php\/wp-json\/wp\/v2\/tags?post=69552"}],"curies":[{"name":"wp","href":"https:\/\/api.w.org\/{rel}","templated":true}]}}