
{"id":68602,"date":"2018-11-05T00:22:31","date_gmt":"2018-11-04T22:22:31","guid":{"rendered":"http:\/\/www.gdapress.it\/it\/?p=68602"},"modified":"2018-11-05T00:22:31","modified_gmt":"2018-11-04T22:22:31","slug":"dieci-anni-di-prove-aperte-una-comunita-cresce-con-la-musica-a-fianco-del-non-profit","status":"publish","type":"post","link":"https:\/\/www.gdapress.it\/it\/index.php\/68602\/musica\/dieci-anni-di-prove-aperte-una-comunita-cresce-con-la-musica-a-fianco-del-non-profit.html","title":{"rendered":"Dieci anni di Prove Aperte: una comunit\u00e0 cresce con la musica a fianco del non profit"},"content":{"rendered":"<figure id=\"attachment_68603\" aria-describedby=\"caption-attachment-68603\" style=\"width: 300px\" class=\"wp-caption alignleft\"><img loading=\"lazy\" decoding=\"async\" class=\"size-medium wp-image-68603\" src=\"http:\/\/www.gdapress.it\/it\/..\/public\/it\/2018\/11\/MG_2566-300x200.jpg\" alt=\"\" width=\"300\" height=\"200\" srcset=\"https:\/\/www.gdapress.it\/it\/..\/public\/it\/2018\/11\/MG_2566-300x200.jpg 300w, https:\/\/www.gdapress.it\/it\/..\/public\/it\/2018\/11\/MG_2566-768x512.jpg 768w, https:\/\/www.gdapress.it\/it\/..\/public\/it\/2018\/11\/MG_2566-500x333.jpg 500w, https:\/\/www.gdapress.it\/it\/..\/public\/it\/2018\/11\/MG_2566-720x480.jpg 720w, https:\/\/www.gdapress.it\/it\/..\/public\/it\/2018\/11\/MG_2566-272x182.jpg 272w, https:\/\/www.gdapress.it\/it\/..\/public\/it\/2018\/11\/MG_2566.jpg 1500w\" sizes=\"auto, (max-width: 300px) 100vw, 300px\" \/><figcaption id=\"caption-attachment-68603\" class=\"wp-caption-text\">Prove Aperte &#8211; Riccardo Chailly &#8211; Filarmonica della Scala<\/figcaption><\/figure>\n<p><strong>Dieci anni di Prove Aperte: una comunit\u00e0 cresce con la musica a fianco del non profit<\/strong><\/p>\n<p><strong><em>Quattro appuntamenti con la Filarmonica della Scala per contribuire a progetti a sostegno dell\u2019infanzia in difficolt\u00e0<\/em><\/strong><\/p>\n<p><strong><em>Prova Aperta inaugurale con Riccardo Chailly dedicata agli utenti dei servizi sociali<\/em><\/strong><\/p>\n<p><strong><em>Da oggi in vendita carnet e biglietti per gli appuntamenti dal 10 marzo al 12 ottobre 2019<\/em><\/strong><\/p>\n<p>Con l\u2019appuntamento gratuito diretto da <strong>Riccardo Chailly, domenica 11 novembre 2018<\/strong>, in occasione dell\u2019inaugurazione della 37ma Stagione di Concerti, la Filarmonica della Scala celebra il <strong>decimo anniversario dell\u2019iniziativa Prove Aperte <\/strong>a favore del non profit con<strong> 47 serate benefiche, 78.124 spettatori,<\/strong> <strong>oltre 1 milione e 100 mila euro raccolti<\/strong>, <strong>37 associazioni sostenute<\/strong> <strong>dal 2010.<\/strong><\/p>\n<p>Sono questi i numeri di un progetto di responsabilit\u00e0 sociale nato dalla sinergia tra istituzioni pubbliche e private, societ\u00e0 civile e associazioni cittadine, in cui la musica diventa strumento di condivisione per un obiettivo pi\u00f9 ampio. In dieci anni, insieme al Comune di Milano, al Main Partner UniCredit e a UniCredit Foundation, con la collaborazione del Teatro alla Scala e di tutti i cittadini, le Prove Aperte della Filarmonica hanno contribuito a sostenere progetti di utilit\u00e0 sociale e scientifica, coinvolgendo istituzioni che ogni giorno si prendono cura dei bambini e degli anziani, fronteggiano le povert\u00e0, aiutano persone con diverse abilit\u00e0, ricercano nuove terapie mediche e operano tra i bisogni delle periferie e delle aree in difficolt\u00e0.<\/p>\n<p>Il successo decretato dalla grande partecipazione pubblica rende ormai il ciclo un appuntamento molto atteso dell\u2019offerta culturale milanese, una piccola stagione dedicata che permette al pubblico di assistere alla messa a punto di grandi concerti a prezzi contenuti, ed essere parte di un grande progetto di solidariet\u00e0. La nuova edizione conferma l\u2019attenzione verso l\u2019iniziativa che coinvolge un numero sempre pi\u00f9 ampio di fedeli frequentatori quanto di nuovi appassionati che si avvicinano per la prima volta al Teatro e alla musica in un contesto informale e partecipativo.<\/p>\n<p>Le Prove Aperte 2018-2019 coinvolgono quattro realt\u00e0 milanesi che si dedicano ai <strong>bambini in difficolt\u00e0<\/strong>: <strong>Fondazione Arch\u00e9<\/strong>, <strong>Fondazione Casa della carit\u00e0<\/strong>, <strong>L\u2019abilit\u00e0<\/strong> e <strong>L\u2019aliante<\/strong>. I fondi raccolti, in particolare, sosterranno la realizzazione di spazi sicuri per nuclei mamma-bambino, aree gioco adeguate a bambini con disabilit\u00e0 e laboratori esperienziali per adolescenti particolarmente fragili.<\/p>\n<p>Domenica <strong>11 novembre 2018<\/strong> l\u2019anteprima gratuita a invito \u00e8 destinata alle persone seguite dai servizi sociali del Comune di Milano e agli utenti del settore politiche giovanili. A dirigere \u00e8 <strong>Riccardo Chailly<\/strong>, con <strong>Maxim Vengerov <\/strong>violino solista, in occasione dell\u2019apertura della Stagione Filarmonica del 12 novembre.<\/p>\n<p>I quattro appuntamenti a pagamento sono in programma domenica <strong>10 marzo 2019<\/strong>, direttore <strong>Edward Gardner<\/strong> e <strong>Igor Levit<\/strong> al pianoforte, a favore di <strong>Fondazione Arch\u00e9<\/strong>; domenica <strong>14 aprile,<\/strong> prova diretta da <strong>Myung-Whun Chung<\/strong>, con <strong>Sergey Khachatryan <\/strong>violino, a favore della <strong>Fondazione Casa della carit\u00e0<\/strong>. La prova di domenica <strong>28 aprile<\/strong> con <strong>Riccardo Chailly<\/strong> e <strong>Emmanuel Tjeknavorian<\/strong> al violino \u00e8 dedicata all\u2019associazione <strong>L\u2019abilit\u00e0<\/strong>. Il ciclo si conclude sabato <strong>12 ottobre<\/strong> con la prova diretta da <strong>Daniel Harding<\/strong> e con <strong>Isabelle Faust<\/strong> al violino, a sostegno di <strong>Fondazione L\u2019aliante<\/strong>.<\/p>\n<p>La formula che permette di assistere a una prova musicale si arricchisce come sempre dell\u2019esperienza di una breve guida all\u2019ascolto, del rivelarsi del \u201cdietro le quinte\u201d in un\u2019atmosfera informale di vicinanza con l\u2019orchestra e il suo direttore.<\/p>\n<p>I <strong>carnet<\/strong> (da 20\u20ac a 140\u20ac) sono in vendita a partire da mercoled\u00ec 31 ottobre 2018. I<strong> biglietti per le singole esibizioni<\/strong> (da 5\u20ac a 35\u20ac) saranno in vendita da mercoled\u00ec 9 gennaio 2019.<\/p>\n<p>Informazioni e prevendite: 02 465 467 467 (luned\u00ec\/venerd\u00ec, ore 10-13 e 14-17).<\/p>\n<p>Tutte le informazioni su <strong>filarmonica.it\/proveaperte<\/strong> <strong>#ProveAperte<\/strong><\/p>\n<p>L\u2019iniziativa Prove Aperte \u00e8 resa possibile grazie alla disponibilit\u00e0 dei musicisti dell\u2019orchestra, dei direttori e dei solisti, alla collaborazione tra il <strong>Teatro alla Scala<\/strong>, il <strong>Comune di Milano<\/strong> e il Main Partner <strong>UniCredit<\/strong>, a cui si aggiunge quest\u2019anno <strong>Esselunga<\/strong>; grazie infine al sostegno di <strong>UniCredit Foundation<\/strong>, che individua l\u2019area d\u2019intervento, valuta i progetti delle organizzazioni non profit e copre i costi organizzativi.<\/p>\n<p>Il progetto gode del Patrocinio di <strong>Comune di Milano<\/strong>,<strong> Citt\u00e0 Metropolitana<\/strong> e<strong> Regione Lombardia<\/strong>. <strong>ViviMilano<\/strong> e <strong>Radio Popolare<\/strong> sono Media Partner dell\u2019iniziativa. Il coordinamento generale \u00e8 affidato ad <strong>Aragorn<\/strong>.<\/p>\n<p><strong>Nove edizioni di Prove Aperte: un impegno concreto<\/strong><\/p>\n<p>L\u2019attenzione della Filarmonica per il sociale \u00e8 testimoniata dalle numerose iniziative promosse dall\u2019Orchestra fin dal 1984, sia con serate dedicate alla raccolta fondi, sia con concerti pubblici dal grande valore simbolico che hanno contraddistinto la sua attivit\u00e0 dalla sua creazione con Claudio Abbado.<\/p>\n<p>Dopo le prime due edizioni, in occasione delle quali sono stati scelti enti non profit fortemente radicati nella comunit\u00e0 milanese (<strong>Fondazione Don Gnocchi<\/strong>, <strong>Fondazione<\/strong> <strong>Arch\u00e9<\/strong>, <strong>Fondazione Casa della carit\u00e0<\/strong> e <strong>Fondazione Floriani<\/strong> nel 2010, <strong>Comunit\u00e0 Nuova<\/strong>, <strong>Vidas<\/strong>, <strong>Centro per anziani \u201cErcole Ratti\u201d<\/strong>, <strong>Scuola Italiana di Senologia <\/strong>e <strong>Opera San Francesco per i Poveri<\/strong> nel 2011), i cicli degli anni seguenti hanno avuto un unico filo conduttore.<\/p>\n<p>La cura dei bambini \u00e8 stata protagonista nel 2012, con <strong>Bambini senza Sbarre<\/strong>, <strong>CasAmica<\/strong>, <strong>Comin<\/strong> e <strong>OBM<\/strong>. Nel 2013 \u00e8 stata la volta della lotta alla povert\u00e0, con <strong>Opera Cardinal Ferrari<\/strong>, <strong>Centro Francescano Maria della Passione<\/strong>, <strong>Cena dell\u2019Amicizia<\/strong> e <strong>Pane Quotidiano<\/strong>. <strong>Caritas Ambrosiana<\/strong>, <strong>Auser Volontariato Milano<\/strong>, <strong>Fondazione Progetto Arca<\/strong> e <strong>Associazione Seneca<\/strong>, impegnate nell\u2019assistenza agli anziani, hanno beneficiato dell\u2019iniziativa nel 2014. Il tema dell\u2019edizione 2015 \u00e8 stato invece il sostegno alle persone con disabilit\u00e0, con <strong>UILDM Milano<\/strong>, <strong>HANDICAP&#8230;su la testa!<\/strong>, <strong>Associazione iSemprevivi+ onlus<\/strong> e <strong>Progetto Itaca<\/strong>. La ricerca scientifica \u00e8 stata il focus dell\u2019edizione 2016, con <strong>Fondazione IEO &#8211; CCM<\/strong>, <strong>Fondazione IRCCS Istituto Neurologico Carlo Besta<\/strong>, <strong>Fondazione Centro San Raffaele<\/strong> e <strong>Fondazione IRCCS Istituto Nazionale dei Tumori<\/strong>. Protagonisti nel 2017 sono stati <strong>La Strada Onlus<\/strong>,<strong> La Lanterna Onlus<\/strong>,<strong> Amici di Edoardo Onlus <\/strong>e<strong> Azione Solidale Onlus<\/strong> e i loro progetti a favore dei giovani nelle periferie. Nel 2018, infine, hanno beneficiato delle Prove Aperte <strong>Societ\u00e0 Umanitaria<\/strong>, <strong>Fondazione IRCCS Ca\u2019 Granda Ospedale Maggiore Policlinico<\/strong>, <strong>Cooperativa Sociale Eureka!<\/strong> e <strong>Societ\u00e0 di San Vincenzo De Paoli<\/strong>, che si occupano del benessere e della qualit\u00e0 di vita nella terza et\u00e0.<\/p>\n<p>Al progetto hanno aderito generosamente alcuni dei pi\u00f9 prestigiosi musicisti del nostro tempo, tra i quali <strong>Marc Albrecht<\/strong>,<strong> Daniel Barenboim<\/strong>,<strong> Semyon Bychkov<\/strong>, <strong>Riccardo Chailly<\/strong>,<strong> Myung-Whun Chung<\/strong>, <strong>Ottavio Dantone<\/strong>, <strong>Christoph<\/strong> <strong>Eschenbach<\/strong>, <strong>Daniele Gatti<\/strong>, <strong>Valery Gergiev<\/strong>, <strong>Daniel Harding<\/strong>, <strong>Fabio Luisi<\/strong>,<strong> Zubin Mehta<\/strong>, <strong>Gianandrea Noseda<\/strong>, <strong>Andr\u00e9s Orozco-Estrada<\/strong> e <strong>Georges Pr\u00eatre<\/strong>, oltre ai musicisti dell\u2019Orchestra.<\/p>\n<p><strong>Calendario Prove Aperte 2019<\/strong><\/p>\n<p><strong>Domenica 11 novembre 2018, ore 19.30 <\/strong><\/p>\n<p><strong>Anteprima a invito<\/strong><\/p>\n<p><strong>Riccardo Chailly, direttore<\/strong><\/p>\n<p><strong>Maxim Vengerov, violino<\/strong><\/p>\n<p>\u0160ostakovi\u010d, Concerto n.1 in la minore op.77<\/p>\n<p>Bart\u00f3k, Concerto per orchestra<\/p>\n<p><strong>Domenica 10 marzo 2019, ore 19.30<\/strong><\/p>\n<p><strong>A favore di Fondazione Arch\u00e9<\/strong><\/p>\n<p><strong>Edward Gardner, direttore<\/strong><\/p>\n<p><strong>Igor Levit, pianoforte<\/strong><\/p>\n<p>Jan\u00e1\u010dek, Jealousy, Prelude dall\u2019opera Jenufa<\/p>\n<p>Beethoven, Concerto n.4 in sol maggiore op.58 per Pianoforte e Orchestra<\/p>\n<p>Dvo\u0159\u00e1k, Sinfonia n.7 in re minore op.70<\/p>\n<p><strong>Domenica 14 aprile 2019, ore 19.30<\/strong><\/p>\n<p><strong>A favore di Fondazione Casa della carit\u00e0<\/strong><\/p>\n<p><strong>Myung-Whun Chung, direttore<\/strong><\/p>\n<p><strong>Sergey Khachatryan, violino<\/strong><\/p>\n<p>Bruch, Concerto n.1 in sol minore op.26 per Violino e Orchestra<\/p>\n<p>Mahler, Sinfonia n.1 in re maggiore \u201cTitan\u201d<\/p>\n<p><strong>Domenica 28 aprile 2019 ore 19.30<\/strong><\/p>\n<p><strong>A favore di L\u2019abilit\u00e0<\/strong><\/p>\n<p><strong>Riccardo Chailly, direttore<\/strong><\/p>\n<p><strong>Emmanuel Tjeknavorian, violino<\/strong><\/p>\n<p>Sibelius, Concerto in re minore op.47 per Violino e Orchestra<\/p>\n<p>Brahms, Sinfonia n.1 in do minore op.68<\/p>\n<p><strong>Sabato 12 ottobre 2019 ore 19.30<\/strong><\/p>\n<p><strong>A favore di Fondazione L\u2019aliante<\/strong><\/p>\n<p><strong>Daniel Harding, direttore<\/strong><\/p>\n<p><strong>Isabelle Faust, violino<\/strong><\/p>\n<p>Britten, Concerto in re minore op.15 per Violino e Orchestra<\/p>\n<p>Berlioz, Sinfonia Fantastica op.14<\/p>\n<p><strong>\u00a0<\/strong><\/p>\n<p><strong>Carnet in vendita : da 20\u20ac a 140\u20ac (esclusi diritti di prevendita).<\/strong><\/p>\n<p><strong>Biglietti singoli in vendita da mercoled\u00ec 9 gennaio 2019: da 5\u20ac a 35\u20ac (esclusi diritti di prevendita).<\/strong><\/p>\n<p><strong>Informazioni e prevendita telefonica: 02 465 467 467<\/strong> (da luned\u00ec a venerd\u00ec ore 10\/13 e 14\/17).<\/p>\n<p><strong>\u00a0<\/strong><\/p>\n","protected":false},"excerpt":{"rendered":"<p>Dieci anni di Prove Aperte: una comunit\u00e0 cresce con la musica a fianco del non profit Quattro appuntamenti con la Filarmonica della Scala per contribuire a progetti a sostegno dell\u2019infanzia in difficolt\u00e0 Prova Aperta inaugurale con Riccardo Chailly dedicata agli utenti dei servizi sociali Da oggi in vendita carnet e biglietti per gli appuntamenti dal &hellip; <a href=\"https:\/\/www.gdapress.it\/it\/index.php\/68602\/musica\/dieci-anni-di-prove-aperte-una-comunita-cresce-con-la-musica-a-fianco-del-non-profit.html\" class=\"more-link\">Read more <span class=\"screen-reader-text\">Dieci anni di Prove Aperte: una comunit\u00e0 cresce con la musica a fianco del non profit<\/span><\/a><\/p>\n","protected":false},"author":2,"featured_media":68603,"comment_status":"closed","ping_status":"open","sticky":false,"template":"","format":"standard","meta":{"footnotes":""},"categories":[19],"tags":[14542,1676,16776],"class_list":["post-68602","post","type-post","status-publish","format-standard","has-post-thumbnail","hentry","category-musica","tag-filarmonica-della-scala","tag-prove-aperte","tag-riccardo-chailly"],"_links":{"self":[{"href":"https:\/\/www.gdapress.it\/it\/index.php\/wp-json\/wp\/v2\/posts\/68602","targetHints":{"allow":["GET"]}}],"collection":[{"href":"https:\/\/www.gdapress.it\/it\/index.php\/wp-json\/wp\/v2\/posts"}],"about":[{"href":"https:\/\/www.gdapress.it\/it\/index.php\/wp-json\/wp\/v2\/types\/post"}],"author":[{"embeddable":true,"href":"https:\/\/www.gdapress.it\/it\/index.php\/wp-json\/wp\/v2\/users\/2"}],"replies":[{"embeddable":true,"href":"https:\/\/www.gdapress.it\/it\/index.php\/wp-json\/wp\/v2\/comments?post=68602"}],"version-history":[{"count":1,"href":"https:\/\/www.gdapress.it\/it\/index.php\/wp-json\/wp\/v2\/posts\/68602\/revisions"}],"predecessor-version":[{"id":68604,"href":"https:\/\/www.gdapress.it\/it\/index.php\/wp-json\/wp\/v2\/posts\/68602\/revisions\/68604"}],"wp:featuredmedia":[{"embeddable":true,"href":"https:\/\/www.gdapress.it\/it\/index.php\/wp-json\/wp\/v2\/media\/68603"}],"wp:attachment":[{"href":"https:\/\/www.gdapress.it\/it\/index.php\/wp-json\/wp\/v2\/media?parent=68602"}],"wp:term":[{"taxonomy":"category","embeddable":true,"href":"https:\/\/www.gdapress.it\/it\/index.php\/wp-json\/wp\/v2\/categories?post=68602"},{"taxonomy":"post_tag","embeddable":true,"href":"https:\/\/www.gdapress.it\/it\/index.php\/wp-json\/wp\/v2\/tags?post=68602"}],"curies":[{"name":"wp","href":"https:\/\/api.w.org\/{rel}","templated":true}]}}