
{"id":68599,"date":"2018-11-04T23:33:34","date_gmt":"2018-11-04T21:33:34","guid":{"rendered":"http:\/\/www.gdapress.it\/it\/?p=68599"},"modified":"2018-11-04T23:33:34","modified_gmt":"2018-11-04T21:33:34","slug":"riflessi-a-moacasa","status":"publish","type":"post","link":"https:\/\/www.gdapress.it\/it\/index.php\/68599\/design\/riflessi-a-moacasa.html","title":{"rendered":"Riflessi a Moacasa"},"content":{"rendered":"<p><img loading=\"lazy\" decoding=\"async\" class=\"alignleft size-medium wp-image-68600\" src=\"http:\/\/www.gdapress.it\/it\/..\/public\/it\/2018\/11\/Riflessi@Moacasa-2018-9-300x193.jpeg\" alt=\"\" width=\"300\" height=\"193\" srcset=\"https:\/\/www.gdapress.it\/it\/..\/public\/it\/2018\/11\/Riflessi@Moacasa-2018-9-300x193.jpeg 300w, https:\/\/www.gdapress.it\/it\/..\/public\/it\/2018\/11\/Riflessi@Moacasa-2018-9-768x493.jpeg 768w, https:\/\/www.gdapress.it\/it\/..\/public\/it\/2018\/11\/Riflessi@Moacasa-2018-9-500x321.jpeg 500w, https:\/\/www.gdapress.it\/it\/..\/public\/it\/2018\/11\/Riflessi@Moacasa-2018-9.jpeg 1597w\" sizes=\"auto, (max-width: 300px) 100vw, 300px\" \/><\/p>\n<p>In occasione della 44esima edizione di <strong>Moacasa<\/strong>, la fiera leader nel settore mobili e arredamento per il centro e sud Italia che raccoglie i migliori marchi del Made in Italy, <strong>Riflessi<\/strong> si presenta per la prima volta con uno stand proprio che conta circa 200mq, nel quale espone numerose novit\u00e0 di prodotto.<\/p>\n<p>Dal 27 ottobre al 4 novembre, <strong>Moacasa<\/strong> sar\u00e0 catalizzatrice degli stili e delle tendenze del momento, che <strong>Riflessi<\/strong> interpreta dando ancora prova di saper combinare design e funzionalit\u00e0, in una continua ricerca del bello ma anche di flessibilit\u00e0, ampliando la gamma degli stili di alcuni dei suoi prodotti iconici e accrescendone la gi\u00e0 ricca possibilit\u00e0 di personalizzazione.<\/p>\n<p>Tra le novit\u00e0 assolute presentate per la prima volta proprio durante i giorni della fiera ci sono <strong>Round<\/strong> e <strong>Square<\/strong>, i tavoli di dimensioni contenute ma allungabili con base in alluminio a scelta tra le numerose proposte firmate <strong>Riflessi<\/strong>. Come si pu\u00f2 intuire dal loro nome, i piani di questi tavoli sono rispettivamente tondo e quadrato, e verranno presentati nella splendida finitura in Bianco Statuario. Ci\u00f2 che rende sorprendenti questi tavoli \u00e8 la loro estrema praticit\u00e0: <strong>Round<\/strong> parte da una base di un diametro di 100cm e <strong>Square<\/strong> da una piano di 100x100cm ma entrambi possono raggiungere una lunghezza di 150cm con un\u2019ulteriore estensione sino a 170cm quando il piano misura 120cm.<\/p>\n<p>Eleganza e comfort sono le parole chiave delle nuove <strong>Brigitte<\/strong>, <strong>Cherie<\/strong> ed <strong>Angy<\/strong>, le sedie con gambe in legno e seduta imbottita, disponibili con schienale alto o basso. Ognuno di questi tre capolavori d\u2019artigianato, che presentano un mix materico di grande impatto visivo, ha una particolarit\u00e0 che lo distingue dagli altri: <strong>Brigitte<\/strong> si caratterizza per la sua pulizia formale, <strong>Cherie<\/strong> per l\u2019applicazione di un sottile cuscino sulla seduta e sullo schienale ed <strong>Angy<\/strong> per l\u2019ergonomia del suo schienale.<\/p>\n<p><strong>Mito<\/strong>, uno degli specchi pi\u00f9 rappresentativi nella storia di <strong>Riflessi<\/strong>, si rif\u00e0 il look: la cornice in alluminio martellata singolarmente a mano, non rinuncia all\u2019artigianalit\u00e0 che rende ogni pezzo unico e diverso da qualunque altro, ma d\u00e0 ancor pi\u00f9 libert\u00e0 all\u2019artista artigiano, che crea una nuova affascinante modellatura con una bombatura pi\u00f9 accentuata, applicabile sia nella versione quadrata che rettangolare dello specchio.<\/p>\n<p><strong>Moacasa<\/strong> si conferma cos\u00ec un appuntamento importante per <strong>Riflessi<\/strong>, un momento per incontrare il pubblico e coglierne sempre di pi\u00f9 le esigenze, proponendo soluzioni che emozionino e valorizzino il saper fare italiano.<\/p>\n","protected":false},"excerpt":{"rendered":"<p>In occasione della 44esima edizione di Moacasa, la fiera leader nel settore mobili e arredamento per il centro e sud Italia che raccoglie i migliori marchi del Made in Italy, Riflessi si presenta per la prima volta con uno stand proprio che conta circa 200mq, nel quale espone numerose novit\u00e0 di prodotto. Dal 27 ottobre &hellip; <a href=\"https:\/\/www.gdapress.it\/it\/index.php\/68599\/design\/riflessi-a-moacasa.html\" class=\"more-link\">Read more <span class=\"screen-reader-text\">Riflessi a Moacasa<\/span><\/a><\/p>\n","protected":false},"author":2,"featured_media":68600,"comment_status":"closed","ping_status":"open","sticky":false,"template":"","format":"standard","meta":{"footnotes":""},"categories":[32],"tags":[23220,21227],"class_list":["post-68599","post","type-post","status-publish","format-standard","has-post-thumbnail","hentry","category-design","tag-moacasa","tag-riflessi"],"_links":{"self":[{"href":"https:\/\/www.gdapress.it\/it\/index.php\/wp-json\/wp\/v2\/posts\/68599","targetHints":{"allow":["GET"]}}],"collection":[{"href":"https:\/\/www.gdapress.it\/it\/index.php\/wp-json\/wp\/v2\/posts"}],"about":[{"href":"https:\/\/www.gdapress.it\/it\/index.php\/wp-json\/wp\/v2\/types\/post"}],"author":[{"embeddable":true,"href":"https:\/\/www.gdapress.it\/it\/index.php\/wp-json\/wp\/v2\/users\/2"}],"replies":[{"embeddable":true,"href":"https:\/\/www.gdapress.it\/it\/index.php\/wp-json\/wp\/v2\/comments?post=68599"}],"version-history":[{"count":1,"href":"https:\/\/www.gdapress.it\/it\/index.php\/wp-json\/wp\/v2\/posts\/68599\/revisions"}],"predecessor-version":[{"id":68601,"href":"https:\/\/www.gdapress.it\/it\/index.php\/wp-json\/wp\/v2\/posts\/68599\/revisions\/68601"}],"wp:featuredmedia":[{"embeddable":true,"href":"https:\/\/www.gdapress.it\/it\/index.php\/wp-json\/wp\/v2\/media\/68600"}],"wp:attachment":[{"href":"https:\/\/www.gdapress.it\/it\/index.php\/wp-json\/wp\/v2\/media?parent=68599"}],"wp:term":[{"taxonomy":"category","embeddable":true,"href":"https:\/\/www.gdapress.it\/it\/index.php\/wp-json\/wp\/v2\/categories?post=68599"},{"taxonomy":"post_tag","embeddable":true,"href":"https:\/\/www.gdapress.it\/it\/index.php\/wp-json\/wp\/v2\/tags?post=68599"}],"curies":[{"name":"wp","href":"https:\/\/api.w.org\/{rel}","templated":true}]}}