
{"id":68470,"date":"2018-10-27T09:00:26","date_gmt":"2018-10-27T07:00:26","guid":{"rendered":"http:\/\/www.gdapress.it\/it\/?p=68470"},"modified":"2018-10-27T09:00:26","modified_gmt":"2018-10-27T07:00:26","slug":"al-via-il-tartufo-day-un-giorno-totalmente-dedicato-al-tartufo-per-omaggiare-uno-dei-simboli-della-cioccolateria-piemontese","status":"publish","type":"post","link":"https:\/\/www.gdapress.it\/it\/index.php\/68470\/enogastronomia\/al-via-il-tartufo-day-un-giorno-totalmente-dedicato-al-tartufo-per-omaggiare-uno-dei-simboli-della-cioccolateria-piemontese.html","title":{"rendered":"\u00a0 Al via il \u201cTartufo Day\u201d: un giorno totalmente dedicato al tartufo per omaggiare uno dei simboli della cioccolateria piemontese"},"content":{"rendered":"<table id=\"x_background-table\" border=\"0\" width=\"100%\" cellspacing=\"0\" cellpadding=\"0\">\n<tbody>\n<tr>\n<td align=\"left\" bgcolor=\"#ffffff\">\n<table class=\"x_w640\" border=\"0\" width=\"580\" cellspacing=\"0\" cellpadding=\"0\">\n<tbody>\n<tr>\n<td id=\"x_header\" class=\"x_w640\" align=\"left\" bgcolor=\"#ffffff\" width=\"580\">\n<table class=\"x_w640\" border=\"0\" width=\"580\" cellspacing=\"0\" cellpadding=\"0\">\n<tbody>\n<tr>\n<td class=\"x_w580\" width=\"580\" height=\"30\">\u00a0<img loading=\"lazy\" decoding=\"async\" class=\"alignleft size-medium wp-image-68471\" src=\"http:\/\/www.gdapress.it\/it\/..\/public\/it\/2018\/10\/La_Perla2-300x300.jpg\" alt=\"\" width=\"300\" height=\"300\" srcset=\"https:\/\/www.gdapress.it\/it\/..\/public\/it\/2018\/10\/La_Perla2-300x300.jpg 300w, https:\/\/www.gdapress.it\/it\/..\/public\/it\/2018\/10\/La_Perla2-150x150.jpg 150w, https:\/\/www.gdapress.it\/it\/..\/public\/it\/2018\/10\/La_Perla2-768x768.jpg 768w, https:\/\/www.gdapress.it\/it\/..\/public\/it\/2018\/10\/La_Perla2-400x400.jpg 400w, https:\/\/www.gdapress.it\/it\/..\/public\/it\/2018\/10\/La_Perla2.jpg 900w\" sizes=\"auto, (max-width: 300px) 100vw, 300px\" \/><\/td>\n<\/tr>\n<tr>\n<td class=\"x_w580\" width=\"580\">\n<div id=\"x_headline\" align=\"left\">\n<p><strong><a title=\"Al via il \u201cTartufo Day\u201d: un giorno totalmente dedicato al tartufo per omaggiare uno dei simboli della cioccolateria piemontese\" href=\"https:\/\/la-perla-di-torino.prezly.com\/al-via-il-tartufo-day-un-giorno-totalmente-dedicato-al-tartufo-al-cioccolato-per-omaggiare-uno-dei-simboli-del-piemonte?utm_source=email&amp;utm_medium=campaign&amp;utm_id=campaign_54K_omi.contact_fNLo_IzLb\" target=\"_blank\" rel=\"noopener noreferrer\" data-auth=\"NotApplicable\">Al via il \u201cTartufo Day\u201d: un giorno totalmente dedicato al tartufo per omaggiare uno dei simboli della cioccolateria piemontese<\/a><\/strong><\/p>\n<\/div>\n<\/td>\n<\/tr>\n<\/tbody>\n<\/table>\n<\/td>\n<\/tr>\n<tr>\n<td class=\"x_w640\" bgcolor=\"#ffffff\" width=\"580\" height=\"10\"><img loading=\"lazy\" decoding=\"async\" class=\"alignleft size-medium wp-image-68472\" src=\"http:\/\/www.gdapress.it\/it\/..\/public\/it\/2018\/10\/download-12-300x200.jpg\" alt=\"\" width=\"300\" height=\"200\" srcset=\"https:\/\/www.gdapress.it\/it\/..\/public\/it\/2018\/10\/download-12-300x200.jpg 300w, https:\/\/www.gdapress.it\/it\/..\/public\/it\/2018\/10\/download-12-768x511.jpg 768w, https:\/\/www.gdapress.it\/it\/..\/public\/it\/2018\/10\/download-12-500x333.jpg 500w, https:\/\/www.gdapress.it\/it\/..\/public\/it\/2018\/10\/download-12-720x480.jpg 720w, https:\/\/www.gdapress.it\/it\/..\/public\/it\/2018\/10\/download-12-272x182.jpg 272w, https:\/\/www.gdapress.it\/it\/..\/public\/it\/2018\/10\/download-12.jpg 1200w\" sizes=\"auto, (max-width: 300px) 100vw, 300px\" \/><\/td>\n<\/tr>\n<tr>\n<td class=\"x_w640\" bgcolor=\"#ffffff\" width=\"580\">\n<table class=\"x_w640\" border=\"0\" width=\"580\" cellspacing=\"0\" cellpadding=\"0\">\n<tbody>\n<tr>\n<td class=\"x_w580\" width=\"580\">\n<table class=\"x_w580\" border=\"0\" width=\"580\" cellspacing=\"0\" cellpadding=\"0\">\n<tbody>\n<tr>\n<td class=\"x_w580\" width=\"580\">\n<p class=\"x_article-subtitle\"><strong>Fabbriche aperte, iniziative speciali e collaborazioni con insegne note della ristorazione torinese: sabato 27 ottobre tante iniziative per assaggiare e scoprire il tartufo in ogni sua forma e declinazione.<\/strong><\/p>\n<div id=\"x_story-body\" class=\"x_article-content\" align=\"left\">\n<p>Simbolo dell\u2019eccellenza della cioccolateria nel mondo, il tartufo affonda le sue radici nel territorio piemontese e riassume al suo interno sapori e profumi tipici di questa zona con la sua inconfondibile ricetta a base di cacao finissimo e nocciole del Piemonte. Una vera icona della gastronomia made in Italy che come ogni stella merita di essere celebrata in un giorno speciale: sabato 27 ottobre. \u00c8 questa la data scelta per il Tartufo Day, un momento dedicato ai golosi che vuole festeggiare un prodotto capace di racchiudere il cuore e la tradizione della cioccolateria torinese attraverso una serie di iniziative speciali, tra le quali la visita ai laboratori di produzione, la degustazione dei tartufi all\u2019interno di menu d\u2019alta cucina e molto altro.<\/p>\n<blockquote><p><em>\u201cIl Tartufo Day sar\u00e0 un modo per fare cultura su un prodotto tipico della tradizione piemontese e al contempo raccontare come il suo dna continua ad evolversi attraverso interpretazioni contemporanee per rispondere al gusto moderno, a nuove suggestioni e a stimoli internazionali.\u201d\u00a0<\/em><\/p><\/blockquote>\n<p>A parlare \u00e8 Sergio Arzilli, fondatore dell\u2019azienda La Perla di Torino, una delle pi\u00f9 grandi interpreti del tartufo al cioccolato che nel corso degli anni ha saputo valorizzare attraverso ricette tradizionali e innovative nel segno dell\u2019eccellenza.<\/p>\n<blockquote><p><em>\u201cAbbiamo voluto creare il Tartufo Day &#8211; continua Arzilli &#8211; per rendere omaggio a uno dei prodotti pi\u00f9 identificativi del nostro territorio e che pi\u00f9 di ogni altro identifica la nostra immagine, grazie al quale siamo riusciti a conquistare importanti traguardi, tra cui il recente e prestigioso riconoscimento Maestri del Gusto di Torino\u201d.\u00a0<\/em><\/p><\/blockquote>\n<h3><strong>Fabbriche Aperte<br \/>\nScoprire il sapere artigianale dietro a una produzione d\u2019eccellenza<\/strong><\/h3>\n<p>In occasione del Tartufo Day, sabato 27 ottobre, La Perla di Torino aprir\u00e0 le porte della sua azienda per un tour alla scoperta del mondo del cioccolato e della sua lavorazione. La giornata si inserisce nell\u2019agenda\u00a0<em>\u201cFabbriche Aperte\u201d,<\/em>una rassegna ideata da Regione Piemonte per far scoprire ai cittadini le realt\u00e0 che arricchiscono il territorio grazie al loro saper fare, all\u2019artigianalit\u00e0 e all\u2019innovazione.<\/p>\n<p>Dalla lavorazione delle materie prime alla tostatura delle nocciole piemontesi, passando per la ricettazione fino al confezionamento del prodotto finito: durante la visita in azienda sar\u00e0 possibile seguire le varie fasi di produzione dei tartufi step by step. Il percorso si concluder\u00e0 con una degustazione delle esclusive declinazioni targate La Perla: dalle ricette tradizionali a quelle pi\u00f9 innovative che si ispirano al mondo della pasticceria italiana come il goloso Triple Chocolate e altre a prova d\u2019intolleranza e scelte alimentari come il Latte Senza Latte, un tartufo di cioccolato a base di latte di cocco dal gusto fresco e vellutato.<br \/>\n<em>(Le visite sono su prenotazione. Durata visita 1.30 h &#8211; orari 10.30, 12, 14.30, 16.30. Informazioni e prenotazioni al<\/em><em>+39 0112482149)<\/em><\/p>\n<h3><strong>Pack limited edition\u00a0<\/strong><\/h3>\n<p>La Perla di Torino lancer\u00e0 anche un packaging esclusivo per il Tartufo Day: scatola nera, nastro dorato e un mix ben assortito delle sue varianti di tartufo, un involucro fatto di classe ed eleganza per racchiudere tutta la qualit\u00e0, la ricerca e l\u2019innovazione che caratterizzano i prodotti La Perla. Il cofanetto sar\u00e0 disponibile solo per pochi giorni e in numero limitato, una vera chicca da collezione per gli appassionati di cioccolato. La special edition sar\u00e0 in vendita presso l\u2019azienda a fine delle degustazioni, online sul canale e-commerce del brand e presso la boutique di Via Catania a Torino, dove in contemporanea saranno allestiti dei corner ad hoc con promo speciali su prodotti selezionati a marchio La Perla di Torino.<\/p>\n<h3><strong>Tartufo di cioccolato e alta cucina: dove assaggiarlo\u00a0<\/strong><\/h3>\n<p>Chi l\u2019ha detto che il tartufo di cioccolato si gusta solo nel calore della dimensione domestica? In partnership con due note insegne della ristorazione torinese come Piano 35, guidato dallo chef Marco Sacco, e Magorabin, che ha da poco cambiato veste e location per regalare uno spazio pi\u00f9 ampio all\u2019esperienza culinaria dello chef Marcello Trentini, La Perla di Torino si appresta a conquistare i palati fini della citt\u00e0. Sabato 27 ottobre i suoi tartufi saranno serviti come piccola pasticceria presso i migliori ristoranti di Torino, per far scoprire la maestria e i sapori suadenti che si nascondono all\u2019interno di questa prelibatezza di cioccolato. Ma non solo ristoranti, per l\u2019occasione i tartufi della maison torinese saranno anche in degustazione presso il Circolo dei Lettori di Torino e presso Casa Martini con speciali corner dedicati al celebre cioccolatino.<\/p>\n<\/div>\n<\/td>\n<\/tr>\n<\/tbody>\n<\/table>\n<\/td>\n<\/tr>\n<\/tbody>\n<\/table>\n<\/td>\n<\/tr>\n<\/tbody>\n<\/table>\n<\/td>\n<\/tr>\n<\/tbody>\n<\/table>\n","protected":false},"excerpt":{"rendered":"<p>\u00a0 Al via il \u201cTartufo Day\u201d: un giorno totalmente dedicato al tartufo per omaggiare uno dei simboli della cioccolateria piemontese Fabbriche aperte, iniziative speciali e collaborazioni con insegne note della ristorazione torinese: sabato 27 ottobre tante iniziative per assaggiare e scoprire il tartufo in ogni sua forma e declinazione. Simbolo dell\u2019eccellenza della cioccolateria nel mondo, &hellip; <a href=\"https:\/\/www.gdapress.it\/it\/index.php\/68470\/enogastronomia\/al-via-il-tartufo-day-un-giorno-totalmente-dedicato-al-tartufo-per-omaggiare-uno-dei-simboli-della-cioccolateria-piemontese.html\" class=\"more-link\">Read more <span class=\"screen-reader-text\">\u00a0 Al via il \u201cTartufo Day\u201d: un giorno totalmente dedicato al tartufo per omaggiare uno dei simboli della cioccolateria piemontese<\/span><\/a><\/p>\n","protected":false},"author":2,"featured_media":68472,"comment_status":"closed","ping_status":"open","sticky":false,"template":"","format":"standard","meta":{"footnotes":""},"categories":[20],"tags":[18648,318,23175,29,23174],"class_list":["post-68470","post","type-post","status-publish","format-standard","has-post-thumbnail","hentry","category-enogastronomia","tag-la-perla-di-torino","tag-piemonte","tag-sergio-arzilli","tag-torino","tag-tartufo-day"],"_links":{"self":[{"href":"https:\/\/www.gdapress.it\/it\/index.php\/wp-json\/wp\/v2\/posts\/68470","targetHints":{"allow":["GET"]}}],"collection":[{"href":"https:\/\/www.gdapress.it\/it\/index.php\/wp-json\/wp\/v2\/posts"}],"about":[{"href":"https:\/\/www.gdapress.it\/it\/index.php\/wp-json\/wp\/v2\/types\/post"}],"author":[{"embeddable":true,"href":"https:\/\/www.gdapress.it\/it\/index.php\/wp-json\/wp\/v2\/users\/2"}],"replies":[{"embeddable":true,"href":"https:\/\/www.gdapress.it\/it\/index.php\/wp-json\/wp\/v2\/comments?post=68470"}],"version-history":[{"count":1,"href":"https:\/\/www.gdapress.it\/it\/index.php\/wp-json\/wp\/v2\/posts\/68470\/revisions"}],"predecessor-version":[{"id":68473,"href":"https:\/\/www.gdapress.it\/it\/index.php\/wp-json\/wp\/v2\/posts\/68470\/revisions\/68473"}],"wp:featuredmedia":[{"embeddable":true,"href":"https:\/\/www.gdapress.it\/it\/index.php\/wp-json\/wp\/v2\/media\/68472"}],"wp:attachment":[{"href":"https:\/\/www.gdapress.it\/it\/index.php\/wp-json\/wp\/v2\/media?parent=68470"}],"wp:term":[{"taxonomy":"category","embeddable":true,"href":"https:\/\/www.gdapress.it\/it\/index.php\/wp-json\/wp\/v2\/categories?post=68470"},{"taxonomy":"post_tag","embeddable":true,"href":"https:\/\/www.gdapress.it\/it\/index.php\/wp-json\/wp\/v2\/tags?post=68470"}],"curies":[{"name":"wp","href":"https:\/\/api.w.org\/{rel}","templated":true}]}}