
{"id":68250,"date":"2018-10-07T23:03:48","date_gmt":"2018-10-07T21:03:48","guid":{"rendered":"http:\/\/www.gdapress.it\/it\/?p=68250"},"modified":"2018-10-08T23:07:48","modified_gmt":"2018-10-08T21:07:48","slug":"carpe-diem-la-nuova-elgon-collection-2018-2019","status":"publish","type":"post","link":"https:\/\/www.gdapress.it\/it\/index.php\/68250\/benessere\/carpe-diem-la-nuova-elgon-collection-2018-2019.html","title":{"rendered":"CARPE DIEM: LA NUOVA ELGON COLLECTION 2018-2019"},"content":{"rendered":"<p><img loading=\"lazy\" decoding=\"async\" class=\"alignleft size-medium wp-image-68251\" src=\"http:\/\/www.gdapress.it\/it\/..\/public\/it\/2018\/10\/image001-4-300x300.jpg\" alt=\"\" width=\"300\" height=\"300\" srcset=\"https:\/\/www.gdapress.it\/it\/..\/public\/it\/2018\/10\/image001-4-300x300.jpg 300w, https:\/\/www.gdapress.it\/it\/..\/public\/it\/2018\/10\/image001-4-150x150.jpg 150w, https:\/\/www.gdapress.it\/it\/..\/public\/it\/2018\/10\/image001-4-768x765.jpg 768w, https:\/\/www.gdapress.it\/it\/..\/public\/it\/2018\/10\/image001-4-401x400.jpg 401w, https:\/\/www.gdapress.it\/it\/..\/public\/it\/2018\/10\/image001-4.jpg 1094w\" sizes=\"auto, (max-width: 300px) 100vw, 300px\" \/><\/p>\n<p>CARPE DIEM: LA NUOVA ELGON COLLECTION 2018-2019<\/p>\n<p>Quattro temi raccontano gli ultimi trend dell\u2019hairstyle secondo Elgon. Focus on Monochromatic: la perfetta espressione di linee morbide e semplici che incontrano colori neutri e monocromie.<\/p>\n<p>In un mondo dove tutto \u00e8 in continua e rapida evoluzione, saper \u201ccogliere l\u2019attimo\u201d acquista un significato sempre pi\u00f9 importante. Da questa premessa \u00e8 nata la nuova Collection 2018-2019 firmata Elgon: Carpe Diem, una collezione che si sviluppa attraverso quattro temi: Monochromatic, Modavation, Blonde Ambition e Cyber Nature, con l\u2019obiettivo di nutrire la creativit\u00e0 dei parrucchieri di tutto il mondo con continui spunti, tecniche e prodotti innovativi in linea con le ultime tendenze moda.<\/p>\n<p>\u201cIn veste di parrucchieri abbiamo l\u2019opportunit\u00e0 di incontrare, ogni giorno, tantissimi clienti. Ognuno con la propria storia, personalit\u00e0 e con aspettative e desideri unici\u201d &#8211; racconta Christopher Cameron, Creative Director di Elgon. \u201cCon questa nuova collezione il nostro obiettivo \u00e8 quello di invitare i parrucchieri a cogliere l\u2019attimo interpretando e valorizzando al meglio ogni singola personalit\u00e0. Solo in questo modo renderanno veramente unico il momento creativo che vivono con i loro clienti.\u201d<\/p>\n<p>Per supportare i parrucchieri nel loro \u201cCarpe Diem\u201d, Elgon mette a disposizione tutto il suo know-how, sia dal punto di vista delle nuove tendenze, sia delle tecniche e della formazione, per offrire un servizio completo e di alta qualit\u00e0, curato in ogni singolo aspetto. In particolare, oggi Elgon presenta il primo tema della nuova Collection Carpe Diem: Monochromatic. Uno stile semplice, moderno e raffinato che inserisce colore in ci\u00f2 che era grigio, per creare diversit\u00e0 e forme mutevoli che danno variet\u00e0 momento dopo momento. In linea con gli ultimi trend del mondo lifestyle, design e fashion Monochromatic \u00e8 un trionfo di linee morbide, toni minimalisti, colori neutri e monocromie. Per una rappresentazione perfetta dell\u2019equilibrio e della gioia di vivere, a tutte le et\u00e0.<\/p>\n<h4>MONOCHROMATIC: LE NOVIT\u00c0 DI PRODOTTO<\/h4>\n<p>Il nuovo tema Monochromatic vive attraverso una selezione di prodotti styling e colore accuratamentamente selezionati dai professionisti Elgon per esprimerne al meglio lo stile minimale e al tempo stesso sofisticato e moderno.<\/p>\n<p>NON C\u2019\u00c8 LIMITE ALLO STYLING CON I NUOVI PRODOTTI AFFIXX.<\/p>\n<p>Per valorizzare le acconciature nascono 5 nuovi prodotti esclusivi che si inseriscono nella linea Affixx dedicata allo styling e al finishing e che si contraddistinguono per Soyactiv\u00ae, un complesso unico a base di proteine della soia a rilascio modulato che idrata, ristruttura e protegge i capelli. A questo si aggiunge anche un filtro UV che funziona come una barriera e protegge il colore dagli effetti dannosi dei raggi solari, rallentandone lo sbiadimento nel tempo.<\/p>\n<p>Capelli pi\u00f9 forti, luminosi, morbidi e con una migliore pettinabilit\u00e0 per acconciature all\u2019insegna della semplicit\u00e0 e dell\u2019eleganza. Questi sono i punti di forza dei nuovi prodotti Affixx ognuno dei quali nasce con un\u2019azione mirata:<\/p>\n<h4>TAME IT! contro l\u2019effetto crespo<\/h4>\n<p>Una crema che controlla i capelli crespi, anche quelli pi\u00f9 grossi e indisciplinati, e che combatte l\u2019umidit\u00e0, donando morbidezza e lucentezza per tutto il giorno. \u00c8 un prodotto versatile che pu\u00f2 essere usato sia per look lisci sia ricci, rispondendo alle esigenze di tutte le donne che vogliono controllare e ammorbidire i ricci senza appesantirli.<\/p>\n<h4>SHINE IT! per una massima brillantezza<\/h4>\n<p>Spray lucidante che dona brillantezza ai capelli senza appesantire, eliminando l\u2019effetto elettrostatico, dando un tocco finale perfetto per tutti i look. \u00c8 ideale per chi \u00e8 alla ricerca di lucentezza naturale senza \u201ceffetto lacca\u201d.<\/p>\n<h4>PUMP IT! per donare corpo<\/h4>\n<p>Spray texturizzante con gas che dona un effetto corposo istantaneo ai capelli. Un \u201caiuto invisibile\u201d per il parrucchiere che, applicato alla base, d\u00e0 sostegno ad ogni look, mentre usato su mezze lunghezze e punte definisce e d\u00e0 texture. Dall\u2019azione idratante, ristrutturante, protettiva e lucidante allo stesso tempo, rappresenta un vero e proprio must-have per l\u2019hairstylist, grazie alla sua texture asciutta che rende modellabile ogni look.<\/p>\n<h4>PREP IT! per facilitare la piega<\/h4>\n<p>Spray pre-piega che dona sostegno e volume naturale senza appesantire, anche ai capelli pi\u00f9 sottili e senza corpo, dando un effetto naturale e facilitando il brushing.<\/p>\n<h4>FIX IT! per fissare, senza appesantire<\/h4>\n<p>Lacca per un fissaggio ultra-forte, a lunga tenuta, per acconciature \u201ca prova di gravit\u00e0\u201d, estreme e creative, per sfilate, show o shooting. Bastano davvero poche spruzzate per fissare a lungo ogni look: il prodotto si elimina poi con poche spazzolate, senza lasciare residui sul capello.<\/p>\n<p>GET THE COLOR E MODA&amp;STYLING: \u201cSPLASHES OF COLORS\u201d NEUTRI E DELICATI<\/p>\n<p>Monochromatic si sviluppa anche sul colore grazie a due novit\u00e0: i nuovi tonalizzanti Get The Color e le nuove nuance dorate Moda&amp;Styling.<\/p>\n<h5>MODA&amp;STYLING<\/h5>\n<h5>GET THE COLOR TONERS<\/h5>\n<p>Con il lancio di Monochromatic la linea di colorazioni permanenti in crema Get the Color \u00e8 stata arricchita con 3 nuovi toners per una proposta moda che rispecchia il grande trend delle ciocche colorate: albicocca e lavanda per creare diverse sfumature di riflesso (diminuendo o aumentando i minuti di posa) e diamante per spegnere i riflessi gialli dei biondi.<\/p>\n<p>Inoltre, le proteine del grano contenute nella formula di questi colori rinforzano il capello e rendono il fusto pi\u00f9 morbido e corposo. L\u2019estratto di mela, invece, ha una importante azione rinforzante e protettiva del capello. Il risultato? Un colore pieno e brillante!<\/p>\n<p>Moda&amp;Styling rinnova le famiglie dei naturali e dei dorati. Per chi desidera un colore vibrante, pieno, con riflessi brillanti che durano ancora pi\u00f9 a lungo, la risposta sono le 27 nuances completamente riformulate: Dorati, Naturali e Intensi.\u2028Inoltre, la formula arricchita con SILKER COMPLEX 3\u00ae PLUS ha un effetto ricostruttivo sulle cuticole, garantisce un colore ancora pi\u00f9 vibrante, pieno, ricco, per una splendida brillantezza che dura ancora pi\u00f9 a lungo.<\/p>\n<p>Elgon \u00e8 il noto marchio internazionale di cosmetici professionali per capelli di Pidielle S.p.A., azienda italiana specializzata nell\u2019ideazione, formulazione e fabbricazione di prodotti che spaziano dalla colorazione all\u2019haircare, fino alla texturization. Per gli hairstylist professionisti e per le loro clienti, Elgon d\u00e0 vita a un mondo fatto di Colore&amp;Poesia, grazie a oltre 1000 formulazioni cosmetiche, tutte efficaci delicate e piacevoli, e a un\u2019immagine coordinata che trasmette pienamente la mission del marchio: celebrare la bellezza, cos\u00ec come fanno l\u2019arte e la poesia. Con oltre 45anni di attivit\u00e0 e sede a Nerviano (MI), Pidielle ha 80 dipendenti in Italia ed esporta in pi\u00f9 di 90 Paesi nel mondo.<\/p>\n<p>&nbsp;<\/p>\n","protected":false},"excerpt":{"rendered":"<p>CARPE DIEM: LA NUOVA ELGON COLLECTION 2018-2019 Quattro temi raccontano gli ultimi trend dell\u2019hairstyle secondo Elgon. Focus on Monochromatic: la perfetta espressione di linee morbide e semplici che incontrano colori neutri e monocromie. In un mondo dove tutto \u00e8 in continua e rapida evoluzione, saper \u201ccogliere l\u2019attimo\u201d acquista un significato sempre pi\u00f9 importante. Da questa &hellip; <a href=\"https:\/\/www.gdapress.it\/it\/index.php\/68250\/benessere\/carpe-diem-la-nuova-elgon-collection-2018-2019.html\" class=\"more-link\">Read more <span class=\"screen-reader-text\">CARPE DIEM: LA NUOVA ELGON COLLECTION 2018-2019<\/span><\/a><\/p>\n","protected":false},"author":2,"featured_media":68251,"comment_status":"closed","ping_status":"open","sticky":false,"template":"","format":"standard","meta":{"footnotes":""},"categories":[729],"tags":[23021,23022,23020],"class_list":["post-68250","post","type-post","status-publish","format-standard","has-post-thumbnail","hentry","category-benessere","tag-carpe-diem","tag-christopher-cameron","tag-elgon"],"_links":{"self":[{"href":"https:\/\/www.gdapress.it\/it\/index.php\/wp-json\/wp\/v2\/posts\/68250","targetHints":{"allow":["GET"]}}],"collection":[{"href":"https:\/\/www.gdapress.it\/it\/index.php\/wp-json\/wp\/v2\/posts"}],"about":[{"href":"https:\/\/www.gdapress.it\/it\/index.php\/wp-json\/wp\/v2\/types\/post"}],"author":[{"embeddable":true,"href":"https:\/\/www.gdapress.it\/it\/index.php\/wp-json\/wp\/v2\/users\/2"}],"replies":[{"embeddable":true,"href":"https:\/\/www.gdapress.it\/it\/index.php\/wp-json\/wp\/v2\/comments?post=68250"}],"version-history":[{"count":1,"href":"https:\/\/www.gdapress.it\/it\/index.php\/wp-json\/wp\/v2\/posts\/68250\/revisions"}],"predecessor-version":[{"id":68252,"href":"https:\/\/www.gdapress.it\/it\/index.php\/wp-json\/wp\/v2\/posts\/68250\/revisions\/68252"}],"wp:featuredmedia":[{"embeddable":true,"href":"https:\/\/www.gdapress.it\/it\/index.php\/wp-json\/wp\/v2\/media\/68251"}],"wp:attachment":[{"href":"https:\/\/www.gdapress.it\/it\/index.php\/wp-json\/wp\/v2\/media?parent=68250"}],"wp:term":[{"taxonomy":"category","embeddable":true,"href":"https:\/\/www.gdapress.it\/it\/index.php\/wp-json\/wp\/v2\/categories?post=68250"},{"taxonomy":"post_tag","embeddable":true,"href":"https:\/\/www.gdapress.it\/it\/index.php\/wp-json\/wp\/v2\/tags?post=68250"}],"curies":[{"name":"wp","href":"https:\/\/api.w.org\/{rel}","templated":true}]}}