
{"id":68184,"date":"2018-10-05T23:31:58","date_gmt":"2018-10-05T21:31:58","guid":{"rendered":"http:\/\/www.gdapress.it\/it\/?p=68184"},"modified":"2018-10-06T23:34:58","modified_gmt":"2018-10-06T21:34:58","slug":"tatiana-pikhtina-debutta-a-milano-e-lancia-la-sua-prima-collezione","status":"publish","type":"post","link":"https:\/\/www.gdapress.it\/it\/index.php\/68184\/costume\/tatiana-pikhtina-debutta-a-milano-e-lancia-la-sua-prima-collezione.html","title":{"rendered":"TATIANA PIKHTINA \u00a0DEBUTTA A MILANO E\u00a0LANCIA LA SUA PRIMA COLLEZIONE"},"content":{"rendered":"<p><img loading=\"lazy\" decoding=\"async\" class=\"alignleft size-medium wp-image-68185\" src=\"http:\/\/www.gdapress.it\/it\/..\/public\/it\/2018\/10\/TP1-200x300.jpeg\" alt=\"\" width=\"200\" height=\"300\" srcset=\"https:\/\/www.gdapress.it\/it\/..\/public\/it\/2018\/10\/TP1-200x300.jpeg 200w, https:\/\/www.gdapress.it\/it\/..\/public\/it\/2018\/10\/TP1.jpeg 250w\" sizes=\"auto, (max-width: 200px) 100vw, 200px\" \/><\/p>\n<p>TATIANA PIKHTINA \u00a0DEBUTTA A MILANO E\u00a0LANCIA LA SUA PRIMA COLLEZIONE<\/p>\n<p><img loading=\"lazy\" decoding=\"async\" class=\"alignleft size-medium wp-image-68186\" src=\"http:\/\/www.gdapress.it\/it\/..\/public\/it\/2018\/10\/TP2-201x300.jpeg\" alt=\"\" width=\"201\" height=\"300\" srcset=\"https:\/\/www.gdapress.it\/it\/..\/public\/it\/2018\/10\/TP2-201x300.jpeg 201w, https:\/\/www.gdapress.it\/it\/..\/public\/it\/2018\/10\/TP2.jpeg 250w\" sizes=\"auto, (max-width: 201px) 100vw, 201px\" \/>Tatiana sa come percorrere la sua strada, ha il desiderio di avventura negli occhi, il coraggio di pensare in grande, la disciplina per realizzarlo. L\u2019eleganza qui non \u00e8 appropriabile, la bellezza non si possiede. Questa visione della donna la vede muoversi, dirigersi verso i suoi obiettivi a passo spedito ed elegante. Rappresenta un modo di essere donna, che ha scelto di farsi moda.<\/p>\n<p><img loading=\"lazy\" decoding=\"async\" class=\"alignleft size-medium wp-image-68187\" src=\"http:\/\/www.gdapress.it\/it\/..\/public\/it\/2018\/10\/TP3-201x300.jpeg\" alt=\"\" width=\"201\" height=\"300\" srcset=\"https:\/\/www.gdapress.it\/it\/..\/public\/it\/2018\/10\/TP3-201x300.jpeg 201w, https:\/\/www.gdapress.it\/it\/..\/public\/it\/2018\/10\/TP3.jpeg 250w\" sizes=\"auto, (max-width: 201px) 100vw, 201px\" \/>La collezione &#8211; la prima in assoluto &#8211; propone una selezione di abiti in seta fluida, impalpabile e raffinata e total look da un\u2019allure ricercata, essenziale e al tempo stesso unica.<\/p>\n<p>Una selezione di capi timeless, dalle finiture ricercate e pensati per essere vissuti di giorno e di notte, in cui i colori si fanno assoluti grazie al bianco ottico e al nero intenso, abbinati con giochi\u00a0optical decisi e sofisticati.<\/p>\n<p>Il segreto \u00e8 nell\u2019attenzione e nella minuziosa ricerca dei dettagli e dei materiali: la realizzazione in seta interamente Made in Italy e le finiture sapientemente studiate affascinano l\u2019immaginario femminile e confermano l\u2019impegno della stilista nel definire lo stile che porta il suo nome.<\/p>\n<p>La prima volta che Tatiana crea un abito lo fa per dimostrare un concetto semplice: \u201cvoglio giocare, facendo della mia fantasia qualcosa da poter indossare, e non ho intenzione di fermarmi. Mettetevi comodi, dunque, se avete intenzione di impedirmelo, perch\u00e9 non smetter\u00f2 mai di volerlo e farlo. \u201c<\/p>\n<p>Dunque dopo pochi giorni di scuola, ancora bambina nella Russa dell\u2019Unione Sovietica, personalizza la sua divisa scolastica. Suo padre, ex membro dell\u2019esercito, non la prende bene, ma riconosce il coraggio, la sfrontatezza e la determinazione. Tatiana ha carattere, e soprattutto crede nella sua fantasia.<\/p>\n<p>Anni dopo, a Parigi, accade un episodio dal quale capisce di amare talmente la citt\u00e0 da poterla considerare la sua nuova casa: leggendo un libro di Simenon percepisce un\u2019incongruenza. Ama l\u2019autore e ha letto tutti i suoi libri, ma quello non sembra suo. E infatti, quello \u00e8 l\u2019unico libro che l\u2019autore non aveva scritto a Parigi. Aveva capito che mancava l\u2019anima della citt\u00e0 di cui si era innamorata. Tatiana capisce di essere naturalmente portata alla lettura dei sotto testi: \u00e8 curiosa, e vuole costantemente nutrire la sua fantasia, che diventa poi creativit\u00e0.<\/p>\n<p>Infine, pochi anni dopo, il sogno si rivela creativit\u00e0 e si fa progetto: nasce il brand Tatiana Pikhtina, come se lo era immaginato fin da bambina.<\/p>\n<p>Questa per\u00f2 non \u00e8 pi\u00f9 storia, ma futuro.<\/p>\n<p>&nbsp;<\/p>\n","protected":false},"excerpt":{"rendered":"<p>TATIANA PIKHTINA \u00a0DEBUTTA A MILANO E\u00a0LANCIA LA SUA PRIMA COLLEZIONE Tatiana sa come percorrere la sua strada, ha il desiderio di avventura negli occhi, il coraggio di pensare in grande, la disciplina per realizzarlo. L\u2019eleganza qui non \u00e8 appropriabile, la bellezza non si possiede. Questa visione della donna la vede muoversi, dirigersi verso i suoi &hellip; <a href=\"https:\/\/www.gdapress.it\/it\/index.php\/68184\/costume\/tatiana-pikhtina-debutta-a-milano-e-lancia-la-sua-prima-collezione.html\" class=\"more-link\">Read more <span class=\"screen-reader-text\">TATIANA PIKHTINA \u00a0DEBUTTA A MILANO E\u00a0LANCIA LA SUA PRIMA COLLEZIONE<\/span><\/a><\/p>\n","protected":false},"author":2,"featured_media":68185,"comment_status":"closed","ping_status":"open","sticky":false,"template":"","format":"standard","meta":{"footnotes":""},"categories":[2244],"tags":[17,22998],"class_list":["post-68184","post","type-post","status-publish","format-standard","has-post-thumbnail","hentry","category-costume","tag-milano","tag-tatiana-pikhtina"],"_links":{"self":[{"href":"https:\/\/www.gdapress.it\/it\/index.php\/wp-json\/wp\/v2\/posts\/68184","targetHints":{"allow":["GET"]}}],"collection":[{"href":"https:\/\/www.gdapress.it\/it\/index.php\/wp-json\/wp\/v2\/posts"}],"about":[{"href":"https:\/\/www.gdapress.it\/it\/index.php\/wp-json\/wp\/v2\/types\/post"}],"author":[{"embeddable":true,"href":"https:\/\/www.gdapress.it\/it\/index.php\/wp-json\/wp\/v2\/users\/2"}],"replies":[{"embeddable":true,"href":"https:\/\/www.gdapress.it\/it\/index.php\/wp-json\/wp\/v2\/comments?post=68184"}],"version-history":[{"count":1,"href":"https:\/\/www.gdapress.it\/it\/index.php\/wp-json\/wp\/v2\/posts\/68184\/revisions"}],"predecessor-version":[{"id":68188,"href":"https:\/\/www.gdapress.it\/it\/index.php\/wp-json\/wp\/v2\/posts\/68184\/revisions\/68188"}],"wp:featuredmedia":[{"embeddable":true,"href":"https:\/\/www.gdapress.it\/it\/index.php\/wp-json\/wp\/v2\/media\/68185"}],"wp:attachment":[{"href":"https:\/\/www.gdapress.it\/it\/index.php\/wp-json\/wp\/v2\/media?parent=68184"}],"wp:term":[{"taxonomy":"category","embeddable":true,"href":"https:\/\/www.gdapress.it\/it\/index.php\/wp-json\/wp\/v2\/categories?post=68184"},{"taxonomy":"post_tag","embeddable":true,"href":"https:\/\/www.gdapress.it\/it\/index.php\/wp-json\/wp\/v2\/tags?post=68184"}],"curies":[{"name":"wp","href":"https:\/\/api.w.org\/{rel}","templated":true}]}}