
{"id":67748,"date":"2018-09-10T00:02:42","date_gmt":"2018-09-09T22:02:42","guid":{"rendered":"http:\/\/www.gdapress.it\/it\/?p=67748"},"modified":"2018-09-10T00:02:42","modified_gmt":"2018-09-09T22:02:42","slug":"van-cleef-arpels-presenta-la-nuova-collezione-quatre-contes-de-grimm","status":"publish","type":"post","link":"https:\/\/www.gdapress.it\/it\/index.php\/67748\/costume\/van-cleef-arpels-presenta-la-nuova-collezione-quatre-contes-de-grimm.html","title":{"rendered":"Van Cleef &#038; Arpels presenta la nuova collezione Quatre contes de Grimm"},"content":{"rendered":"<p><img loading=\"lazy\" decoding=\"async\" class=\"alignleft size-large wp-image-67749\" src=\"http:\/\/www.gdapress.it\/it\/..\/public\/it\/2018\/09\/060_180626_VCA_113-RVB-500x333.jpg\" alt=\"\" width=\"500\" height=\"333\" srcset=\"https:\/\/www.gdapress.it\/it\/..\/public\/it\/2018\/09\/060_180626_VCA_113-RVB-500x333.jpg 500w, https:\/\/www.gdapress.it\/it\/..\/public\/it\/2018\/09\/060_180626_VCA_113-RVB-300x200.jpg 300w, https:\/\/www.gdapress.it\/it\/..\/public\/it\/2018\/09\/060_180626_VCA_113-RVB-768x512.jpg 768w, https:\/\/www.gdapress.it\/it\/..\/public\/it\/2018\/09\/060_180626_VCA_113-RVB-720x480.jpg 720w, https:\/\/www.gdapress.it\/it\/..\/public\/it\/2018\/09\/060_180626_VCA_113-RVB-272x182.jpg 272w\" sizes=\"auto, (max-width: 500px) 100vw, 500px\" \/><\/p>\n<p>Van Cleef &amp; Arpels presenta la nuova collezione Quatre contes de Grimm<\/p>\n<p>Permeato di sogno e poesia, il meraviglioso contraddistingue da sempre l\u2019universo di Van Cleef &amp; Arpels. Inscrivendosi a tutti gli effetti in questo registro favoloso, Quatre contes de Grimm, la nuova collezione di Alta Gioielleria della Maison, interpreta quattro fiabe dei fratelli Grimm:Le scarpe logorate dal ballo, L\u2019uccello d\u2019oro, Le tre piume e I musicanti di Brema.<\/p>\n<p>In un mondo pervaso di bellezza e magia, eroi ed eroine abitano una natura rigogliosa \u2013 tema caro alla Maison \u2013, in cui ogni fremito sembra presagire un nuovo sortilegio. Viali costeggiati da tappeti di diamanti, foreste profonde e misteriose, un albero dalle mele d\u2019oro: all\u2019incanto dei paesaggi risponde quello delle gemme. Frutto di una paziente opera di selezione e abbinamento, queste Pierres de Caract\u00e8reTM offrono alla vista tutto il loro splendore e la ricchezza delle sfumature, contribuendo cos\u00ec al fascino del racconto o alle emozioni dei personaggi. La trasparenza di una cascata di diamanti, la vivacit\u00e0 di un bouquet di smeraldi e zaffiri, la gioia di sfere di corallo e zaffiri rosa&#8230; la variet\u00e0 dei materiali, rispecchiando quella dei sentimenti, si rivela nel corso delle sorprendenti metamorfosi che trasformano un sautoir in una collana, un pendente in una clip.<\/p>\n<p>Percorrendo la collezione, il bestiario fantastico che popola tali racconti si anima: un uccello illustra le meraviglie della lavorazione dell\u2019oro, una fronda cesellata e fiorita di diamanti ruota per svelare il lato segreto della creazione, una piuma palesa tutta la maestria del Serti Myst\u00e9rieuxTM Vitrail, che valorizza con discrezione la brillantezza delle pietre preziose.<\/p>\n<p>Addentrandosi in castelli fatati, Van Cleef &amp; Arpels si fa interprete dell\u2019incantesimo sotteso a balli sfarzosi. Sulla scia di fate e ballerine \u2013 i cui arabeschi sono ormai una firma distintiva della Maison \u2013, le principesse sfoggiano tutta la loro grazia. Mentre gli abiti sontuosi sembrano avere preso a prestito la delicatezza delle stoffe e dei pizzi, le loro scarpe scintillano a passo di danza. Come una sorta di racconto prezioso, tali creazioni di gioielleria sono un invito a ritrovare lo stupore dell\u2019infanzia.<\/p>\n<p>L\u2019eccellenza all\u2019opera<\/p>\n<p>Van Cleef &amp; Arpels ricorre alla variet\u00e0 di gemme straordinarie per esprimere la magia delle favole dei Grimm, per rappresentarne gli eroi, la loro ricerca e la forza dei sentimenti da cui muovono, o per evocare quel dettaglio in grado di capovolgere la situazione. Ogni pietra viene accuratamente scelta dai gemmologi della Maison, dopo aver valutato con attenzione peso, bellezza della materia, eleganza della forma, purezza e tonalit\u00e0. Altrettanti criteri particolarmente esigenti che, qualora presenti nel loro insieme, rendono possibile questo incontro misterioso con una pietra eccezionale. Se uno zaffiro blu di Birmania traduce la profondit\u00e0 di un cielo notturno al chiaro di luna, un diamante giallo evoca lo sfavillio di una mela d\u2019oro e uno smeraldo suggerisce lo splendore di un giardino lussureggiante. Ogni gemma si fa portatrice di un messaggio di amicizia o di amore, di gioia o di speranza. A questo processo di ricerca delle Pierres de Caract\u00e8re si aggiunge il gusto di Van Cleef &amp; Arpels per l\u2019innovazione. I meccanismi nascosti che con un gesto trasformano un pendente in clip o l\u2019esclusiva tecnica del Serti Myst\u00e9rieux Vitrail, consistente nell\u2019inserire su una montatura impercettibile delle pietre suiff\u00e9 sul recto e sfaccettate sul verso per esaltarne rilievo e traslucidit\u00e0, ne sono una chiara testimonianza. La ricchezza e la finezza dei dettagli permettono infine di conferire a ogni creazione quell\u2019eleganza unica che da sempre contraddistingue Van Cleef &amp; Arpels.<\/p>\n<p>I musicanti di Brema<\/p>\n<p>C\u2019era una volta un asino che tutti i giorni trasportava pesanti sacchi di farina. Proprio quando le sue forze stavano diminuendo sempre pi\u00f9, un mattino sent\u00ec il suo padrone annunciare che lo avrebbe rimpiazzato. A queste parole l\u2019asino scapp\u00f2 e imbocc\u00f2 la strada per Brema. \u201cUna volta l\u00ec, prover\u00f2 a entrare nella banda della citt\u00e0\u201d, pensava. Mentre stava camminando incontr\u00f2 un cane disteso in un fosso che abbaiava di stanchezza.<\/p>\n<p>\u201cCosa fai l\u00ec?\u201d Gli chiese.\u2028\u201cIl mio padrone mi trova troppo vecchio per la caccia. Allora sono fuggito!\u201d \u201cIo vado a Brema per farmi ingaggiare nella banda,\u201d rispose l\u2019asino. \u201cVieni con me, potrai suonare i timpani!\u201d E cos\u00ec i due compari proseguirono la strada insieme. Poco dopo incrociarono un gatto dall\u2019aria cos\u00ec triste che lo fermarono per interrogarlo. \u201cChe ti succede?\u201d \u201cSiccome sono vecchio e non ho pi\u00f9 voglia di prendere i topi, la mia padrona mi ha cacciato. E io non so dove andare,\u201d rispose il gatto. \u201cAllora vieni con noi a Brema a suonare nella banda!\u201d \u201cBuona idea!\u201d Rispose il gatto che si stiracchi\u00f2 e part\u00ec con loro.\u2028Pi\u00f9 tardi, quando i tre amici passarono accanto a una fattoria, videro un gallo appollaiato su un muretto che gridava a perdifiato.<\/p>\n<p>\u201cPerch\u00e9 gridi in questo modo?\u201d Gli chiese l\u2019asino.<\/p>\n<p>\u201cCanto finch\u00e9 ancora posso farlo!\u201d<\/p>\n<p>\u201cMa perch\u00e9?\u201d<\/p>\n<p>\u201cDomani, che \u00e8 domenica, la mia padrona riceve degli ospiti e ha chiesto alla cuoca di mettermi in pentola!\u201d<\/p>\n<p>\u201cVieni piuttosto con noi!\u201d Risposero in coro i tre compari. \u201cAndiamo a Brema a suonare. Tu hai una bella voce, completerai alla perfezione il nostro ensemble!\u201d\u2028Il gallo salt\u00f2 gi\u00f9 dal muretto e li raggiunse.\u2028 Poich\u00e9 non avrebbero potuto raggiungere Brema il giorno stesso, i quattro amici decisero di passare la notte nella foresta. L\u2019asino e il cane si accucciarono ai piedi di un abete, mentre il gatto e il gallo s\u2019installarono sui rami. Improvvisamente il gallo scorse una luce. \u201cSe si tratta di una casa, ci staremo meglio che qui,\u201d grid\u00f2 ai compagni. La piccola truppa si rimise in marcia, scoprendo una comoda casetta in cui si erano sistemati dei briganti. Zitto zitto, l\u2019asino si avvicin\u00f2 e disse: \u201cVedete anche voi quello che vedo io?! Una tavola imbandita con un\u2019infinit\u00e0 di bevande e cibi prelibati!\u201d<\/p>\n<p>\u201cE basta?\u201d chiese il cane.<\/p>\n<p>\u201cQuattro briganti gli fanno la festa.\u201d<\/p>\n<p>\u201cTutto ci\u00f2 mi mette appetito,\u201d sussurr\u00f2 il gallo.<\/p>\n<p>\u201cAnche a me,\u201d mormor\u00f2 il gatto. \u201cMa come fare per cacciare quei ladri?\u201d<\/p>\n<p>I quattro amici si consultarono ed ebbero un\u2019idea: l\u2019asino pos\u00f2 le zampe anteriori sul davanzale della finestra, il cane gli sal\u00ec in groppa, il gatto si arrampic\u00f2 sul cane e il gallo si appollai\u00f2 sulla testa del gatto. Intonarono allora il loro primo concerto: l\u2019asino si mise a ragliare, il cane ad abbaiare, il gatto a miagolare e il gallo a cantare. Pensando di avere a che fare con uno spirito, i briganti spaventati scapparono a gambe levate.<\/p>\n<p>L\u2019asino, il cane, il gatto e il gallo si misero allora a tavola e cenarono allegramente. Dopo questo ricco banchetto si sistemarono per la notte. Acquattato nel bosco, il capo dei briganti disse a uno dei suoi:<\/p>\n<p>\u201cTorna nella casa a vedere se la via \u00e8 libera!\u201d<\/p>\n<p>L\u2019uomo si avvicin\u00f2 in silenzio ed entr\u00f2 in cucina, ma svegli\u00f2 il gatto che gli salt\u00f2 sulla faccia e lo graffi\u00f2. Il brigante corse fuori, ma il cane si lanci\u00f2 su di lui e gli morse i polpacci, l\u2019asino gli dette una serie di calci, mentre il gallo lo terrorizzava urlando a squarciagola. Senza fiato l\u2019uomo raggiunse gli altri briganti.<\/p>\n<p>\u201cIn casa nostra c\u2019\u00e8 un\u2019abominevole strega che mi ha graffiato! &#8211; rifer\u00ec terrorizzato -. Si trova l\u00ec insieme a un uomo armato di coltello che mi ha ferito alla gamba, a un gigante che mi ha colpito con la sua mazza e a un mostro che urlava di volermi impiccare!\u201d<\/p>\n<p>I briganti non tornarono mai pi\u00f9 in quella casa. Quanto ai quattro musicisti, si trovarono cos\u00ec bene che divenne la loro dimora e ci vissero felicemente fino alla fine dei loro giorni.<\/p>\n<p><strong>Clip Les musiciens<\/strong><\/p>\n<p>Zaffiri, lapislazzuli, diamanti.<\/p>\n<p>Questa clip evoca la scena emblematica del racconto, in cui i quattro animali riuniti riescono a far fuggire i briganti. Scolpiti nell\u2019oro rosa, essi formano una piramide che si staglia su di un fondo blu profondo come la notte: quest\u2019ultimo si compone di \u201cpastiglie\u201d di lapislazzuli, ognuna delle quali ornata di un diamante incastonato a stella. L\u2019asino, il cane, il gatto e il gallo prendono posto al centro di una cornice ovale di diamanti, che permette al motivo di ruotare rivelando una seconda faccia, contraddistinta da un decoro a fogliame in oro giallo splendente che sembra fremere nella notte.<\/p>\n<p>&nbsp;<\/p>\n<p><strong>Collana Sous la lune<\/strong><\/p>\n<p>Cabochon di smeraldo di 29,44 carati (Colombia), 464 sfere di zaffiro per un totale di 647,02 carati (Birmania), zaffiri, smeraldi, diamanti. Collana con clip amovibile.<\/p>\n<p>Magistrale omaggio alla notte, questa creazione presenta un insieme raro: cinque ranghi di sfere di zaffiri birmani di un blu profondo per un totale di 647,02 carati. Essi trattengono un pendente concepito intorno a un generoso cabochon di smeraldo di Colombia di 29,44 carati. Il colore intenso \u00e8 sublimato da una successione di diamanti di tagli differenti punteggiati di zaffiri. Questo pendente \u2013 il cui verso \u00e8 ornato di un motivo traforato che evoca la foresta pi\u00f9 profonda \u2013 \u00e8 amovibile e pu\u00f2 essere indossato da solo come clip.<\/p>\n<p><strong>Bracciale Lumi\u00e8re<\/strong><\/p>\n<p>Spinelli neri, onice, diamanti bianchi e rosa.<\/p>\n<p>Nell\u2019oscurit\u00e0 della foresta i musicanti di Brema scorgono improvvisamente la luce di una finestra. Questa immagine \u00e8 ritrascritta in maniera grafica attraverso questo bracciale che ripete lo stesso motivo in un sottile gioco di variazioni.\u2028Un\u2019aura di diamanti bianchi e rosa circonda ogni pietra centrale, dalla quale sembrano scaturire raggi di spinelli neri, onice e diamanti taglio rotondo e baguette. Il remoto chiarore della casa \u00e8 cos\u00ec suggerito da un contrasto cromatico e materico capace di suscitare un affetto di fulgido irradiamento.<\/p>\n<p><strong>Orecchini Victoire<\/strong><\/p>\n<p>14 diamanti gialli taglio a rosa per un totale di 18,18 carati, diamanti. Orecchini con pendenti amovibili.<\/p>\n<p>Nella favola dei fratelli Grimm gli animali, unendosi, riescono a trionfare sui briganti. In omaggio ai quattro compagni di avventura, questi orecchini associano diamanti gialli di forma differente in una composizione aerea e armoniosa. Il fascino di queste Pierres de Caract\u00e8re \u00e8 sottolineato dal taglio a rosa, mentre il loro colore attentamente abbinato risplende nel bel mezzo di diamanti bianchi taglio rotondo, baguette e a goccia. Coniugando la regolarit\u00e0 delle linee con l\u2019asimmetria delle gemme, tale sottile mosaico suggerisce la complementariet\u00e0 che conduce all\u2019armonia.<\/p>\n<p>&nbsp;<\/p>\n<p>&nbsp;<\/p>\n","protected":false},"excerpt":{"rendered":"<p>Van Cleef &amp; Arpels presenta la nuova collezione Quatre contes de Grimm Permeato di sogno e poesia, il meraviglioso contraddistingue da sempre l\u2019universo di Van Cleef &amp; Arpels. Inscrivendosi a tutti gli effetti in questo registro favoloso, Quatre contes de Grimm, la nuova collezione di Alta Gioielleria della Maison, interpreta quattro fiabe dei fratelli Grimm:Le &hellip; <a href=\"https:\/\/www.gdapress.it\/it\/index.php\/67748\/costume\/van-cleef-arpels-presenta-la-nuova-collezione-quatre-contes-de-grimm.html\" class=\"more-link\">Read more <span class=\"screen-reader-text\">Van Cleef &#038; Arpels presenta la nuova collezione Quatre contes de Grimm<\/span><\/a><\/p>\n","protected":false},"author":2,"featured_media":67749,"comment_status":"closed","ping_status":"open","sticky":false,"template":"","format":"standard","meta":{"footnotes":""},"categories":[2244],"tags":[19062,22708,22710,22709,22707,10440],"class_list":["post-67748","post","type-post","status-publish","format-standard","has-post-thumbnail","hentry","category-costume","tag-i-musicanti-di-brema","tag-le-scarpe-logorate-dal-ballo","tag-le-tre-piume","tag-luccello-doro","tag-quatre-contes-de-grimm","tag-van-cleef-arpels"],"_links":{"self":[{"href":"https:\/\/www.gdapress.it\/it\/index.php\/wp-json\/wp\/v2\/posts\/67748","targetHints":{"allow":["GET"]}}],"collection":[{"href":"https:\/\/www.gdapress.it\/it\/index.php\/wp-json\/wp\/v2\/posts"}],"about":[{"href":"https:\/\/www.gdapress.it\/it\/index.php\/wp-json\/wp\/v2\/types\/post"}],"author":[{"embeddable":true,"href":"https:\/\/www.gdapress.it\/it\/index.php\/wp-json\/wp\/v2\/users\/2"}],"replies":[{"embeddable":true,"href":"https:\/\/www.gdapress.it\/it\/index.php\/wp-json\/wp\/v2\/comments?post=67748"}],"version-history":[{"count":1,"href":"https:\/\/www.gdapress.it\/it\/index.php\/wp-json\/wp\/v2\/posts\/67748\/revisions"}],"predecessor-version":[{"id":67750,"href":"https:\/\/www.gdapress.it\/it\/index.php\/wp-json\/wp\/v2\/posts\/67748\/revisions\/67750"}],"wp:featuredmedia":[{"embeddable":true,"href":"https:\/\/www.gdapress.it\/it\/index.php\/wp-json\/wp\/v2\/media\/67749"}],"wp:attachment":[{"href":"https:\/\/www.gdapress.it\/it\/index.php\/wp-json\/wp\/v2\/media?parent=67748"}],"wp:term":[{"taxonomy":"category","embeddable":true,"href":"https:\/\/www.gdapress.it\/it\/index.php\/wp-json\/wp\/v2\/categories?post=67748"},{"taxonomy":"post_tag","embeddable":true,"href":"https:\/\/www.gdapress.it\/it\/index.php\/wp-json\/wp\/v2\/tags?post=67748"}],"curies":[{"name":"wp","href":"https:\/\/api.w.org\/{rel}","templated":true}]}}