
{"id":67639,"date":"2018-09-06T09:19:32","date_gmt":"2018-09-06T07:19:32","guid":{"rendered":"http:\/\/www.gdapress.it\/it\/?p=67639"},"modified":"2018-09-06T09:19:33","modified_gmt":"2018-09-06T07:19:33","slug":"festival-della-comunicazione-visioni-camogli-v-edizione","status":"publish","type":"post","link":"https:\/\/www.gdapress.it\/it\/index.php\/67639\/cultura\/festival-della-comunicazione-visioni-camogli-v-edizione.html","title":{"rendered":"Festival della Comunicazione  Visioni  Camogli, V edizione,"},"content":{"rendered":"<p><img loading=\"lazy\" decoding=\"async\" class=\"alignleft size-large wp-image-67640\" src=\"http:\/\/www.gdapress.it\/it\/..\/public\/it\/2018\/09\/LOGO-ORIZZONTALE_con-data_2018_azzurri-500x150.jpg\" alt=\"\" width=\"500\" height=\"150\" srcset=\"https:\/\/www.gdapress.it\/it\/..\/public\/it\/2018\/09\/LOGO-ORIZZONTALE_con-data_2018_azzurri-500x150.jpg 500w, https:\/\/www.gdapress.it\/it\/..\/public\/it\/2018\/09\/LOGO-ORIZZONTALE_con-data_2018_azzurri-300x90.jpg 300w, https:\/\/www.gdapress.it\/it\/..\/public\/it\/2018\/09\/LOGO-ORIZZONTALE_con-data_2018_azzurri-768x230.jpg 768w\" sizes=\"auto, (max-width: 500px) 100vw, 500px\" \/><\/p>\n<p><strong>Festival della Comunicazione\u00a0\u00a0<\/strong><strong><em>Visioni\u00a0<\/em><\/strong><strong>Camogli, V edizione, 6-9 settembre 2018<\/strong><\/p>\n<p>Da gioved\u00ec 6 a domenica 9 settembre torna a Camogli l\u2019appuntamento annuale pi\u00f9 atteso in Italia dedicato alla comunicazione, alla cultura e all\u2019innovazione, il <strong>Festival della Comunicazione<\/strong>, diretto da <strong>Rosangela Bonsignorio<\/strong> e <strong>Danco Singer<\/strong> e organizzato da <strong>Frame,<\/strong> in collaborazione con il <strong>Comune di Camogli<\/strong><\/p>\n<p>Dopo <em>Comunicazione<\/em>, <em>Linguaggio<\/em>, <em>Web<\/em> e <em>Connessioni<\/em>, il <em>fil rouge<\/em> di quest\u2019anno, <strong><em>Visioni<\/em><\/strong>, porta avanti l\u2019eredit\u00e0 di Umberto Eco, ideatore e padrino della manifestazione, il cui pensiero d\u00e0 forma ad ogni edizione, non solo nei toni e nelle tematiche, ma soprattutto nella sua particolare visione del contemporaneo e dell\u2019umano: un meraviglioso sistema di segni da interpretare secondo diverse prospettive, sensibilit\u00e0, punti di vista, combinando alto e basso, seriet\u00e0 e ironia, particolare e universale.<\/p>\n<p>E proprio al grande maestro e semiologo, il festival dedica nella sua giornata d\u2019apertura lo speciale evento <strong><em>Musica e parole. Un ricordo di Umberto Eco.<\/em><\/strong> Dell\u2019ingegno multiforme di Umberto Eco si \u00e8 ricordato molto ma non tutto: il serissimo studioso di san Tommaso, semiologo, romanziere, bibliofilo, faceva posto nella sua sterminata memoria alla pi\u00f9 completa raccolta di barzellette del secolo. Ci raccontano il suo precoce umorismo due amici di infanzia e di giovent\u00f9 e di tutta la vita, <em>Gianni Coscia <\/em>e <em>Furio Colombo<\/em>. I suoi allievi e poi colleghi, <em>Valentina Pisanty<\/em> e <em>Riccardo Fedriga<\/em>, ricordano qualcuna delle sue infinite battute di spirito. <em>Paolo Fabbri<\/em>, <em>Maurizio Ferraris<\/em>, <em>Marco Santambrogio<\/em>, vecchi amici e colleghi, descrivono i momenti pi\u00f9 impensati in cui lo hanno visto ridere e giocare con le parole.<\/p>\n<p>Sul tema <em>Visioni<\/em> si affronteranno e confronteranno <strong>oltre 100 ospiti <\/strong>tra i pi\u00f9 prestigiosi rappresentanti della cultura, dell\u2019economia, della scienza, dello spettacolo, dell\u2019innovazione tecnologica dell\u2019Italia e del mondo, e gli amministratori delegati e i presidenti di alcune delle maggiori aziende nazionali e internazionali.<\/p>\n<p>\u00abVisione \u00e8 narrazione, sogno, fantasia, talvolta illusione ed inganno &#8211; spiegano Rosangela Bonsignorio e Danco Singer &#8211; \u00c8 interpretazione del reale secondo la nostra peculiare sensibilit\u00e0 percettiva, le nostre coordinate storico-culturali e la nostra genialit\u00e0. \u00c8 la capacit\u00e0 di scorgere l\u2019inedito, di vedere oltre il piano materiale e immaginare situazioni possibili e realizzabili. \u00c8 il risultato di uno sguardo al contempo particolare e d\u2019insieme, che a partire dal contesto attuale disegna nuovi scenari, apre nuove strade e mette in moto il cambiamento. Le grandi innovazioni della storia e le scoperte della scienza derivano da menti visionarie che, spostando l\u2019orizzonte delle capacit\u00e0 presenti, fissano nuovi traguardi. L\u2019arte, la scrittura e la musica, spesso contaminandosi a vicenda, ci mostrano in atto universi possibili, alternativi e complementari e arricchiscono cos\u00ec le visioni del presente, perch\u00e9 possiamo immaginare futuri diversi\u00bb.<\/p>\n<p><img loading=\"lazy\" decoding=\"async\" class=\"alignleft size-large wp-image-67641\" src=\"http:\/\/www.gdapress.it\/it\/..\/public\/it\/2018\/09\/Renzo-Piano-1-500x375.jpg\" alt=\"\" width=\"500\" height=\"375\" srcset=\"https:\/\/www.gdapress.it\/it\/..\/public\/it\/2018\/09\/Renzo-Piano-1-500x375.jpg 500w, https:\/\/www.gdapress.it\/it\/..\/public\/it\/2018\/09\/Renzo-Piano-1-300x225.jpg 300w, https:\/\/www.gdapress.it\/it\/..\/public\/it\/2018\/09\/Renzo-Piano-1-768x576.jpg 768w, https:\/\/www.gdapress.it\/it\/..\/public\/it\/2018\/09\/Renzo-Piano-1.jpg 1772w\" sizes=\"auto, (max-width: 500px) 100vw, 500px\" \/><\/p>\n<p>INCONTRI<\/p>\n<p>Il Festival della Comunicazione 2018 sar\u00e0 aperto da una <em>lectio magistralis<\/em> dell\u2019architetto e senatore a vita <strong>Renzo Piano<\/strong> sulla nuova visione dell\u2019ambiente urbano, con le sue mutate concezioni di tempo e spazio, individuo e socialit\u00e0.<\/p>\n<p>A seguire, un ricco palinsesto di conferenze, dialoghi e interviste che intrecceranno linguaggi, discipline, personalit\u00e0 e mondi apparentemente distanti<\/p>\n<p><strong>dal mondo della letteratura, della filosofia, della storia, della semiotica e dell\u2019antropologia<\/strong>:<\/p>\n<p>l\u2019antropologo <em>Marco Aime<\/em>; gli storici <em>Alessandro Barbero<\/em>,<em> Sergio Luzzatto, Sergio Romano<\/em>; gli scrittori <em>Alessandro D\u2019Avenia,<\/em> <em>Andrea De Carlo<\/em>, <em>Alessia Gazzola<\/em>,<em> Paolo Giordano<\/em>,<em> Stefano Massini, Sergio Claudio Perroni, Alessandro Piperno<\/em>, <em>Silvia Truzzi, Ilaria Tuti<\/em>, <em>Andrea Vitali<\/em>; il poeta <em>Guido Catalano<\/em>; i filosofi <em>Riccardo Fedriga<\/em>, <em>Maurizio Ferraris e Marco Santambrogio<\/em>; il filologo e latinista <em>Maurizio Bettini<\/em>; l\u2019esperto di comunicazione <em>Carlo Freccero<\/em>; l\u2019autrice di graphic novel <em>Cinzia Leone<\/em>; il filosofo ed evoluzionista <em>Telmo Pievani<\/em>; i semiologi <em>Paolo Fabbri<\/em> e <em>Valentina Pisanty<\/em>; il linguista <em>Raffaele Simone<\/em>;<\/p>\n<p><strong>dal mondo della scienza, della tecnologia, della psicologia e della psichiatria<\/strong>: il divulgatore scientifico <em>Piero Angela<\/em>; il genetista <em>Guido Barbujani<\/em>; lo psichiatra <em>Paolo Crepet<\/em>; la sociologa <em>Stefania Operto<\/em>; il fisico del CNR <em>Massimo Caccia<\/em>; il direttore scientifico dell\u2019Istituto Italiano di Tecnologia <em>Roberto Cingolani<\/em>; il direttore del dipartimento di Nanofisica dell\u2019IIT <em>Alberto Diaspro<\/em>; il chimico e divulgatore scientifico <em>Silvano Fuso<\/em>; il matematico e saggista <em>Piergiorgio Odifreddi<\/em>; il direttore del Graphene Labs dell\u2019IIT <em>Vittorio Pellegrini<\/em>; lo psicoanalista <em>Massimo Recalcati<\/em>; il geologo e divulgatore scientifico <em>Mario Tozzi<\/em>;<\/p>\n<p><strong>dal mondo della musica, del teatro, del cinema, della moda e della cucina<\/strong>: il compositore, direttore d\u2019orchestra e pianista <em>Giovanni Allevi<\/em>; i musicisti <em>Gianni Coscia,<\/em> <em>Mario Incudine<\/em> e <em>Antonio Vasta<\/em>; il violoncellista <em>Relja Lukic<\/em>; il cantautore <em>Dente<\/em>; gli chef<em> Bruno Barbieri <\/em>e <em>Davide Oldani<\/em>; lo storico dell\u2019alimentazione <em>Massimo Montanari<\/em>; il direttore artistico del Teatro di Roma <em>Antonio Calbi<\/em>; lo sceneggiatore <em>Ivan Cotroneo<\/em>; lo stilista <em>Brunello Cucinelli<\/em>; l\u2019illusionista <em>Carlo Faggi<\/em>; il regista <em>Gabriele Muccino<\/em>; gli attori <em>Monica Guerritore, Beatrice Luzzi,<\/em> <em>Umberto Orsini<\/em>; il regista e conduttore televisivo <em>Pif<\/em>;<\/p>\n<p><strong>dal mondo del giornalismo, dei new media e del digitale<\/strong>: i giornalisti <em>Annalisa Bruchi<\/em>, <em>Pietrangelo Buttafuoco,<\/em> <em>Mario Calabresi<\/em>, <em>Aldo Cazzullo,<\/em> <em>Furio Colombo<\/em>, <em>Luca De Biase<\/em>, <em>Ferruccio de Bortoli<\/em>, <em>Federico Ferrazza<\/em>, <em>Luciano Fontana<\/em>,<em> Federico Fubini<\/em>, <em>Gad Lerner<\/em>, <em>Maurizio Molinari<\/em>, <em>Pierluigi Pardo<\/em>, <em>David Parenzo<\/em>, <em>Federico Rampini, Carlo Rognoni, Massimo Russo<\/em>, <em>Michele Serra,<\/em> <em>Marco Travaglio,<\/em> <em>Giorgio Zanchini<\/em>; <em>Monica Maggioni<\/em>, presidente della Rai; il divulgatore informatico <em>Salvatore Aranzulla<\/em>; il giornalista informatico e cacciatore di bufale <em>Paolo Attivissimo<\/em>; <em>Francesca Bria<\/em>, assessore all\u2019innovazione tecnologica a Barcellona; il politologo <em>Evgeny Morozov<\/em>; l\u2019attore e youtuber <em>Guglielmo Scilla <\/em>(alias<em> Willwoosh<\/em>); la youtuber e scrittrice <em>Sofia Viscardi<\/em>;<\/p>\n<p><strong>dal mondo dell\u2019economia, del diritto e dell\u2019imprenditorialit\u00e0<\/strong>: gli economisti <em>Carlo Cottarelli, Alessandra Perrazzelli<\/em>,<em> Severino Salvemini, Paola Schwizer<\/em>; l\u2019ex magistrato <em>Gherardo Colombo<\/em>; il procuratore capo di Milano <em>Francesco Greco<\/em>; il giurista e avvocato <em>Vincenzo Roppo<\/em>; l\u2019avvocato <em>Elisabetta Rubini; <\/em>il giurista<em> Gustavo Zagrebelsky<\/em>;<em> Luca Casaura<\/em>, senior vice president global &amp; strategic marketing di Costa Crociere; <em>Evelina Christillin<\/em>, presidente dell\u2019Enit e del Museo Egizio di Torino; <em>Oscar Farinetti<\/em>, fondatore di Eataly; <em>Gabriele Galateri di Genola<\/em>, presidente di Assicurazioni Generali; <em>Edoardo Garrone<\/em>, presidente del Gruppo ERG; <em>Alberto Girani<\/em>, direttore dell&#8217;Ente Parco di Portofino; <em>Luca Leoni<\/em>, amministratore unico di Show Reel; <em>Francesco Profumo<\/em>, presidente della Compagnia di San Paolo; <em>Andrea Riccardi<\/em>, fondatore della Comunit\u00e0 di Sant\u2019Egidio; <em>Simone Bemporad<\/em>, direttore comunicazione e affari istituzionali di Generali; <em>Sergio Solero<\/em>, presidente e amministratore delegato di BMW Italia.<\/p>\n<p>PREMIO COMUNICAZIONE<\/p>\n<p>Il <strong>Premio Comunicazione<\/strong> quest\u2019anno verr\u00e0 assegnato allo storico <strong>Alessandro Barbero<\/strong>, che, con la sua travolgente dialettica e la sua coinvolgente presenza scenica, ci guida alla riconquista della nostra memoria storica, offrendoci sempre una chiave di interpretazione originale, inconsueta e mai scontata nell\u2019esplorazione del nostro passato e nell\u2019interpretazione del nostro presente.<\/p>\n<p><strong>DENTRO E INTORNO AL FESTIVAL<\/strong><\/p>\n<p>Ad arricchire il programma, tanti <strong>appuntamenti speciali<\/strong>, capaci di coinvolgere i pubblici pi\u00f9 diversi per et\u00e0 e interessi: il buongiorno del festival, gli aperitivi in piazzetta con curiose playlist, gli spettacoli serali, i laboratori per bambini, famiglie e giovani universitari e, ancora, le escursioni culturali sul Monte di Portofino e nell\u2019Area Marina Protetta.<\/p>\n<p><strong>\u00a0<\/strong><strong>IL BUONGIORNO DEL FESTIVAL<\/strong><\/p>\n<p>Le mattine del festival si apriranno con gli appuntamenti <strong>A colazione con l\u2019autore<\/strong>, per chiacchierare di libri e letteratura davanti al confortevole abbraccio di cappuccino e brioche, seduti al tavolino di un bar affacciato sul mare, in compagnia degli scrittori pi\u00f9 amati.<\/p>\n<p>Novit\u00e0 di quest\u2019anno \u00e8 la <strong>Rassegna stampa in diretta dal Festival<\/strong>, un\u2019inedita lettura dei quotidiani, dal gusto ironico e dissacrante, ai confini della realt\u00e0, in cui giornalisti e personaggi di cultura e spettacolo commenteranno in un modo tutto particolare i titoli e i temi pi\u00f9 \u201ccaldi\u201d dell\u2019attualit\u00e0.<\/p>\n<p><strong>APERITIVO CON LE \u201cLISTE DEGLI ALTRI\u201d<\/strong><\/p>\n<p>Altra novit\u00e0, l\u2019appuntamento semi-alcolico con la musica, basato sulle playlist di 139 italiani raccolte da <strong>Severino Salvemini<\/strong> e interpretate dalla fisarmonica di <strong>Gianni Coscia.<\/strong><\/p>\n<p><strong>SPETTACOLI <\/strong><\/p>\n<p>Per esplorare appieno il tema <strong><em>Visioni<\/em><\/strong>, non potevano certo mancare contributi dal mondo del teatro, della musica e della poesia. Anche quest\u2019anno saranno infatti molti gli spettacoli organizzati al Teatro Sociale e nelle incantevoli piazze della cittadina ligure.<\/p>\n<p><strong>\u201c<\/strong>I baci sono definitivi\u201d \u00e8 un succedersi di storie lette e prima ancora rubate da <strong><em>Pietrangelo Buttafuoco<\/em><\/strong> nel suo viaggio giornaliero in metropolitana, treno o aereo e raccolte nel suo libro. Tra una lettura e l\u2019altra dello scrittore, il poliedrico e versatile <strong><em>Mario Incudine<\/em><\/strong>, accompagnato dall\u2019inseparabile maestro <strong><em>Antonio Vasta<\/em><\/strong>, render\u00e0 magico ci\u00f2 che gi\u00e0 risultava fantastico.<\/p>\n<p>Nel racconto teatrale <strong>\u201c<\/strong>Ogni storia \u00e8 una storia d\u2019amore\u201d, i personaggi che abiteranno la scena con <strong><em>Alessandro D\u2019Avenia<\/em><\/strong> saranno scelti tra le trentasei donne rievocate, raccontate nel suo ultimo libro. S<strong>torie di donne<\/strong> <em>che<\/em> <em>hanno provato ad amare artisti con esiti che vanno dal tragico della Elizabeth di Dante Gabriel Rossetti al comico della Giulietta di Fellini, dall&#8217;epico della Nade\u017eda di Osip Mandel&#8217;\u0161tam al lirico della Fanny di Keats, dal cinematografico della Alma di Hitchcock al fiabesco della Edith di Tolkien, sempre rivolgendosi all\u2019archetipo di ogni storia d\u2019amore: Euridice e Orfeo.<\/em><\/p>\n<p>In<strong> \u201c<\/strong>Contemporaneamente insieme\u201d il poeta <strong><em>Guido Catalano<\/em><\/strong> e il cantautore <strong><em>Dente<\/em> <\/strong>incroceranno chitarra e penna per parlare d\u2019amore a modo loro, dando vita a uno spettacolo inedito ed estremamente originale.<\/p>\n<p>Nel reading \u201cMusica: passione e professione\u201d il giurista <strong><em>Gustavo Zagrebelsky<\/em><\/strong>, accompagnato dal violoncellista <strong><em>Relja Lukic, <\/em><\/strong>intreccer\u00e0 linguaggi, musica e discipline diverse.<\/p>\n<p>Tre importanti voci del panorama giornalistico italiano interverranno in un\u2019inedita veste, offrendo al pubblico tre reading teatrali.<\/p>\n<p>\u201cBeate le bestie. Considerazioni in pubblico alla presenza di una mucca<em>\u201d con <\/em><strong><em>Michele Serra<\/em><\/strong>. Le parole, con la loro seduzione e le loro trappole, sono le protagoniste di questo monologo teatrale impudico e coinvolgente, comico e sentimentale. Tratto dal libro <em>La sinistra e altre parole strane<\/em>, nel quale Serra apre al lettore le porte della sua bottega di scrittura, \u201cBeate le bestie\u201d \u00e8 un atto di amore nei confronti di un mestiere faticoso e fragile: scrivere.<\/p>\n<p>\u201cBalle spaziali<strong>\u201d <\/strong>di <strong><em>Marco Travaglio. <\/em><\/strong>Che cosa rimane della campagna contro le presunte fake news del web, montata da politici sconfitti e da giornali e programmi tv che hanno diffuso per decenni le pi\u00f9 grandi menzogne al servizio del potere. Storia della pi\u00f9 grande bufala degli ultimi anni: la fake news sulle fake news. Cio\u00e8 di una fake news al quadrato.<\/p>\n<p><strong><em>Federico Rampini<\/em> <\/strong>con<strong> \u201c<\/strong>Linee rosse<strong>\u201d<\/strong> porter\u00e0 sul palco la geopolitica e racconter\u00e0 le trasformazioni dell\u2019attualit\u00e0 mondiale seguendo il tracciato delle carte geografiche, sovrapponendole e interpretando numeri e linee di confine.<\/p>\n<p>Tre proposte, infine, per guardare con coraggio al futuro, senza dimenticare il momento in cui viviamo<em>.<\/em><\/p>\n<p>\u201cIl Coraggio. Vivere, amare, educare\u201d con lo psichiatra <strong><em>Paolo Crepet<\/em><\/strong> e l\u2019attrice <strong><em>Monica Guerritore<\/em><\/strong> \u00e8 un reading-spettacolo sulla pi\u00f9 grande emergenza odierna: il coraggio.<\/p>\n<p><em>\u201c<\/em>Le donne erediteranno la terra<em>\u201d<\/em>: un tributo al genio femminile, attraverso figure del passato e del presente, storie di grandi artiste e di figlie che salvano i padri o ne custodiscono la memoria. Donne che sanno sacrificarsi, guardare lontano, prendersi cura di ci\u00f2 che le circonda, e per questo pi\u00f9 dotate degli uomini per affrontare l&#8217;epoca contemporanea. Con il giornalista <strong><em>Aldo Cazzullo <\/em><\/strong>e l\u2019attrice <strong><em>Beatrice Luzzi<\/em>.<\/strong><\/p>\n<p>\u201cSN-19: storie di umani e robot. L\u2019avanzata dei robot: quale futuro per gli esseri umani?\u201d, con la sociologa della Scuola di Robotica<em> <strong>Stefania Operto<\/strong><\/em>, uno spazio di riflessione interattivo che coinvolge il pubblico con modalit\u00e0 partecipative e inaspettate che vanno oltre il racconto. Nao, tra i social robot pi\u00f9 famosi al mondo, sar\u00e0 protagonista di un dialogo sorprendente che dimostrer\u00e0 quanto parlare con un robot possa essere naturale.<\/p>\n<p><strong>LABORATORI <\/strong><\/p>\n<p>Sempre grande attenzione \u00e8 dedicata al pubblico dei pi\u00f9 giovani, che potranno esplorare il tema del festival in modo creativo, con un linguaggio e degli appuntamenti ideati appositamente per loro. Per bambini e ragazzi sono in programma, infatti, dieci <strong>laboratori<\/strong> che spaziano dall\u2019educazione alla sostenibilit\u00e0 ambientale, dal mondo marino a quello animale, da come si realizza un programma televisivo a un viaggio alla scoperta del nostro cervello, dalla robotica alle immersioni subacquee, allo yoga per tutta la famiglia. Inoltre sono previsti workshop di orientamento al mondo universitario rivolti sia ai ragazzi dai 16 ai 19 anni che ai loro genitori.<\/p>\n<p><strong><u>Il mare e l\u2019impatto dell\u2019uomo<\/u> (5-10 anni)<\/strong><\/p>\n<p>Un laboratorio interattivo e di gruppo per conoscere il mondo marino e i suoi abitanti, ma anche per essere consapevoli dell\u2019impatto dell\u2019uomo su questo delicato ambiente e delle attenzioni che ognuno di noi pu\u00f2 avere per preservarlo. In collaborazione con <strong>MyEdu.<\/strong><\/p>\n<p><strong><u>Laboratorio sul mimetismo e su come vedono gli animali<\/u> (6-10 anni)<\/strong><\/p>\n<p>Gli animali sono abilissimi a nascondersi, camuffarsi e ingannare i predatori. I partecipanti potranno scoprire le \u201ctecniche\u201d che usano, oltre a come funziona la loro visione. In collaborazione con la <strong>Cooperativa Dafne.<\/strong><strong>\u00a0<\/strong><\/p>\n<p><strong><u>RAI Porte Aperte. Entra in RAI e scopri la passione oltre lo schermo<\/u> (6-12 anni)<\/strong><\/p>\n<p>Come si realizza un programma televisivo? Come si lancia un servizio del TG? Come si usa una telecamera? A queste e a molte altre domande risponder\u00e0 chi ogni giorno lavora nei backstage dei programmi radiofonici e televisivi della <strong>RAI.<\/strong><\/p>\n<p><strong><u>Infinite sfumature di azzurro: gli ambienti marini<\/u> (6-12 anni)<\/strong><\/p>\n<p>Giochi e prove interattive di equilibrio e conoscenza, dal gioco dell\u2019isola al tappetone della biodiversit\u00e0, al twister dei mestieri del mare. In collaborazione con l\u2019<strong>Acquario di Genova<\/strong>.<\/p>\n<p><strong><u>Illusionarium, il grande Luna Park della Mente: non sempre la realt\u00e0 \u00e8 quella che si vede<\/u> (8-14 anni)<\/strong><\/p>\n<p>Un viaggio con l\u2019illusionista <strong>Carlo Faggi<\/strong> alla scoperta di come il nostro cervello elabora quanto gli occhi gli trasmettono, lasciandosi talvolta ingannare. Ci si addentrer\u00e0 insieme in un mondo popolato da oggetti che non possono esistere, visi che ne nascondono altri, progetti architettonici impossibili, statue che sembrano seguire il nostro cammino e disegni che paiono animati.<\/p>\n<p><strong><u>Bubblemaker<\/u> (8-14 anni)<\/strong><\/p>\n<p>Mini corso d\u2019immersione: i bambini potranno fare il loro primo respiro subacqueo e nuotare in mare a due metri di profondit\u00e0, sotto la supervisione diretta di un istruttore qualificato. In collaborazione con <strong>B&amp;B Diving<\/strong>.<\/p>\n<p><strong><u>Universitari per un giorno<\/u> (16-19 anni)<\/strong><\/p>\n<p>Per gli studenti delle ultime classi delle scuole superiori si avvicina l\u2019importante scelta del percorso universitario. Per loro \u00e8 pensato un momento di orientamento con studenti e tutor dell\u2019<strong>Universit\u00e0 di Genova<\/strong>, che illustreranno facolt\u00e0 e corsi e risponderanno alle domande dei ragazzi.<\/p>\n<p><strong><u>Porte aperte ai genitori<\/u><\/strong><\/p>\n<p>La scelta dell\u2019universit\u00e0 \u00e8 un momento delicato anche per i genitori. A loro \u00e8 proposto un laboratorio per imparare come sostenere in modo efficace i propri ragazzi, in collaborazione con l\u2019<strong>Universit\u00e0 di Genova<\/strong>.<\/p>\n<p><strong><u>FamilYoga<\/u> (per tutti)<\/strong><\/p>\n<p>Bambini, genitori e anche nonni, sotto la guida di <strong>Concetta Ferrara<\/strong>, potranno praticare insieme la disciplina dello Yoga: un\u2019occasione da non perdere che coinvolge la famiglia nel gioco e nel movimento.<\/p>\n<p><strong><u>La robotica, il mare e l\u2019esplorazione dei poli<\/u> (per tutti)<\/strong><\/p>\n<p>Un laboratorio immersivo e coinvolgente, in cui i visitatori potranno pilotare un mini robot semi-sommergibile e vivere le emozioni di una missione di campionamento sui ghiacci artici. In collaborazione con il <strong>CNR di Genova<\/strong>.<\/p>\n<p><strong>ESCURSIONI CULTURALI<\/strong><\/p>\n<p>Sei le<strong> escursioni<\/strong>, per terra e per mare, dedicate a chi ama la natura e l\u2019aria aperta, alla scoperta delle bellezze naturali che circondano il borgo di Camogli.<\/p>\n<p>Tre <strong>passeggiate per il Monte di Portofino<\/strong>: di giorno \u201cPunti di vista dal Parco di Portofino\u201d alla scoperta degli ambienti naturali e dei principali punti panoramici e \u201cLa via dei tubi\u201d sulle tracce dell\u2019antico acquedotto; la sera \u201cAccade la notte nel Parco\u201d attraverso le Batterie del Parco di Portofino per ascoltare i magici rumori del bosco, conoscere da vicino il mondo dei pipistrelli e la fauna notturna del Parco.<\/p>\n<p>Tornano le tre amate e gettonatissime <strong>gite in battello<\/strong> per navigare lungo l\u2019Area Marina Protetta del Promontorio di Portofino: il \u201cWhale watching al tramonto\u201d per avvistare balene, delfini e le altre specie di mammiferi del Santuario dei Cetacei nel loro habitat naturale; l\u2019escursione pomeridiana \u201cNavigando il Promontorio di Portofino\u201d con una guida del Parco che illustrer\u00e0 la geologia e la storia del Monte e aneddoti locali sulla tradizione dei borghi marinari; la crociera notturna \u201cIl cielo stellato sopra di me\u201d per godere del fascino del cielo stellato e scoprire l\u2019origine mitologica di costellazioni, pianeti e corpi celesti.<\/p>\n<p><strong>PROGETTI PER GLI STUDENTI<\/strong><\/p>\n<p>Il Festival della Comunicazione quest\u2019anno dedica ai ragazzi un\u2019attenzione particolare, grazie a due nuovi progetti che offrono agli studenti l\u2019opportunit\u00e0 di acquisire esperienze e competenze utili alla propria crescita professionale.<\/p>\n<p><strong><u>Progetto Alternanza Scuola-Lavoro<\/u><\/strong><\/p>\n<p>I ragazzi dell\u2019Istituto Nautico di San Giorgio di Camogli e del Liceo Da Vigo di Rapallo avranno la possibilit\u00e0, attraverso un\u2019esperienza sul campo, di sperimentare da protagonisti i retroscena organizzativi e logistici del Festival della Comunicazione.<\/p>\n<p><strong><u>Tirocini Curriculari<\/u><\/strong><\/p>\n<p>Grazie all\u2019attivazione di tirocini curriculari con l\u2019Universit\u00e0 di Genova, da quest\u2019anno gli studenti universitari potranno collaborare con la grande macchina organizzativa del festival per comprendere come funziona un grande evento culturale.<\/p>\n<p><strong>Il Festival della Comunicazione \u00e8 realizzato in collaborazione con la Regione Liguria, il Teatro Sociale di Camogli, l\u2019Universit\u00e0 degli Studi di Genova, l\u2019Ente Parco di Portofino, l\u2019Area Marina Protetta di Portofino, la Scuola di Robotica, l\u2019Istituto Italiano di Tecnologia di Genova e MyEdu. <\/strong><\/p>\n<p>Main media partner: <strong>RAI<\/strong>.<\/p>\n<p>Media partner: <strong>Rai Cultura<\/strong>; <strong>Rai News24<\/strong>; <strong>TGR<\/strong>; <strong>Rai Radio3<\/strong>; <strong>WIRED<\/strong>; <strong>IlLibraio.it<\/strong>.<\/p>\n<p><strong>Tutte le iniziative del festival sono gratuite e aperte al pubblico fino a esaurimento posti.<\/strong><\/p>\n<p><strong>Informazioni: <a href=\"http:\/\/www.festivalcomunicazione.it\">www.festivalcomunicazione.it<\/a><\/strong><\/p>\n<p><strong>Facebook: @FestivalComunicazione \u2013 Twitter: @FestivalCom<\/strong><\/p>\n<p><strong>Canale Youtube: Festival della Comunicazione, Camogli<\/strong><\/p>\n<p><strong>\u00a0<\/strong><\/p>\n<p>&nbsp;<\/p>\n<p><strong>\u00a0<\/strong><\/p>\n<p><strong>\u00a0<\/strong><\/p>\n","protected":false},"excerpt":{"rendered":"<p>Festival della Comunicazione\u00a0\u00a0Visioni\u00a0Camogli, V edizione, 6-9 settembre 2018 Da gioved\u00ec 6 a domenica 9 settembre torna a Camogli l\u2019appuntamento annuale pi\u00f9 atteso in Italia dedicato alla comunicazione, alla cultura e all\u2019innovazione, il Festival della Comunicazione, diretto da Rosangela Bonsignorio e Danco Singer e organizzato da Frame, in collaborazione con il Comune di Camogli Dopo Comunicazione, &hellip; <a href=\"https:\/\/www.gdapress.it\/it\/index.php\/67639\/cultura\/festival-della-comunicazione-visioni-camogli-v-edizione.html\" class=\"more-link\">Read more <span class=\"screen-reader-text\">Festival della Comunicazione  Visioni  Camogli, V edizione,<\/span><\/a><\/p>\n","protected":false},"author":2,"featured_media":0,"comment_status":"closed","ping_status":"open","sticky":false,"template":"","format":"standard","meta":{"footnotes":""},"categories":[5],"tags":[1218,16442,4294,11157],"class_list":["post-67639","post","type-post","status-publish","format-standard","hentry","category-cultura","tag-camogli","tag-festival-della-comunicazione","tag-regione-liguria","tag-renzo-piano"],"_links":{"self":[{"href":"https:\/\/www.gdapress.it\/it\/index.php\/wp-json\/wp\/v2\/posts\/67639","targetHints":{"allow":["GET"]}}],"collection":[{"href":"https:\/\/www.gdapress.it\/it\/index.php\/wp-json\/wp\/v2\/posts"}],"about":[{"href":"https:\/\/www.gdapress.it\/it\/index.php\/wp-json\/wp\/v2\/types\/post"}],"author":[{"embeddable":true,"href":"https:\/\/www.gdapress.it\/it\/index.php\/wp-json\/wp\/v2\/users\/2"}],"replies":[{"embeddable":true,"href":"https:\/\/www.gdapress.it\/it\/index.php\/wp-json\/wp\/v2\/comments?post=67639"}],"version-history":[{"count":1,"href":"https:\/\/www.gdapress.it\/it\/index.php\/wp-json\/wp\/v2\/posts\/67639\/revisions"}],"predecessor-version":[{"id":67642,"href":"https:\/\/www.gdapress.it\/it\/index.php\/wp-json\/wp\/v2\/posts\/67639\/revisions\/67642"}],"wp:attachment":[{"href":"https:\/\/www.gdapress.it\/it\/index.php\/wp-json\/wp\/v2\/media?parent=67639"}],"wp:term":[{"taxonomy":"category","embeddable":true,"href":"https:\/\/www.gdapress.it\/it\/index.php\/wp-json\/wp\/v2\/categories?post=67639"},{"taxonomy":"post_tag","embeddable":true,"href":"https:\/\/www.gdapress.it\/it\/index.php\/wp-json\/wp\/v2\/tags?post=67639"}],"curies":[{"name":"wp","href":"https:\/\/api.w.org\/{rel}","templated":true}]}}