
{"id":67500,"date":"2017-12-09T17:12:58","date_gmt":"2017-12-09T15:12:58","guid":{"rendered":"http:\/\/www.gdapress.it\/it\/?p=67500"},"modified":"2018-07-26T17:24:16","modified_gmt":"2018-07-26T15:24:16","slug":"le-immagini-piu-straordinarie-del-world-press-photo-al-forte-di-bard","status":"publish","type":"post","link":"https:\/\/www.gdapress.it\/it\/index.php\/67500\/arte\/le-immagini-piu-straordinarie-del-world-press-photo-al-forte-di-bard.html","title":{"rendered":"LE IMMAGINI PI\u00d9 STRAORDINARIE  DEL WORLD PRESS PHOTO AL FORTE DI BARD"},"content":{"rendered":"<p><img loading=\"lazy\" decoding=\"async\" class=\"alignleft size-medium wp-image-67501\" src=\"http:\/\/www.gdapress.it\/it\/..\/public\/it\/2018\/07\/72479-Ami-Vitale_National-Geographic-300x225.jpg\" alt=\"\" width=\"300\" height=\"225\" srcset=\"https:\/\/www.gdapress.it\/it\/..\/public\/it\/2018\/07\/72479-Ami-Vitale_National-Geographic-300x225.jpg 300w, https:\/\/www.gdapress.it\/it\/..\/public\/it\/2018\/07\/72479-Ami-Vitale_National-Geographic-500x375.jpg 500w, https:\/\/www.gdapress.it\/it\/..\/public\/it\/2018\/07\/72479-Ami-Vitale_National-Geographic.jpg 600w\" sizes=\"auto, (max-width: 300px) 100vw, 300px\" \/><\/p>\n<p><strong>LE IMMAGINI PI\u00d9 STRAORDINARIE\u00a0\u00a0<\/strong><strong>DEL WORLD PRESS PHOTO<\/strong> <strong>AL FORTE DI BARD <\/strong><\/p>\n<p><strong><em>Oltre 140 scatti sensazionali e 12 video dei pi\u00f9 grandi fotoreporter <\/em><\/strong><\/p>\n<p><strong><em>di oggi<\/em><\/strong><strong><em> raccontano la storia dei nostri giorni <\/em><\/strong><\/p>\n<p><strong>7 dicembre 2017 \u2013 7 gennaio 2018 <\/strong><\/p>\n<p>Dal 7 dicembre 2017 al 7 gennaio 2018 il Forte di Bard presenta la <strong>60esima edizione del World Press <\/strong>Photo. Oltre 140 immagini straordinarie e 12 video dei vincitori del digital storytelling contest in mostra per il pi\u00f9 importante riconoscimento internazionale di fotogiornalismo che, per un anno, hanno documentato e illustrato gli avvenimenti del nostro tempo sui giornali di tutto il mondo. Un\u2019esposizione unica per scorrere, attraverso gli occhi dei pi\u00f9 grandi fotoreporter di oggi, gli scatti pi\u00f9 sensazionali che raccontano, denunciano, enfatizzano e racchiudono in una cornice la storia del nostro tempo.<\/p>\n<p>Dopo aver esaminato <strong>80.408 immagini<\/strong> pubblicate sui giornali proposte da <strong>5.034 fotografi<\/strong> provenienti da <strong>126 paesi<\/strong>, <strong>la giuria del prestigioso concorso ha p<\/strong><strong>remiato 45 fotografi di 25 diverse nazionalit\u00e0<\/strong>: Australia, Brasile, Canada, Cile, Cina, Filippine, Finlandia, Francia, Germania, India, Iran, Italia, Nuova Zelanda, Pakistan, Regno Unito, Repubblica Ceca, Romania, Russia, Sud Africa, Spagna, Svezia, Siria, Turchia, Stati Uniti e Ungheria.<\/p>\n<p><strong>Quattro i fotografi italiani<\/strong> premiati nelle otto categorie del concorso (<em>spot news, notizie generali, attualit\u00e0, vita quotidiana, ritratti, natura, sport e progetti a lungo termine<\/em>): <strong>Giovanni Capriotti<\/strong> (categoria: sport, primo premio), <strong>Antonio Gibotta<\/strong>, Agenzia Controluce (categoria:<\/p>\n<p>ritratti, secondo premio), <strong>Alessio Romenzi <\/strong>(categoria: notizie generali, terzo premio) e <strong>Francesco Comello<\/strong> (categoria: vita quotidiana, terzo premio).<\/p>\n<p>In mostra al Forte di Bard anche la <strong>foto dell\u2019anno 2016<\/strong> \u201c<strong>An Assassination in Turkey<\/strong>\u201d (Omicidio in Turchia), del fotografo turco, membro dell\u2019Associated Press, <strong>Burhan Ozbilici<\/strong>, scattata il 19 dicembre e che ritrae l\u2019attentatore Mevl\u00fct Mert Alt\u0131nta\u015f dopo aver assassinato l\u2019ambasciatore russo in Turchia, Andrey Karlov, durante un\u2019inaugurazione nella Galleria d\u2019Arte di Ankara.<\/p>\n<p>L\u2019immagine ha vinto anche il primo premio per la categoria spot news. A tal proposito <strong>Mary F. Calvert<\/strong>, membro della giuria, ha dichiarato: <em>\u00ab\u00c8 stata una decisione molto difficile, ma alla fine abbiamo intuito che la Foto dell\u2019anno doveva essere un\u2019immagine esplosiva che rappresentasse il disprezzo e l\u2019odio dei nostri tempi. \u00c8 un\u2019immagine talmente dirompente che ogni volta che compariva sullo schermo bisognava allontanarsi, proprio per questo abbiamo capito che incarnava alla perfezione ci\u00f2 che \u00e8 il World Press Photo e cosa significa\u00bb.<\/em><\/p>\n<p>L\u2019esposizione presenta anche i <strong>12 video<\/strong> vincitori del <strong>2017 Digital Storytelling Contest<\/strong>, premio assegnato alle migliori forme di giornalismo visivo grazie all\u2019utilizzo delle nuove tecnologie digitali e alla diffusione di Internet. Quest\u2019anno sono state esaminate <strong>282 produzioni<\/strong>: 135 per la categoria <em>short form<\/em>, 54 per la categoria <em>long form<\/em>, 62 per la categoria <em>immersive storytelling<\/em> e 31 per la categoria <em>innovative storytelling<\/em>.<\/p>\n<p>Nata nel 1955, la World Press Photo Foundation \u00e8 un&#8217;istituzione internazionale indipendente per il fotogiornalismo senza fini di lucro con sede ad Amsterdam. Il sito ufficiale di World Press Photo www.worldpressphoto.org presenta i dettagli e una galleria di immagini di tutti i lavori premiati.<\/p>\n<p>World Press Photo gode del sostegno della Lotteria Olandese dei Codici Postali ed e\u0300 sponsorizzato da Canon.<\/p>\n<p><strong>World Press Photo<\/strong><\/p>\n<p>Forte di Bard. Valle d\u2019Aosta<\/p>\n<p>7 dicembre 2017 \u2013 7 gennaio 2018<\/p>\n<p>&nbsp;<\/p>\n<p><strong><em>Info<\/em><\/strong><\/p>\n<p>Associazione Forte di Bard<\/p>\n<p>Tel. + 39 0125 833811 | <a href=\"mailto:info@fortedibard.it\">info@fortedibard.it<\/a> &#8211; <a href=\"http:\/\/www.fortedibard.it\">www.fortedibard.it<\/a><\/p>\n<p>&nbsp;<\/p>\n<p><strong><em>Orari<\/em><\/strong><\/p>\n<p>7 dicembre 10.00-18.00<\/p>\n<p>dall\u20198 al 10 dicembre 10.00-19.00<\/p>\n<p>dal 12 al 22 dicembre:<\/p>\n<p>feriali 10-17.00<\/p>\n<p>sabato e domenica 10-19.00<\/p>\n<p>23 e 24 dicembre: 10.00-18.00<\/p>\n<p>Chiuso l\u201911, il 18 e il 25 dicembre<\/p>\n<p>dal 26 dicembre al 7 gennaio aperta tutti i giorni:<\/p>\n<p>feriali 10.00-18.00<\/p>\n<p>sabato, domenica, festivi 10.00-19.00<\/p>\n<p>1\u00b0 gennaio: 13.00-19.00<\/p>\n<p><strong><em>Tariffe<\/em><\/strong><\/p>\n<p>Intero 7,00 euro | Ridotto 5,00 euro<\/p>\n<p>Cumulativo con mostra Da Raffaello a Balla. Capolavori dell\u2019Accademia Nazionale di San Luca Intero 11,00 euro | Ridotto 8,00 euro<\/p>\n<p>Nature &#8211; \u00a9 Ami Vitale, National Geographic, Wolong\u2019s Hetaoping Center, Riserva Naturale Nazionale di Wolong, Cina<\/p>\n","protected":false},"excerpt":{"rendered":"<p>LE IMMAGINI PI\u00d9 STRAORDINARIE\u00a0\u00a0DEL WORLD PRESS PHOTO AL FORTE DI BARD Oltre 140 scatti sensazionali e 12 video dei pi\u00f9 grandi fotoreporter di oggi raccontano la storia dei nostri giorni 7 dicembre 2017 \u2013 7 gennaio 2018 Dal 7 dicembre 2017 al 7 gennaio 2018 il Forte di Bard presenta la 60esima edizione del World &hellip; <a href=\"https:\/\/www.gdapress.it\/it\/index.php\/67500\/arte\/le-immagini-piu-straordinarie-del-world-press-photo-al-forte-di-bard.html\" class=\"more-link\">Read more <span class=\"screen-reader-text\">LE IMMAGINI PI\u00d9 STRAORDINARIE  DEL WORLD PRESS PHOTO AL FORTE DI BARD<\/span><\/a><\/p>\n","protected":false},"author":2,"featured_media":67501,"comment_status":"closed","ping_status":"open","sticky":false,"template":"","format":"standard","meta":{"footnotes":""},"categories":[4],"tags":[7420,3989],"class_list":["post-67500","post","type-post","status-publish","format-standard","has-post-thumbnail","hentry","category-arte","tag-forte-di-bard","tag-world-press-photo"],"_links":{"self":[{"href":"https:\/\/www.gdapress.it\/it\/index.php\/wp-json\/wp\/v2\/posts\/67500","targetHints":{"allow":["GET"]}}],"collection":[{"href":"https:\/\/www.gdapress.it\/it\/index.php\/wp-json\/wp\/v2\/posts"}],"about":[{"href":"https:\/\/www.gdapress.it\/it\/index.php\/wp-json\/wp\/v2\/types\/post"}],"author":[{"embeddable":true,"href":"https:\/\/www.gdapress.it\/it\/index.php\/wp-json\/wp\/v2\/users\/2"}],"replies":[{"embeddable":true,"href":"https:\/\/www.gdapress.it\/it\/index.php\/wp-json\/wp\/v2\/comments?post=67500"}],"version-history":[{"count":1,"href":"https:\/\/www.gdapress.it\/it\/index.php\/wp-json\/wp\/v2\/posts\/67500\/revisions"}],"predecessor-version":[{"id":67502,"href":"https:\/\/www.gdapress.it\/it\/index.php\/wp-json\/wp\/v2\/posts\/67500\/revisions\/67502"}],"wp:featuredmedia":[{"embeddable":true,"href":"https:\/\/www.gdapress.it\/it\/index.php\/wp-json\/wp\/v2\/media\/67501"}],"wp:attachment":[{"href":"https:\/\/www.gdapress.it\/it\/index.php\/wp-json\/wp\/v2\/media?parent=67500"}],"wp:term":[{"taxonomy":"category","embeddable":true,"href":"https:\/\/www.gdapress.it\/it\/index.php\/wp-json\/wp\/v2\/categories?post=67500"},{"taxonomy":"post_tag","embeddable":true,"href":"https:\/\/www.gdapress.it\/it\/index.php\/wp-json\/wp\/v2\/tags?post=67500"}],"curies":[{"name":"wp","href":"https:\/\/api.w.org\/{rel}","templated":true}]}}