
{"id":67488,"date":"2016-12-20T16:41:35","date_gmt":"2016-12-20T14:41:35","guid":{"rendered":"http:\/\/www.gdapress.it\/it\/?p=67488"},"modified":"2018-07-26T16:49:50","modified_gmt":"2018-07-26T14:49:50","slug":"forte-di-bard-robert-doisneau-icones","status":"publish","type":"post","link":"https:\/\/www.gdapress.it\/it\/index.php\/67488\/arte\/forte-di-bard-robert-doisneau-icones.html","title":{"rendered":"Forte di Bard  Robert Doisneau. Ic\u00f4nes"},"content":{"rendered":"<div><img loading=\"lazy\" decoding=\"async\" class=\"alignleft size-large wp-image-67489\" src=\"http:\/\/www.gdapress.it\/it\/..\/public\/it\/2018\/07\/FDB_banner_doisneau-500x179.jpg\" alt=\"\" width=\"500\" height=\"179\" srcset=\"https:\/\/www.gdapress.it\/it\/..\/public\/it\/2018\/07\/FDB_banner_doisneau-500x179.jpg 500w, https:\/\/www.gdapress.it\/it\/..\/public\/it\/2018\/07\/FDB_banner_doisneau-300x107.jpg 300w, https:\/\/www.gdapress.it\/it\/..\/public\/it\/2018\/07\/FDB_banner_doisneau.jpg 700w\" sizes=\"auto, (max-width: 500px) 100vw, 500px\" \/><\/div>\n<div><\/div>\n<div class=\"meta-data grid-item-meta\">17 dicembre 2016 &#8211; 14 maggio 2017<\/div>\n<div class=\"post-content\">\n<p>Il Forte di Bard dedica una mostra ad uno dei pi\u00f9 grandi fotografi del Novecento:\u00a0<strong>Robert Doisneau<\/strong>. Dal 17 dicembre 2016 al 14 maggio 2017.<\/p>\n<p><strong>Robert Doisneau. Ic\u00f4nes<\/strong>, a cura dell\u2019Atelier Robert Doisneau di Parigi e dell\u2019Associazione Forte di Bard, presenta una nuova selezione di fotografie realizzate dal grande artista francese nel corso della sua straordinaria carriera. Fil rouge del percorso la iconicit\u00e0 delle immagini, quelle che maggiormente hanno saputo conquistare l\u2019immaginario collettivo e il grande pubblico, a partire dal celebre bacio del 1950, Le baiser de l\u2019H\u00f4tel de ville.<\/p>\n<p>Doisneau viene definito per i suoi ritratti e la sua straordinaria capacit\u00e0 di raccontare la realt\u00e0 nella sua quotidianit\u00e0, un esponente della \u201c<strong>fotografia umanista<\/strong>\u201c. E\u2019 lui, meglio di ogni altro, ad aver immortalato i miti e le icone della Parigi del \u2018900, cogliendone appieno il loro fascino. Attraversando la Ville Lumi\u00e8re regala un\u00a0<strong>monumentale affresco di Parigi e dei parigini<\/strong>, immortalando gli aspetti pi\u00f9 curiosi e le contraddizioni della societ\u00e0 francese. I soggetti che lo hanno reso celebre sono i bambini e gli innamorati. In mostra anche i ritratti di personalit\u00e0 quali Picasso, Giacometti, Pr\u00e9vert.<br \/>\nInsieme ad Henry Cartier-Bresson \u00e8 considerato uno dei padri fondatori del fotogiornalismo di strada. Al centro della sua fotografia c\u2019\u00e8 l\u2019uomo con le sue emozioni, spesso colte nei momenti surreali che si presentano nella vita di tutti i giorni.<\/p>\n<p><em>Info<\/em><br \/>\nT. + 39 0125 833811<\/p>\n<div class=\"caption\">Robert Doisneau. Ic\u00f4nes\u00a0<a href=\"http:\/\/www.fortedibard.it\/\">www.fortedibard.it<\/a><\/div>\n<div class=\"caption\">Orari feriali &#8211; sino al 23 dicembre 11.00-18.00, dal 26 dicembre all&#8217;8 gennaio 10.00-18.00, sabato, domenica e festivi sino al 23 dicembre 11.00-19.00, dal 26 dicembre all&#8217;8 gennaio 10.00-19.00. Chiuso il luned\u00ec. Festivit\u00e0 natalizie. 24 dicembre 11.00-17.00. 31 dicembre 10.00-17.00. 1\u00b0 gennaio 13.00-19.00. Dal 9 gennaio al 5 febbraio. Feriali 11.00-18.00. Sabato, domenica e festivi 11.00 \u2013 19.00. Chiuso il luned\u00ec. Dal 6 febbraio feriali 10.00-18.00. Sabato, domenica e festivi 1000-19.00<\/div>\n<div class=\"caption\">Chiuso il luned\u00ec.<\/div>\n<div class=\"caption\">Tariffe: intero 7,00 euro &#8211; ridotto 5,00 euro, audioguida 2,00 (coppia 3,00).<\/div>\n<\/div>\n","protected":false},"excerpt":{"rendered":"<p>17 dicembre 2016 &#8211; 14 maggio 2017 Il Forte di Bard dedica una mostra ad uno dei pi\u00f9 grandi fotografi del Novecento:\u00a0Robert Doisneau. Dal 17 dicembre 2016 al 14 maggio 2017. Robert Doisneau. Ic\u00f4nes, a cura dell\u2019Atelier Robert Doisneau di Parigi e dell\u2019Associazione Forte di Bard, presenta una nuova selezione di fotografie realizzate dal grande &hellip; <a href=\"https:\/\/www.gdapress.it\/it\/index.php\/67488\/arte\/forte-di-bard-robert-doisneau-icones.html\" class=\"more-link\">Read more <span class=\"screen-reader-text\">Forte di Bard  Robert Doisneau. Ic\u00f4nes<\/span><\/a><\/p>\n","protected":false},"author":2,"featured_media":67489,"comment_status":"closed","ping_status":"open","sticky":false,"template":"","format":"standard","meta":{"footnotes":""},"categories":[4],"tags":[7420,9692],"class_list":["post-67488","post","type-post","status-publish","format-standard","has-post-thumbnail","hentry","category-arte","tag-forte-di-bard","tag-robert-doisneau"],"_links":{"self":[{"href":"https:\/\/www.gdapress.it\/it\/index.php\/wp-json\/wp\/v2\/posts\/67488","targetHints":{"allow":["GET"]}}],"collection":[{"href":"https:\/\/www.gdapress.it\/it\/index.php\/wp-json\/wp\/v2\/posts"}],"about":[{"href":"https:\/\/www.gdapress.it\/it\/index.php\/wp-json\/wp\/v2\/types\/post"}],"author":[{"embeddable":true,"href":"https:\/\/www.gdapress.it\/it\/index.php\/wp-json\/wp\/v2\/users\/2"}],"replies":[{"embeddable":true,"href":"https:\/\/www.gdapress.it\/it\/index.php\/wp-json\/wp\/v2\/comments?post=67488"}],"version-history":[{"count":1,"href":"https:\/\/www.gdapress.it\/it\/index.php\/wp-json\/wp\/v2\/posts\/67488\/revisions"}],"predecessor-version":[{"id":67490,"href":"https:\/\/www.gdapress.it\/it\/index.php\/wp-json\/wp\/v2\/posts\/67488\/revisions\/67490"}],"wp:featuredmedia":[{"embeddable":true,"href":"https:\/\/www.gdapress.it\/it\/index.php\/wp-json\/wp\/v2\/media\/67489"}],"wp:attachment":[{"href":"https:\/\/www.gdapress.it\/it\/index.php\/wp-json\/wp\/v2\/media?parent=67488"}],"wp:term":[{"taxonomy":"category","embeddable":true,"href":"https:\/\/www.gdapress.it\/it\/index.php\/wp-json\/wp\/v2\/categories?post=67488"},{"taxonomy":"post_tag","embeddable":true,"href":"https:\/\/www.gdapress.it\/it\/index.php\/wp-json\/wp\/v2\/tags?post=67488"}],"curies":[{"name":"wp","href":"https:\/\/api.w.org\/{rel}","templated":true}]}}