
{"id":67483,"date":"2016-06-26T16:32:06","date_gmt":"2016-06-26T14:32:06","guid":{"rendered":"http:\/\/www.gdapress.it\/it\/?p=67483"},"modified":"2018-07-26T16:36:40","modified_gmt":"2018-07-26T14:36:40","slug":"forte-di-bard","status":"publish","type":"post","link":"https:\/\/www.gdapress.it\/it\/index.php\/67483\/arte\/forte-di-bard.html","title":{"rendered":"Forte di Bard"},"content":{"rendered":"<p><img loading=\"lazy\" decoding=\"async\" class=\"alignleft size-full wp-image-67484\" src=\"http:\/\/www.gdapress.it\/it\/..\/public\/it\/2018\/07\/download-3.jpg\" alt=\"\" width=\"376\" height=\"134\" srcset=\"https:\/\/www.gdapress.it\/it\/..\/public\/it\/2018\/07\/download-3.jpg 376w, https:\/\/www.gdapress.it\/it\/..\/public\/it\/2018\/07\/download-3-300x107.jpg 300w\" sizes=\"auto, (max-width: 376px) 100vw, 376px\" \/><\/p>\n<div class=\"meta-data grid-item-meta\">\u00a025 giugno 2016 &#8211; 13 novembre 2016<\/div>\n<div class=\"post-content\">\n<p>La vocazione poetica dell\u2019arte di Marc Chagall \u00e8 il tema centrale della mostra Marc Chagall. La Vie che il Forte di Bard dedica al grande artista russo. L\u2019esposizione, aperta dal\u00a0<strong>25 giugno al 13 novembre 2016<\/strong>, prende il titolo dall\u2019imponente olio su tela realizzato nel 1964, di propriet\u00e0 della Fondation Marguerite et Aim\u00e9 Maeght di Saint-Paul-de-Vence, elemento centrale dell\u2019intero percorso espositivo.<\/p>\n<p>L\u2019opera La Vie riunisce in s\u00e9 la maggior parte dei temi che caratterizzano la produzione artistica di Chagall. I legami riscontrabili fra questo dipinto e i temi appartenenti alla sua\u00a0<strong>cultura figurativa<\/strong>\u00a0invitano a instaurare una relazione dialettica con le altre opere, di tipologia differente, proposte nel percorso di visita.<\/p>\n<p>Attraverso questa autobiografia per immagini, il pubblico \u00e8 invitato a una nuova lettura di un\u2019opera iconograficamente ricca. Marc Chagall si \u00e8 confrontato con tutte le correnti della pittura moderna, costruendo un itinerario artistico del tutto singolare. \u00c8 un maestro del colore ed \u00e8 seguendo questo filo conduttore che la mostra espone, attraverso un\u2019ampia scelta di\u00a0<strong>dipinti<\/strong>,\u00a0<strong>acquerelli<\/strong>,\u00a0<strong><em>gouaches<\/em><\/strong>,\u00a0<strong>litografie<\/strong>,\u00a0<strong>ceramiche<\/strong>,\u00a0<strong>tappezzerie<\/strong>, la sua visione artistica: quella di un universo riconciliato grazie alla vita, all\u2019amore e all\u2019arte. In tutto\u00a0<strong>265 opere<\/strong>\u00a0inclusa l\u2019intera serie delle 105 tavole della Bibbia.<\/p>\n<\/div>\n<p><em><strong>Marc Chagall. La Vie<\/strong><\/em><\/p>\n<p>Dal\u00a0<strong>25 giugno<\/strong>\u00a0al\u00a0<strong>13 novembre 2016<\/strong><\/p>\n<p><strong>Orari<\/strong><\/p>\n<p>Dal marted\u00ec al venerd\u00ec dalle 10.00 alle 18.00<\/p>\n<p>Sabato e Domenica dalle 10.00 alle 19.00<\/p>\n<p><strong>Fino al 5 settembre<\/strong>: tutti i giorni dalle 10.00 alle 21.00<\/p>\n<p><strong>Biglietti<\/strong><\/p>\n<p>Intero \u2013 8,00 \u20ac<br \/>\nRidotto \u2013 6,00 \u20ac<br \/>\nRidotto Ragazzi (6-18 anni) \u2013 4,00\u00a0\u20ac<\/p>\n","protected":false},"excerpt":{"rendered":"<p>\u00a025 giugno 2016 &#8211; 13 novembre 2016 La vocazione poetica dell\u2019arte di Marc Chagall \u00e8 il tema centrale della mostra Marc Chagall. La Vie che il Forte di Bard dedica al grande artista russo. L\u2019esposizione, aperta dal\u00a025 giugno al 13 novembre 2016, prende il titolo dall\u2019imponente olio su tela realizzato nel 1964, di propriet\u00e0 della &hellip; <a href=\"https:\/\/www.gdapress.it\/it\/index.php\/67483\/arte\/forte-di-bard.html\" class=\"more-link\">Read more <span class=\"screen-reader-text\">Forte di Bard<\/span><\/a><\/p>\n","protected":false},"author":2,"featured_media":67484,"comment_status":"closed","ping_status":"open","sticky":false,"template":"","format":"standard","meta":{"footnotes":""},"categories":[4],"tags":[7420,14227],"class_list":["post-67483","post","type-post","status-publish","format-standard","has-post-thumbnail","hentry","category-arte","tag-forte-di-bard","tag-marc-chagall"],"_links":{"self":[{"href":"https:\/\/www.gdapress.it\/it\/index.php\/wp-json\/wp\/v2\/posts\/67483","targetHints":{"allow":["GET"]}}],"collection":[{"href":"https:\/\/www.gdapress.it\/it\/index.php\/wp-json\/wp\/v2\/posts"}],"about":[{"href":"https:\/\/www.gdapress.it\/it\/index.php\/wp-json\/wp\/v2\/types\/post"}],"author":[{"embeddable":true,"href":"https:\/\/www.gdapress.it\/it\/index.php\/wp-json\/wp\/v2\/users\/2"}],"replies":[{"embeddable":true,"href":"https:\/\/www.gdapress.it\/it\/index.php\/wp-json\/wp\/v2\/comments?post=67483"}],"version-history":[{"count":1,"href":"https:\/\/www.gdapress.it\/it\/index.php\/wp-json\/wp\/v2\/posts\/67483\/revisions"}],"predecessor-version":[{"id":67485,"href":"https:\/\/www.gdapress.it\/it\/index.php\/wp-json\/wp\/v2\/posts\/67483\/revisions\/67485"}],"wp:featuredmedia":[{"embeddable":true,"href":"https:\/\/www.gdapress.it\/it\/index.php\/wp-json\/wp\/v2\/media\/67484"}],"wp:attachment":[{"href":"https:\/\/www.gdapress.it\/it\/index.php\/wp-json\/wp\/v2\/media?parent=67483"}],"wp:term":[{"taxonomy":"category","embeddable":true,"href":"https:\/\/www.gdapress.it\/it\/index.php\/wp-json\/wp\/v2\/categories?post=67483"},{"taxonomy":"post_tag","embeddable":true,"href":"https:\/\/www.gdapress.it\/it\/index.php\/wp-json\/wp\/v2\/tags?post=67483"}],"curies":[{"name":"wp","href":"https:\/\/api.w.org\/{rel}","templated":true}]}}