
{"id":67480,"date":"2016-06-16T16:18:33","date_gmt":"2016-06-16T14:18:33","guid":{"rendered":"http:\/\/www.gdapress.it\/it\/?p=67480"},"modified":"2018-07-26T16:29:20","modified_gmt":"2018-07-26T14:29:20","slug":"forte-di-bard-elliott-erwitt-retrospective","status":"publish","type":"post","link":"https:\/\/www.gdapress.it\/it\/index.php\/67480\/arte\/forte-di-bard-elliott-erwitt-retrospective.html","title":{"rendered":"Forte di Bard  Elliott Erwitt \u2013 Retrospective"},"content":{"rendered":"<div><img loading=\"lazy\" decoding=\"async\" class=\"alignleft size-large wp-image-67481\" src=\"http:\/\/www.gdapress.it\/it\/..\/public\/it\/2018\/07\/erwitt-700x250-500x179.jpg\" alt=\"\" width=\"500\" height=\"179\" srcset=\"https:\/\/www.gdapress.it\/it\/..\/public\/it\/2018\/07\/erwitt-700x250-500x179.jpg 500w, https:\/\/www.gdapress.it\/it\/..\/public\/it\/2018\/07\/erwitt-700x250-300x107.jpg 300w, https:\/\/www.gdapress.it\/it\/..\/public\/it\/2018\/07\/erwitt-700x250.jpg 700w\" sizes=\"auto, (max-width: 500px) 100vw, 500px\" \/><\/div>\n<div class=\"meta-data grid-item-meta\">11 giugno 2016 &#8211; 13 novembre 2016<\/div>\n<div class=\"post-content\">\n<p>Dall\u201911 giugno al 13 novembre 2016 il Forte ospita la mostra Elliott Erwitt \u2013 Retrospective. Realizzata dall\u2019Associazione Forte di Bard in collaborazione con Magnum Photos Paris, l\u2019esposizione presenta in anteprima mondiale un nuovo progetto di retrospettiva dell\u2019immensa opera di Elliott Erwitt, uno dei grandi protagonisti della fotografia del nostro tempo.<\/p>\n<p>Le immagini sono state selezionate fra le pi\u00f9 significative e iconiche della sua immensa produzione e coprono un arco temporale che va dal 1948 al 2005. La mostra \u00e8 a cura di Andrea Holzherr, Global Exhibitions Director, Magnum Photos International, Paris e di Gabriele Accornero, Ceo dell\u2019Associazione Forte di Bard.<\/p>\n<p>Nelle sale delle Cantine sono esposte 137 fotografie comprese in un arco temporale che va dal 1948, anno della foto Veduta di New York, USA sino al 2005. Nove le sezioni, tra scatti in bianco e nero e colori:\u00a0<strong>Beaches, Cities, Abstractions, Museum Watching, Dogs, Between the Sexes, Regarding Women, Kids, Personalities.<\/strong><br \/>\nIn mostra anche un video con un\u2019intervista al fotografo registrata in esclusiva per il Forte di Bard nel suo studio di New York.<\/p>\n<\/div>\n<p>\u201cQuando \u00e8 ben fatta, la fotografia \u00e8 interessante. Quando \u00e8 fatta molto bene, diventa irrazionale e persino magica. Non ha nulla a che vedere con la volont\u00e0 o il desiderio cosciente del fotografo. Quando la fotografia accade, succede senza sforzo, come un dono che non va interrogato n\u00e9 analizzato&#8221; dice Erwitt parlando dell\u2019arte che, tramite il linguaggio dell&#8217;immagine, gli ha permesso di narrare gli ultimi sessant&#8217;anni di storia e della civilt\u00e0 contemporanea, cogliendo in una serie di scatti in bianco e nero gli aspetti pi\u00f9 tragici e quelli pi\u00f9 divertenti della vita che \u00e8 passata di fronte all\u2019obiettivo della sua macchina fotografica.<\/p>\n<p>Nato a\u00a0<strong>Parigi<\/strong>\u00a0nel<strong>\u00a01928\u00a0<\/strong>da una famiglia russa di origini ebraiche, Elliott Erwitt visse l\u2019infanzia in\u00a0<strong>Italia,<\/strong>\u00a0per poi trasferisci negli\u00a0<strong>Stati Uniti<\/strong>\u00a0nel\u00a0<strong>1939<\/strong>, prima a New York e poi a\u00a0<strong>Los Angeles<\/strong>, dove studia fotografia e cinema.<\/p>\n<p>Dopo aver prestato servizio come fotografo dell\u2019<strong>Esercito Americano\u00a0<\/strong>in\u00a0<strong>Francia<\/strong>\u00a0e in\u00a0<strong>Germania,<\/strong>\u00a0Erwitt cominci\u00f2 la sua carriera come fotografo free-lance e nel\u00a0<strong>1953<\/strong>\u00a0entra a far parte della storica agenzia\u00a0<strong>Magnum,<\/strong>\u00a0fondata al termine della seconda guerra mondiale da fotografi come\u00a0<strong>Henri Cartier-Bresson\u00a0<\/strong>e\u00a0<strong>Robert Capa<\/strong>, di cui nel\u00a0<strong>1968<\/strong>\u00a0diventa anche presidente.<\/p>\n<p>Erwitt usa il linguaggio privilegiato dell&#8217;istantanea per comporre un racconto visivo da cui risulta tutta l\u2019ironia di un universo congelato in pose bizzarre, ma anche l\u2019insospettabile perfezione formale che pu\u00f2 scaturire dal caso e ha detto \u201cIl tipo di fotografia che piace a me, quella in cui \u00e8 colto l\u2019istante, \u00e8 molto simile a questo squarcio nelle nuvole. In un lampo, una foto meravigliosa sembra uscire fuori dal nulla\u201d.<\/p>\n<p>La mostra \u00e8 aperta dal marted\u00ec al venerd\u00ec dalle\u00a0<strong>11<\/strong>\u00a0alle\u00a0<strong>18,<\/strong>\u00a0sabato, domenica e festivi dalle<strong>\u00a011<\/strong>\u00a0alle\u00a0<strong>19,<\/strong>\u00a0mentre \u00e8 aperta tutti i giorni dal\u00a0<strong>25 luglio<\/strong>\u00a0al\u00a0<strong>4 settembre.<\/strong><\/p>\n<p>Il biglietto d\u2019ingresso intero costa\u00a0<strong>6 euro<\/strong>, ridotto\u00a0<strong>5.<\/strong><\/p>\n<p>Cumulativo con la mostra\u00a0<strong>Marc Chagall. La Vie intero 12<\/strong>, ridotto\u00a0<strong>10<\/strong>\u00a0e ridotto per i ragazzi\u00a0<strong>8.<\/strong><\/p>\n","protected":false},"excerpt":{"rendered":"<p>11 giugno 2016 &#8211; 13 novembre 2016 Dall\u201911 giugno al 13 novembre 2016 il Forte ospita la mostra Elliott Erwitt \u2013 Retrospective. Realizzata dall\u2019Associazione Forte di Bard in collaborazione con Magnum Photos Paris, l\u2019esposizione presenta in anteprima mondiale un nuovo progetto di retrospettiva dell\u2019immensa opera di Elliott Erwitt, uno dei grandi protagonisti della fotografia del &hellip; <a href=\"https:\/\/www.gdapress.it\/it\/index.php\/67480\/arte\/forte-di-bard-elliott-erwitt-retrospective.html\" class=\"more-link\">Read more <span class=\"screen-reader-text\">Forte di Bard  Elliott Erwitt \u2013 Retrospective<\/span><\/a><\/p>\n","protected":false},"author":2,"featured_media":67481,"comment_status":"closed","ping_status":"open","sticky":false,"template":"","format":"standard","meta":{"footnotes":""},"categories":[4],"tags":[22534,7420],"class_list":["post-67480","post","type-post","status-publish","format-standard","has-post-thumbnail","hentry","category-arte","tag-elliott-erwitt","tag-forte-di-bard"],"_links":{"self":[{"href":"https:\/\/www.gdapress.it\/it\/index.php\/wp-json\/wp\/v2\/posts\/67480","targetHints":{"allow":["GET"]}}],"collection":[{"href":"https:\/\/www.gdapress.it\/it\/index.php\/wp-json\/wp\/v2\/posts"}],"about":[{"href":"https:\/\/www.gdapress.it\/it\/index.php\/wp-json\/wp\/v2\/types\/post"}],"author":[{"embeddable":true,"href":"https:\/\/www.gdapress.it\/it\/index.php\/wp-json\/wp\/v2\/users\/2"}],"replies":[{"embeddable":true,"href":"https:\/\/www.gdapress.it\/it\/index.php\/wp-json\/wp\/v2\/comments?post=67480"}],"version-history":[{"count":1,"href":"https:\/\/www.gdapress.it\/it\/index.php\/wp-json\/wp\/v2\/posts\/67480\/revisions"}],"predecessor-version":[{"id":67482,"href":"https:\/\/www.gdapress.it\/it\/index.php\/wp-json\/wp\/v2\/posts\/67480\/revisions\/67482"}],"wp:featuredmedia":[{"embeddable":true,"href":"https:\/\/www.gdapress.it\/it\/index.php\/wp-json\/wp\/v2\/media\/67481"}],"wp:attachment":[{"href":"https:\/\/www.gdapress.it\/it\/index.php\/wp-json\/wp\/v2\/media?parent=67480"}],"wp:term":[{"taxonomy":"category","embeddable":true,"href":"https:\/\/www.gdapress.it\/it\/index.php\/wp-json\/wp\/v2\/categories?post=67480"},{"taxonomy":"post_tag","embeddable":true,"href":"https:\/\/www.gdapress.it\/it\/index.php\/wp-json\/wp\/v2\/tags?post=67480"}],"curies":[{"name":"wp","href":"https:\/\/api.w.org\/{rel}","templated":true}]}}