
{"id":67477,"date":"2015-05-23T16:07:07","date_gmt":"2015-05-23T14:07:07","guid":{"rendered":"http:\/\/www.gdapress.it\/it\/?p=67477"},"modified":"2018-07-26T16:17:15","modified_gmt":"2018-07-26T14:17:15","slug":"forte-di-bard-genesi-fotografie-di-sebastiao-salgado-a-cura-di-lelia-wanick-salgado","status":"publish","type":"post","link":"https:\/\/www.gdapress.it\/it\/index.php\/67477\/arte\/forte-di-bard-genesi-fotografie-di-sebastiao-salgado-a-cura-di-lelia-wanick-salgado.html","title":{"rendered":"Forte di Bard Genesi. Fotografie di Sebasti\u00e3o Salgado, a cura di L\u00e9lia Wanick Salgado."},"content":{"rendered":"<p><img loading=\"lazy\" decoding=\"async\" class=\"alignleft size-large wp-image-67478\" src=\"http:\/\/www.gdapress.it\/it\/..\/public\/it\/2018\/07\/genesi-700x250-500x179.jpg\" alt=\"\" width=\"500\" height=\"179\" srcset=\"https:\/\/www.gdapress.it\/it\/..\/public\/it\/2018\/07\/genesi-700x250-500x179.jpg 500w, https:\/\/www.gdapress.it\/it\/..\/public\/it\/2018\/07\/genesi-700x250-300x107.jpg 300w, https:\/\/www.gdapress.it\/it\/..\/public\/it\/2018\/07\/genesi-700x250.jpg 700w\" sizes=\"auto, (max-width: 500px) 100vw, 500px\" \/><\/p>\n<p>Sino al 30 settembre 2015 un evento imperdibile per gli amanti della fotografia: la mostra Genesi. Fotografie di Sebasti\u00e3o Salgado, a cura di L\u00e9lia Wanick Salgado.<\/p>\n<p>Il progetto raggruppa ben 245 fotografie frutto del viaggio fotografico che Salgado ha compiuto nei cinque continenti per documentare, con immagini in un bianco e nero di grande incanto, la rara bellezza del nostro principale patrimonio, unico e prezioso: il nostro pianeta.<\/p>\n<p>Genesi \u00e8 l\u2019ultimo grande lavoro di Sebasti\u00e3o Salgado, il pi\u00f9 importante fotografo documentario del nostro tempo: uno sguardo appassionato, teso a sottolineare la necessit\u00e0 di salvaguardare il nostro pianeta, di cambiare il nostro stile di vita, di assumere nuovi comportamenti pi\u00f9 rispettosi della natura e di quanto ci circonda.<\/p>\n<p>La mostra \u00e8 frutto di otto anni di lavoro e oltre trenta reportage. Il materiale \u00e8 suddiviso in\u00a0<strong>cinque sezioni<\/strong>, corrispondenti a cinque parti del globo:<br \/>\nil\u00a0<strong>Sud del Pianeta<\/strong>, con l\u2019Argentina, l\u2019Antartico e le sue isole, poi\u00a0<strong>l\u2019Africa<\/strong>. La terza parte \u00e8 dedicata a un certo numero di isole definite \u201c<strong>I Santuari del Pianeta<\/strong>\u201d perch\u00e9 custodiscono una biodiversit\u00e0 particolarissima, come il Madagascar, la Papua Nuova Guinea e i territori degli Irian Jaya. E poi\u00a0<strong>l\u2019Emisfero Nord<\/strong>\u00a0del mondo che comprende regioni fredde ma anche il Colorado, meraviglioso territorio degli Stati Uniti. La quinta sezione \u00e8 riservata all\u2019<strong>Amazzonia<\/strong>, il polmone del mondo e il luogo dove abitano un\u2019immensit\u00e0 di specie, di flora e di fauna. L\u2019Amazzonia del Brasile ma anche quella del Venezuela e la zona del Pantanal.<\/p>\n<p><strong>Sebasti\u00e3o Salgado. Genesi<\/strong><br \/>\nForte di Bard. Valle d\u2019Aosta<br \/>\n23 maggio \u2013 30 settembre 2015<br \/>\na cura di L\u00e9lia Wanick Salgado<\/p>\n<p>un progetto<br \/>\nContrasto<br \/>\nAmazonas Images<\/p>\n<p>Orari<br \/>\nmarted\u00ec-venerd\u00ec 10.00 \u2013 18.00<br \/>\nsabato, domenica e festivi 10.00 \u2013 19.00<br \/>\nchiuso il luned\u00ec<br \/>\naperta tutti i giorni dal 21 luglio al 6 settembre<\/p>\n<p>Ingresso comprensivo di audioguida:<br \/>\nIntero 9,00 euro<br \/>\nRidotto 7,00 euro (gruppi, maggiori 65 anni, visitatori tra 15 e 26 anni)<br \/>\nRidotto speciale 5 euro (minori da 6 a 14 anni, giornalisti iscritti all\u2019Albo)<\/p>\n<div class=\"kk-star-ratings  bottom-right rgt\" data-id=\"121653\"><\/div>\n","protected":false},"excerpt":{"rendered":"<p>Sino al 30 settembre 2015 un evento imperdibile per gli amanti della fotografia: la mostra Genesi. Fotografie di Sebasti\u00e3o Salgado, a cura di L\u00e9lia Wanick Salgado. Il progetto raggruppa ben 245 fotografie frutto del viaggio fotografico che Salgado ha compiuto nei cinque continenti per documentare, con immagini in un bianco e nero di grande incanto, &hellip; <a href=\"https:\/\/www.gdapress.it\/it\/index.php\/67477\/arte\/forte-di-bard-genesi-fotografie-di-sebastiao-salgado-a-cura-di-lelia-wanick-salgado.html\" class=\"more-link\">Read more <span class=\"screen-reader-text\">Forte di Bard Genesi. Fotografie di Sebasti\u00e3o Salgado, a cura di L\u00e9lia Wanick Salgado.<\/span><\/a><\/p>\n","protected":false},"author":2,"featured_media":67478,"comment_status":"closed","ping_status":"open","sticky":false,"template":"","format":"standard","meta":{"footnotes":""},"categories":[4],"tags":[],"class_list":["post-67477","post","type-post","status-publish","format-standard","has-post-thumbnail","hentry","category-arte"],"_links":{"self":[{"href":"https:\/\/www.gdapress.it\/it\/index.php\/wp-json\/wp\/v2\/posts\/67477","targetHints":{"allow":["GET"]}}],"collection":[{"href":"https:\/\/www.gdapress.it\/it\/index.php\/wp-json\/wp\/v2\/posts"}],"about":[{"href":"https:\/\/www.gdapress.it\/it\/index.php\/wp-json\/wp\/v2\/types\/post"}],"author":[{"embeddable":true,"href":"https:\/\/www.gdapress.it\/it\/index.php\/wp-json\/wp\/v2\/users\/2"}],"replies":[{"embeddable":true,"href":"https:\/\/www.gdapress.it\/it\/index.php\/wp-json\/wp\/v2\/comments?post=67477"}],"version-history":[{"count":1,"href":"https:\/\/www.gdapress.it\/it\/index.php\/wp-json\/wp\/v2\/posts\/67477\/revisions"}],"predecessor-version":[{"id":67479,"href":"https:\/\/www.gdapress.it\/it\/index.php\/wp-json\/wp\/v2\/posts\/67477\/revisions\/67479"}],"wp:featuredmedia":[{"embeddable":true,"href":"https:\/\/www.gdapress.it\/it\/index.php\/wp-json\/wp\/v2\/media\/67478"}],"wp:attachment":[{"href":"https:\/\/www.gdapress.it\/it\/index.php\/wp-json\/wp\/v2\/media?parent=67477"}],"wp:term":[{"taxonomy":"category","embeddable":true,"href":"https:\/\/www.gdapress.it\/it\/index.php\/wp-json\/wp\/v2\/categories?post=67477"},{"taxonomy":"post_tag","embeddable":true,"href":"https:\/\/www.gdapress.it\/it\/index.php\/wp-json\/wp\/v2\/tags?post=67477"}],"curies":[{"name":"wp","href":"https:\/\/api.w.org\/{rel}","templated":true}]}}