
{"id":67453,"date":"2018-07-25T08:49:25","date_gmt":"2018-07-25T06:49:25","guid":{"rendered":"http:\/\/www.gdapress.it\/it\/?p=67453"},"modified":"2018-07-25T08:49:25","modified_gmt":"2018-07-25T06:49:25","slug":"apple-piazza-liberty-si-apre-giovedi-a-milano","status":"publish","type":"post","link":"https:\/\/www.gdapress.it\/it\/index.php\/67453\/architettura\/apple-piazza-liberty-si-apre-giovedi-a-milano.html","title":{"rendered":"Apple Piazza Liberty si apre gioved\u00ec a Milano"},"content":{"rendered":"<div class=\"pagetitle component\">\n<div class=\"component-content\">\n<h1 class=\"hero-headline\"><img loading=\"lazy\" decoding=\"async\" class=\"alignleft size-large wp-image-67454\" src=\"http:\/\/www.gdapress.it\/it\/..\/public\/it\/2018\/07\/apple-piazza-liberty_piazza-center-steps_07242018_big.jpg.large_-500x281.jpg\" alt=\"\" width=\"500\" height=\"281\" srcset=\"https:\/\/www.gdapress.it\/it\/..\/public\/it\/2018\/07\/apple-piazza-liberty_piazza-center-steps_07242018_big.jpg.large_-500x281.jpg 500w, https:\/\/www.gdapress.it\/it\/..\/public\/it\/2018\/07\/apple-piazza-liberty_piazza-center-steps_07242018_big.jpg.large_-300x169.jpg 300w, https:\/\/www.gdapress.it\/it\/..\/public\/it\/2018\/07\/apple-piazza-liberty_piazza-center-steps_07242018_big.jpg.large_-768x432.jpg 768w, https:\/\/www.gdapress.it\/it\/..\/public\/it\/2018\/07\/apple-piazza-liberty_piazza-center-steps_07242018_big.jpg.large_.jpg 816w\" sizes=\"auto, (max-width: 500px) 100vw, 500px\" \/><\/h1>\n<\/div>\n<\/div>\n<div class=\"summary text component\">\n<div class=\"component-content\">\n<p class=\"summary-copy\">Apple Piazza Liberty rivitalizzer\u00e0 una piazza nel centro di Milano<\/p>\n<\/div>\n<\/div>\n<figure class=\"image component image-big image-fullbleed body-copy-wide\">\n<div class=\"component-content\">\n<div class=\"component-content\">\n<div class=\"image-sharesheet\" data-component-list=\"ImageShareSheet\" data-analytics-activitymap-region-id=\"apple-piazza-liberty_piazza-center-steps_07242018_big\">\n<div class=\"image-78600e1dd31b267219ef2c8d976f56d3 image-asset\"><picture class=\"picture\"><source srcset=\"\/newsroom\/images\/live-action\/new-store-opening\/apple-piazza-liberty_piazza-center-steps_07242018_big.jpg.small.jpg, \n\/newsroom\/images\/live-action\/new-store-opening\/apple-piazza-liberty_piazza-center-steps_07242018_big.jpg.small_2x.jpg 2x\" media=\"(max-width: 735px)\" \/><source srcset=\"\/newsroom\/images\/live-action\/new-store-opening\/apple-piazza-liberty_piazza-center-steps_07242018_big.jpg.medium.jpg, \n\/newsroom\/images\/live-action\/new-store-opening\/apple-piazza-liberty_piazza-center-steps_07242018_big.jpg.medium_2x.jpg 2x\" media=\"(max-width: 1068px)\" \/><\/picture><\/div>\n<div class=\"sharesheet\" data-clipboard-text=\"Copied to clipboard\">\n<div class=\"sharesheet-content\">\n<div class=\"sharesheet-options-open\"><span style=\"background-color: #ffffff;\">\u00a0Apple ha presentato in anteprima Apple Piazza Liberty, un nuovo punto vendita che rivitalizzer\u00e0 una piazza nel centro di Milano.\u00a0<\/span><span style=\"background-color: #ffffff;\">Il progetto, che comprende sia una grande piazza pubblica che un negozio sottostante, porta per la prima volta l&#8217;ultimo progetto di vendita al dettaglio di Apple in Italia.<\/span><\/div>\n<\/div>\n<\/div>\n<\/div>\n<\/div>\n<\/div>\n<\/figure>\n<div class=\"pagebody text component\">\n<div class=\"component-content\">\n<div><\/div>\n<div class=\"pagebody-copy\"><img loading=\"lazy\" decoding=\"async\" class=\"alignleft size-large wp-image-67455\" src=\"http:\/\/www.gdapress.it\/it\/..\/public\/it\/2018\/07\/apple-piazza-liberty_staircase_07242018_big.jpg.large_-320x400.jpg\" alt=\"\" width=\"320\" height=\"400\" srcset=\"https:\/\/www.gdapress.it\/it\/..\/public\/it\/2018\/07\/apple-piazza-liberty_staircase_07242018_big.jpg.large_-320x400.jpg 320w, https:\/\/www.gdapress.it\/it\/..\/public\/it\/2018\/07\/apple-piazza-liberty_staircase_07242018_big.jpg.large_-240x300.jpg 240w, https:\/\/www.gdapress.it\/it\/..\/public\/it\/2018\/07\/apple-piazza-liberty_staircase_07242018_big.jpg.large_-768x960.jpg 768w, https:\/\/www.gdapress.it\/it\/..\/public\/it\/2018\/07\/apple-piazza-liberty_staircase_07242018_big.jpg.large_.jpg 816w\" sizes=\"auto, (max-width: 320px) 100vw, 320px\" \/>Appena fuori da Corso Vittorio Emanuele, una delle strade pedonali pi\u00f9 famose di Milano, i visitatori vedranno per la prima volta una spettacolare fontana di vetro che funge da ingresso al negozio e fa da sfondo al grande anfiteatro all&#8217;aperto.\u00a0La piazza, rivestita in Beola Grigia, una pietra utilizzata in tutta Milano, \u00e8 aperta al pubblico 24 ore al giorno e ospiter\u00e0 eventi speciali durante tutto l&#8217;anno tra i 14 alberi Gleditsia Sunburst piantati nell&#8217;area.<\/div>\n<\/div>\n<\/div>\n<figure class=\"image component image-big image-fullbleed body-copy-wide\">\n<div class=\"component-content\">\n<div class=\"component-content\">\n<div class=\"image-sharesheet\" data-component-list=\"ImageShareSheet\" data-analytics-activitymap-region-id=\"apple-piazza-liberty_employee-preview_07242018_big\">\n<div class=\"image-b3daa48454928577f612f5a7cbba3512 image-asset\"><picture class=\"picture\"><source srcset=\"\/newsroom\/images\/live-action\/new-store-opening\/apple-piazza-liberty_employee-preview_07242018_big.jpg.small.jpg, \n\/newsroom\/images\/live-action\/new-store-opening\/apple-piazza-liberty_employee-preview_07242018_big.jpg.small_2x.jpg 2x\" media=\"(max-width: 735px)\" \/><source srcset=\"\/newsroom\/images\/live-action\/new-store-opening\/apple-piazza-liberty_employee-preview_07242018_big.jpg.medium.jpg, \n\/newsroom\/images\/live-action\/new-store-opening\/apple-piazza-liberty_employee-preview_07242018_big.jpg.medium_2x.jpg 2x\" media=\"(max-width: 1068px)\" \/><\/picture><\/div>\n<div class=\"sharesheet\" data-clipboard-text=\"Copied to clipboard\"><\/div>\n<\/div>\n<\/div>\n<\/div><figcaption class=\"image-text\"><\/figcaption><\/figure>\n<div class=\"pagebody text component\">\n<div class=\"component-content\">\n<div class=\"pagebody-copy\">&#8220;Non c&#8217;\u00e8 migliore espressione della nostra visione per gli store Apple che fungono da luoghi di ritrovo moderni di Apple Piazza Liberty&#8221;, ha affermato Angela Ahrendts, vicepresidente senior di Retail di Apple.\u00a0&#8220;In una citt\u00e0 con una storia cos\u00ec ricca di arte, intrattenimento e creativit\u00e0, \u00e8 un onore stabilire uno spazio in cui chiunque possa essere ispirato a imparare, creare e connettersi con i propri vicini&#8221;.<\/div>\n<div class=\"pagebody-copy\">Apple Piazza Liberty offre una grande occasione per Today at Apple, sessioni orarie gratuite su fotografia, produzione cinematografica, creazione di musica, codifica, design e altro ancora, che mirano a sbloccare la creativit\u00e0 in tutti i partecipanti.\u00a0Questo settembre, Apple Piazza Liberty ospiter\u00e0 una serie speciale di un mese, in cui 21 artisti locali condivideranno le loro visioni per il futuro creativo di Milano.<\/div>\n<\/div>\n<\/div>\n<figure class=\"image component image-big image-fullbleed body-copy-wide\">\n<div class=\"component-content\"><\/div><figcaption class=\"image-text\"><\/figcaption><\/figure>\n<div class=\"pagebody text component\">\n<div class=\"component-content\">\n<div class=\"pagebody-copy\">&#8220;Lavorare in una delle piazze storiche d&#8217;Italia \u00e8 una grande responsabilit\u00e0 e una grande sfida&#8221;, ha dichiarato Jony Ive, chief design officer di Apple.\u00a0&#8220;Abbiamo combinato due elementi fondamentali della piazza italiana &#8211; acqua e pietra &#8211; aggiungendo un portale di vetro che crea un&#8217;esperienza multisensoriale quando i visitatori entrano nel negozio attraverso una fontana a cascata che sembra avvolgerli&#8221;.<\/div>\n<div class=\"pagebody-copy\">Dopo aver sceso una scala in pietra e metallo a sbalzo dalla parete di Beola Grigia al negozio sottostante, i visitatori saranno accolti da un team di 230<\/div>\n<\/div>\n<\/div>\n<div class=\"pagebody text component\">\n<div class=\"component-content\">\n<div class=\"pagebody-copy\">Apple Piazza Liberty si apre gioved\u00ec 26 luglio alle 17:00<\/div>\n<\/div>\n<\/div>\n<div class=\"downloadall text component\">\n<div class=\"component-content\">\n<p class=\"downloadall-text\">\n<div class=\"downloadall-link\">https:\/\/www.apple.com\/newsroom\/<\/div>\n<div><\/div>\n<\/div>\n<\/div>\n<aside class=\"pagebody text component\">\n<div class=\"component-content\">\n<div class=\"pagebody-copy\">Apple ha rivoluzionato la tecnologia personale con l&#8217;introduzione del Macintosh nel 1984. Oggi Apple guida il mondo in innovazione con iPhone, iPad, Mac, Apple Watch e Apple TV.\u00a0Le quattro piattaforme software di Apple &#8211; iOS, macOS, watchOS e tvOS &#8211; offrono esperienze senza interruzioni su tutti i dispositivi Apple e consentono alle persone di usufruire di servizi all&#8217;avanguardia tra cui App Store, Apple Music, Apple Pay e iCloud.\u00a0Gli oltre 100.000 dipendenti di Apple si dedicano a realizzare i migliori prodotti sulla terra e a lasciare il mondo meglio di come l&#8217;abbiamo trovato.<\/div>\n<\/div>\n<\/aside>\n","protected":false},"excerpt":{"rendered":"<p>Apple Piazza Liberty rivitalizzer\u00e0 una piazza nel centro di Milano \u00a0Apple ha presentato in anteprima Apple Piazza Liberty, un nuovo punto vendita che rivitalizzer\u00e0 una piazza nel centro di Milano.\u00a0Il progetto, che comprende sia una grande piazza pubblica che un negozio sottostante, porta per la prima volta l&#8217;ultimo progetto di vendita al dettaglio di Apple &hellip; <a href=\"https:\/\/www.gdapress.it\/it\/index.php\/67453\/architettura\/apple-piazza-liberty-si-apre-giovedi-a-milano.html\" class=\"more-link\">Read more <span class=\"screen-reader-text\">Apple Piazza Liberty si apre gioved\u00ec a Milano<\/span><\/a><\/p>\n","protected":false},"author":2,"featured_media":67455,"comment_status":"closed","ping_status":"open","sticky":false,"template":"","format":"standard","meta":{"footnotes":""},"categories":[3],"tags":[4175,17,22519],"class_list":["post-67453","post","type-post","status-publish","format-standard","has-post-thumbnail","hentry","category-architettura","tag-apple","tag-milano","tag-piazza-liberty"],"_links":{"self":[{"href":"https:\/\/www.gdapress.it\/it\/index.php\/wp-json\/wp\/v2\/posts\/67453","targetHints":{"allow":["GET"]}}],"collection":[{"href":"https:\/\/www.gdapress.it\/it\/index.php\/wp-json\/wp\/v2\/posts"}],"about":[{"href":"https:\/\/www.gdapress.it\/it\/index.php\/wp-json\/wp\/v2\/types\/post"}],"author":[{"embeddable":true,"href":"https:\/\/www.gdapress.it\/it\/index.php\/wp-json\/wp\/v2\/users\/2"}],"replies":[{"embeddable":true,"href":"https:\/\/www.gdapress.it\/it\/index.php\/wp-json\/wp\/v2\/comments?post=67453"}],"version-history":[{"count":1,"href":"https:\/\/www.gdapress.it\/it\/index.php\/wp-json\/wp\/v2\/posts\/67453\/revisions"}],"predecessor-version":[{"id":67456,"href":"https:\/\/www.gdapress.it\/it\/index.php\/wp-json\/wp\/v2\/posts\/67453\/revisions\/67456"}],"wp:featuredmedia":[{"embeddable":true,"href":"https:\/\/www.gdapress.it\/it\/index.php\/wp-json\/wp\/v2\/media\/67455"}],"wp:attachment":[{"href":"https:\/\/www.gdapress.it\/it\/index.php\/wp-json\/wp\/v2\/media?parent=67453"}],"wp:term":[{"taxonomy":"category","embeddable":true,"href":"https:\/\/www.gdapress.it\/it\/index.php\/wp-json\/wp\/v2\/categories?post=67453"},{"taxonomy":"post_tag","embeddable":true,"href":"https:\/\/www.gdapress.it\/it\/index.php\/wp-json\/wp\/v2\/tags?post=67453"}],"curies":[{"name":"wp","href":"https:\/\/api.w.org\/{rel}","templated":true}]}}