
{"id":67448,"date":"2018-07-25T00:00:03","date_gmt":"2018-07-24T22:00:03","guid":{"rendered":"http:\/\/www.gdapress.it\/it\/?p=67448"},"modified":"2018-07-25T00:00:03","modified_gmt":"2018-07-24T22:00:03","slug":"lamarone-masi-emblema-del-lusso-alla-mostra-luxus-lo-stupore-della-bellezza","status":"publish","type":"post","link":"https:\/\/www.gdapress.it\/it\/index.php\/67448\/arte\/lamarone-masi-emblema-del-lusso-alla-mostra-luxus-lo-stupore-della-bellezza.html","title":{"rendered":"L\u2019AMARONE MASI EMBLEMA DEL LUSSO ALLA MOSTRA \u201cLUXUS &#8211; LO STUPORE DELLA BELLEZZA\u201d"},"content":{"rendered":"<p><img loading=\"lazy\" decoding=\"async\" class=\"alignleft size-medium wp-image-67449\" src=\"http:\/\/www.gdapress.it\/it\/..\/public\/it\/2018\/07\/Amarone-Costasera-1-300x200.jpg\" alt=\"\" width=\"300\" height=\"200\" srcset=\"https:\/\/www.gdapress.it\/it\/..\/public\/it\/2018\/07\/Amarone-Costasera-1-300x200.jpg 300w, https:\/\/www.gdapress.it\/it\/..\/public\/it\/2018\/07\/Amarone-Costasera-1-768x512.jpg 768w, https:\/\/www.gdapress.it\/it\/..\/public\/it\/2018\/07\/Amarone-Costasera-1-500x333.jpg 500w, https:\/\/www.gdapress.it\/it\/..\/public\/it\/2018\/07\/Amarone-Costasera-1-720x480.jpg 720w, https:\/\/www.gdapress.it\/it\/..\/public\/it\/2018\/07\/Amarone-Costasera-1-272x182.jpg 272w\" sizes=\"auto, (max-width: 300px) 100vw, 300px\" \/><\/p>\n<p>L\u2019AMARONE MASI EMBLEMA DEL LUSSO ALLA MOSTRA<br \/>\n\u201cLUXUS &#8211; LO STUPORE DELLA BELLEZZA\u201d<br \/>\nIl prestigioso vino della Valpolicella celebrato durante l\u2019esposizione a Palazzo<br \/>\nReale dal 12 luglio al 30 settembre in un percorso di educazione estetica sulla<br \/>\nstoria e sul concetto di Lusso<br \/>\nIl famoso Amarone Costasera di Masi Agricola, azienda vitivinicola<br \/>\nradicata in Valpolicella Classica, produttrice di vini conosciuti a livello mondiale, \u00e8 stato scelto tra<br \/>\ngli oggetti pi\u00f9 rappresentativi per comprendere la storia e il concetto di Lusso durante la mostra<br \/>\n\u201cLUXUS &#8211; Lo Stupore della Bellezza\u201d.<\/p>\n<p><img loading=\"lazy\" decoding=\"async\" class=\"alignleft size-medium wp-image-67450\" src=\"http:\/\/www.gdapress.it\/it\/..\/public\/it\/2018\/07\/Masi-Riserva-Costasera-200x300.jpg\" alt=\"\" width=\"200\" height=\"300\" srcset=\"https:\/\/www.gdapress.it\/it\/..\/public\/it\/2018\/07\/Masi-Riserva-Costasera-200x300.jpg 200w, https:\/\/www.gdapress.it\/it\/..\/public\/it\/2018\/07\/Masi-Riserva-Costasera-768x1152.jpg 768w, https:\/\/www.gdapress.it\/it\/..\/public\/it\/2018\/07\/Masi-Riserva-Costasera-267x400.jpg 267w, https:\/\/www.gdapress.it\/it\/..\/public\/it\/2018\/07\/Masi-Riserva-Costasera.jpg 2000w\" sizes=\"auto, (max-width: 200px) 100vw, 200px\" \/>L\u2019esibizione in programma dal 12 luglio al 30 settembre, promossa e prodotta dal Comune di Milano<br \/>\n\u2013 Cultura, da Palazzo Reale e dalla Fondazione Stefano Zecchi \u00e8 curata da Stefano Zecchi.<br \/>\nAttraverso un percorso in 12 sale viene raccontato da un punto di vista storico e concettuale il<br \/>\nmutamento nel tempo dell\u2019idea di lusso, tra oggetti di alto artigianato e d\u2019arte contemporanea: gioielli,<br \/>\nmosaici, tessuti, profumi. Tra questi anche l\u2019Amarone Costasera, l&#8217;Amarone Riserva Costasera e<br \/>\nlo spumante millesimato riserva Conte Federico dei Conti Bossi Fedrigotti.<br \/>\nMasi si conferma cos\u00ec punto di riferimento per chi ricerca quel concetto di \u201clusso accessibile\u201d nei<br \/>\nprodotti autentici, che nascono da materie prime selezionate e lavorate con cura racchiudendo<br \/>\nl\u2019esperienza e il \u201csaper fare\u201d di una lunga tradizione di famiglia, magico equilibrio tra autenticit\u00e0,<br \/>\nesclusivit\u00e0 e prestigio.<\/p>\n<p>&nbsp;<\/p>\n<p>&nbsp;<\/p>\n<p><img loading=\"lazy\" decoding=\"async\" class=\"alignleft size-medium wp-image-67451\" src=\"http:\/\/www.gdapress.it\/it\/..\/public\/it\/2018\/07\/Conte-Federico-200x300.jpg\" alt=\"\" width=\"200\" height=\"300\" srcset=\"https:\/\/www.gdapress.it\/it\/..\/public\/it\/2018\/07\/Conte-Federico-200x300.jpg 200w, https:\/\/www.gdapress.it\/it\/..\/public\/it\/2018\/07\/Conte-Federico-768x1152.jpg 768w, https:\/\/www.gdapress.it\/it\/..\/public\/it\/2018\/07\/Conte-Federico-267x400.jpg 267w, https:\/\/www.gdapress.it\/it\/..\/public\/it\/2018\/07\/Conte-Federico.jpg 2000w\" sizes=\"auto, (max-width: 200px) 100vw, 200px\" \/>I prodotti Masi avranno diverse collocazioni. In particolare, nella settima sala, la \u201cStanza della<br \/>\nVanit\u00e0\u201d, dove \u00e8 allestita la scenografia della rappresentazione della Manon Lescaut al Teatro alla<br \/>\nScala per la regia di Liliana Cavani: una messa in scena per suggerire un\u2019elegante idea con cui si pu\u00f2<br \/>\nvivere la vanit\u00e0 del lusso. La stanza prende le sembianze di una suite di un magnifico albergo, dove<br \/>\nlo spumante millesimato riserva Conte Federico dei Conti Bossi Fedrigotti \u00e8 esibito in un banchetto<br \/>\nallestito per un sontuoso aperitivo, tra broccati, porcellane, caviale e prelibatezze di ogni tipo.<br \/>\nA seguire, l\u2019ottava stanza, quella \u201cdel Giardino segreto\u201d, accoglie il visitatore con suggestioni che lo<br \/>\nfanno riflettere sulla Natura e il segreto della sua Bellezza, con la mirabilia di Wonderland, il paese<br \/>\ndelle meraviglie dell\u2019artista anglosassone Kirsty Mitchell. In questo splendido Eden, una fontana<br \/>\ngetta vino di fronte a una bottiglia di 9 litri di Amarone Masi e a figure allegoriche, tra aironi rosa<br \/>\nperlati e animali incantati.<br \/>\nMasi sar\u00e0 poi presente nell\u2019ultima sala, quella delle quattro colonne di Palazzo Reale, a conclusione<br \/>\ndel percorso che porter\u00e0 i visitatori ad apprendere il senso ultimo del \u201clusso\u201d. Qui il lusso \u00e8<br \/>\nrappresentato come lux, luce, ma anche come luxuria, l\u2019eccesso, la sensualit\u00e0 che accompagna il<br \/>\npiacere della vita. Nella sala campeggia una tavola imperiale che esibisce il risotto con la foglia d\u2019oro<br \/>\ndi Gualtiero Marchesi, tra i piatti pi\u00f9 famosi al mondo e si illumina di oro rosso con il pregiato<br \/>\nAmarone Riserva Costasera Masi e una grande gabbia d\u2019oro in cui si avvolge un serpente, pitone<br \/>\nreticolato, prestito del Museo di Storia Naturale di Milano.<br \/>\nInfo mostra:<br \/>\nLUXUS &#8211; Lo stupore della bellezza<br \/>\nMilano, Palazzo Reale, 12 luglio \u2013 30 settembre 2018<br \/>\nA cura di: Stefano Zecchi<br \/>\nDirezione Artistica: Beatrice Mosca<br \/>\nScenografie: Angelo Sala<br \/>\nsito internet<br \/>\npalazzorealemilano.it<br \/>\nmostraluxusmilano.it<br \/>\n&#8212;&#8212;&#8212;&#8212;&#8212;&#8212;&#8212;&#8212;&#8212;&#8212;&#8212;&#8212;&#8212;&#8212;&#8212;&#8212;&#8212;&#8212;&#8212;&#8212;&#8212;&#8212;&#8212;&#8212;&#8212;&#8212;&#8212;&#8212;&#8212;&#8212;&#8212;&#8212;&#8212;&#8212;&#8212;&#8212;&#8212;&#8212;-<br \/>\nMASI AGRICOLA: Masi \u00e8 produttore leader di Amarone e da sempre interpreta con passione i valori delle<br \/>\nVenezie. Una delle aziende italiane pi\u00f9 significative per fatturato, per presenza internazionale e per<br \/>\nriconoscibilit\u00e0 di brand. \u00c8 il primo marchio italiano di vini di qualit\u00e0 a quotarsi alla Borsa italiana. La sua<br \/>\nstoria inizia alla fine del XVIII secolo, quando la famiglia Boscaini acquista pregiati vigneti nella piccola<br \/>\nvalle denominata \u201cVaio dei Masi\u201d, nel cuore della Valpolicella Classica. Da oltre quarant\u2019anni ha avviato<br \/>\nun ambizioso progetto di valorizzazione di storiche tenute vitivinicole, collaborando con i Conti Serego<br \/>\nAlighieri, discendenti del poeta Dante, proprietari della tenuta che in Valpolicella pu\u00f2 vantare la pi\u00f9 lunga<br \/>\nstoria e tradizione, con i Conti Bossi Fedrigotti, prestigiosa griffe trentina nota per Fojaneghe, il primo vino<br \/>\ndi stile bordolese, prodotto in Italia, e con Canevel, produttore di Spumanti di eccellenza in Valdobbiadene.<br \/>\nMasi possiede inoltre le tenute a conduzione biologica Poderi del Bello Ovile in Toscana e Masi Tupungato<br \/>\nin Argentina. Ha un\u2019expertise riconosciuta nella tecnica dell\u2019Appassimento, praticata sin dai tempi degli<br \/>\nantichi Romani, per concentrare colore, zuccheri, aromi e tannini nel vino, ed \u00e8 uno degli interpreti storici<br \/>\ndell\u2019Amarone: il suo presidente, Sandro Boscaini, rappresenta la sesta generazione della famiglia che ha<br \/>\ncontribuito a far s\u00ec che questo vino diventasse un\u2019eccellenza italiana. Oggi Masi produce cinque diversi<br \/>\nAmaroni, la gamma pi\u00f9 ampia e qualificata proposta al mercato internazionale. Sandro Boscaini riveste<br \/>\nattualmente la carica di Presidente di Federvini, Federazione Italiana Industriali Produttori, Esportatori e<br \/>\nImportatori di Vini, Acquaviti, Liquori, Sciroppi, Aceti e affini. Masi Agricola \u00e8 quotata sul mercato AIM Italia<br \/>\ndi Borsa Italiana. Il codice alfanumerico delle azioni \u00e8 \u201cMASI\u201d e il codice ISIN \u00e8 IT0004125677. Il lotto<br \/>\nminimo di negoziazione \u00e8 250 azioni. Nomad e Specialist della societ\u00e0 \u00e8 Equita Sim S.p.A. (www.masi.it)<\/p>\n","protected":false},"excerpt":{"rendered":"<p>L\u2019AMARONE MASI EMBLEMA DEL LUSSO ALLA MOSTRA \u201cLUXUS &#8211; LO STUPORE DELLA BELLEZZA\u201d Il prestigioso vino della Valpolicella celebrato durante l\u2019esposizione a Palazzo Reale dal 12 luglio al 30 settembre in un percorso di educazione estetica sulla storia e sul concetto di Lusso Il famoso Amarone Costasera di Masi Agricola, azienda vitivinicola radicata in Valpolicella &hellip; <a href=\"https:\/\/www.gdapress.it\/it\/index.php\/67448\/arte\/lamarone-masi-emblema-del-lusso-alla-mostra-luxus-lo-stupore-della-bellezza.html\" class=\"more-link\">Read more <span class=\"screen-reader-text\">L\u2019AMARONE MASI EMBLEMA DEL LUSSO ALLA MOSTRA \u201cLUXUS &#8211; LO STUPORE DELLA BELLEZZA\u201d<\/span><\/a><\/p>\n","protected":false},"author":2,"featured_media":67450,"comment_status":"closed","ping_status":"open","sticky":false,"template":"","format":"standard","meta":{"footnotes":""},"categories":[4],"tags":[5873,17220,17,140,22518],"class_list":["post-67448","post","type-post","status-publish","format-standard","has-post-thumbnail","hentry","category-arte","tag-amarone","tag-masi","tag-milano","tag-palazzo-reale","tag-luxus-lo-stupore-della-bellezza"],"_links":{"self":[{"href":"https:\/\/www.gdapress.it\/it\/index.php\/wp-json\/wp\/v2\/posts\/67448","targetHints":{"allow":["GET"]}}],"collection":[{"href":"https:\/\/www.gdapress.it\/it\/index.php\/wp-json\/wp\/v2\/posts"}],"about":[{"href":"https:\/\/www.gdapress.it\/it\/index.php\/wp-json\/wp\/v2\/types\/post"}],"author":[{"embeddable":true,"href":"https:\/\/www.gdapress.it\/it\/index.php\/wp-json\/wp\/v2\/users\/2"}],"replies":[{"embeddable":true,"href":"https:\/\/www.gdapress.it\/it\/index.php\/wp-json\/wp\/v2\/comments?post=67448"}],"version-history":[{"count":1,"href":"https:\/\/www.gdapress.it\/it\/index.php\/wp-json\/wp\/v2\/posts\/67448\/revisions"}],"predecessor-version":[{"id":67452,"href":"https:\/\/www.gdapress.it\/it\/index.php\/wp-json\/wp\/v2\/posts\/67448\/revisions\/67452"}],"wp:featuredmedia":[{"embeddable":true,"href":"https:\/\/www.gdapress.it\/it\/index.php\/wp-json\/wp\/v2\/media\/67450"}],"wp:attachment":[{"href":"https:\/\/www.gdapress.it\/it\/index.php\/wp-json\/wp\/v2\/media?parent=67448"}],"wp:term":[{"taxonomy":"category","embeddable":true,"href":"https:\/\/www.gdapress.it\/it\/index.php\/wp-json\/wp\/v2\/categories?post=67448"},{"taxonomy":"post_tag","embeddable":true,"href":"https:\/\/www.gdapress.it\/it\/index.php\/wp-json\/wp\/v2\/tags?post=67448"}],"curies":[{"name":"wp","href":"https:\/\/api.w.org\/{rel}","templated":true}]}}