
{"id":67068,"date":"2018-06-27T10:04:08","date_gmt":"2018-06-27T08:04:08","guid":{"rendered":"http:\/\/www.gdapress.it\/it\/?p=67068"},"modified":"2018-06-27T10:04:57","modified_gmt":"2018-06-27T08:04:57","slug":"4-design-summit-lindustria-del-design-tra-digitale-e-internazionalizzazione-opportunita-e-sfide-per-il-settore","status":"publish","type":"post","link":"https:\/\/www.gdapress.it\/it\/index.php\/67068\/design\/4-design-summit-lindustria-del-design-tra-digitale-e-internazionalizzazione-opportunita-e-sfide-per-il-settore.html","title":{"rendered":"4\u00b0 Design Summit    L\u2019INDUSTRIA DEL DESIGN TRA DIGITALE  E INTERNAZIONALIZZAZIONE  Opportunit\u00e0 e sfide per il settore"},"content":{"rendered":"<p><img loading=\"lazy\" decoding=\"async\" class=\"alignleft size-medium wp-image-67070\" src=\"http:\/\/www.gdapress.it\/it\/..\/public\/it\/2018\/06\/PDS_02_David-Pambianco-200x300.jpg\" alt=\"\" width=\"200\" height=\"300\" srcset=\"https:\/\/www.gdapress.it\/it\/..\/public\/it\/2018\/06\/PDS_02_David-Pambianco-200x300.jpg 200w, https:\/\/www.gdapress.it\/it\/..\/public\/it\/2018\/06\/PDS_02_David-Pambianco-768x1152.jpg 768w, https:\/\/www.gdapress.it\/it\/..\/public\/it\/2018\/06\/PDS_02_David-Pambianco-267x400.jpg 267w\" sizes=\"auto, (max-width: 200px) 100vw, 200px\" \/><\/p>\n<p><strong>4\u00b0 Design Summit\u00a0<\/strong><strong>L\u2019INDUSTRIA DEL DESIGN TRA DIGITALE <\/strong><strong>E INTERNAZIONALIZZAZIONE\u00a0<\/strong><\/p>\n<p><strong>Opportunit\u00e0 e sfide per il settore<\/strong><\/p>\n<p>Il summit di <strong>Pambianco Strategie di Impresa,<\/strong>tenutosi il 26 giugno 2018<strong>,<\/strong>\u00a0interamente dedicato al settore Arredo &amp; Design \u00e8 giunto alla sua quarta edizione annuale.<\/p>\n<p>L\u2019evento, organizzato in collaborazione con <strong>FederlegnoArredo <\/strong>e con la rivista<strong> Interni<\/strong>, si\u00a0 \u00e8 posto come obiettivo l\u2019apertura di un tavolo di confronto tra gli imprenditori e i manager sulla necessit\u00e0 per le aziende del settore di completare il proprio processo di digitalizzazione con la crescita nelle vendite online e di accelerare il processo di internazionalizzazione.<\/p>\n<p>A moderare la giornata \u00e8 stato chiamato <strong>Nicola Porro<\/strong>, conduttore di Matrix su Canale5.<\/p>\n<p>Dopo i saluti di <strong>Luca Peyrano<\/strong>, CEO di Elite &#8211; London Stock Exchange Group, la mattinata \u00e8 entrata subito nel vivo con la ricerca <strong><em>\u201cDigitale e tecnologia: l\u2019impatto nella gestione delle aziende del design\u201d<\/em><\/strong> presentata da <strong>David Pambianco, <\/strong>CEO di Pambianco Strategie di Impresa. La ricerca, che si \u00e8 basata sia su rielaborazioni dei dati di ricerche di fonti di livello internazionale sia su interviste dirette a vari imprenditori e manager di aziende del settore, ha coinvolto un panel di 28 aziende che hanno sviluppato un fatturato complessivo di 2,9mld \u20ac nel 2017.<\/p>\n<p>A dare un\u2019idea delle dimensioni del digitale sono alcuni dati che mettono in evidenza quanto il mondo sia sempre pi\u00f9 collegato, con 4,8mld di smartphone connessi a livello globale e un tempo medio speso sui social in costante aumento, oltre che un 58% delle vendite del canale fisico influenzate da un contatto online e una generazione di consumatori sempre pi\u00f9 giovane (tra i 22 e i 38 anni).<\/p>\n<p>Dalla <strong>ricerca<\/strong> \u00e8 emerso come la <em>digital revolution,<\/em> che ha reso possibile il contatto diretto tra brand e consumatore, stia avendo un impatto su tutte le aree aziendali e in particolare in 3 macroaree ovvero la produzione, la comunicazione e le vendite.<\/p>\n<p>Entrando nello specifico, nel campo della <strong>produzione<\/strong>, il 78% delle aziende facenti parte del campione ha adottato tecniche di automazione industriale per migliorare la produttivit\u00e0 e la qualit\u00e0 della produzione, ottenendo vantaggi che vanno dal risparmio economico e di energia al miglioramento del livello della qualit\u00e0 alla velocit\u00e0 e alla sostenibilit\u00e0 e, collegando il processo produttivo al proprio CRM, anche a una \u201cpersonalizzazione di massa\u201d.<br \/>\nNel campo della <strong>comunicazione<\/strong> si evidenzia invece un cambiamento nella ripartizione degli investimenti, che vedono negli ultimi cinque anni un incremento fino all\u201911% degli investimenti in campagne social e in pubblicit\u00e0 online e SEO e un calo nell\u2019advertising cartaceo, su un investimento medio nel 2017 del 3% del fatturato. Gli strumenti social e online pi\u00f9 utilizzati sono risultati essere Facebook e Instagram, la cui gestione ha implicato l\u2019inserimento di nuove figure interne specializzate nell\u201985% delle aziende prese in esame.<\/p>\n<p>Un focus importante \u00e8 stato riservato all\u2019e-commerce, i cui maggiori vantaggi sono risultati essere il contatto diretto con i propri consumatori, la possibilit\u00e0 di raggiungere un ampio bacino potenziale e, solo in parte, una maggiore marginalit\u00e0 mentre tra i limiti si notano soprattutto la concorrenza fatta ai propri dealers oltre che una limitata abitudine d\u2019acquisto da parte dei consumatori e una grande complessit\u00e0 di progettazione e logistica.<\/p>\n<p>L\u2019analisi ha inoltre evidenziato che, nonostante a livello globale l\u2019e-commerce sia gi\u00e0 un canale consistente nel settore dell\u2019arredo, le aziende italiane sono praticamente assenti: \u00e8 la Cina a guadagnare la pi\u00f9 grossa fetta di mercato (20%) con un giro d\u2019affari pari a 58mld $ seguita da Stati Uniti con 33mld $ (12%) ed Europa con 26mld $ (6-7%). Il settore arredo italiano sviluppa online solo l\u20191-2% del proprio giro d\u2019affari per un valore pari a 0,3mld di \u20ac, posizionandosi cos\u00ec dopo Germania, Francia, Spagna e Inghilterra. Scarso in Italia anche il digital export con il 2% del totale, pari a circa 70mln di \u20ac.<\/p>\n<p>Questa lentezza nell&#8217;acquisire quote di mercato online \u00e8 un limite importante per le nostre aziende alla luce del fatto\u00a0che, con il crescere della capacit\u00e0 di spesa delle nuove generazioni, non se ne potr\u00e0 fare a meno perch\u00e9 un consumatore abituato ad informarsi ed acquistare online lo fa per tutti i prodotti di cui necessita.<\/p>\n<p>Concludendo, le aziende italiane, all\u2019avanguardia nell\u2019innovazione legata al prodotto e un po\u2019 indietro nella digitalizzazione, dovrebbero quindi iniziare a considerare il digitale non solo come una \u201cparte della comunicazione\u201d ma come un vero e proprio approccio che riguarda tutta l\u2019azienda e vederlo finalmente come il presente, non il futuro. Per non vanificare gli investimenti in tecnologia, automazione, CRM, gestione dei dati e social media, sarebbe opportuno perci\u00f2 che \u201cchiudessero il cerchio\u201d con la vendita via e-commerce, scopo per cui sono messe in atto le attivit\u00e0 precedenti.<\/p>\n<p>Dopo un breve intervento di <strong>Gilda Bojardi<\/strong>, Direttore Interni Magazine, la mattinata \u00e8 proseguita con due interviste face to face che hanno visto <strong>Claudio Feltrin<\/strong>, Presidente di AssArredo, esaminare le sfide del settore arredo in Italia e <strong>Stefano Cazzaniga<\/strong>, Export Manager di Interni Arredamenti, toccare il tema del retail e della crescita internazionale.<\/p>\n<p>A seguire l\u2019intervista a due dal titolo <em>\u201cLa progettualit\u00e0 del Made in Italy: punti di forza e debolezza nel contesto globale\u201d<\/em>, ha messo a confronto <strong>Franco Guidi<\/strong>, Partner e CEO di Lombardini 22, e <strong>Massimiliano Locatelli<\/strong>, architetto e designer co-fondatore di CLS Architetti.<\/p>\n<p>La prima parte della mattina si \u00e8 conclusa con le interviste a <strong>Nicola Coropulis<\/strong>, General Manager di Poltrona Frau, sulla costruzione di un brand del lusso nell\u2019arredamento e a seguire \u00a0a <strong>Claudio Luti, <\/strong>Presidente di Kartell, che ha raccontato attraverso la propria interessante case history la strategia del marchio in tema di ricerca, innovazione e ampliamento.<\/p>\n<p>La seconda parte della mattinata si \u00e8 aperta con l\u2019intervista a <strong>Bel\u00e9n Frau<\/strong>, Country Retail Manager di IKEA Italia, che ha esposto la visione del brand in un\u2019intervista dal titolo <em>\u201cLe sfide future del Retail, tra digitalizzazione e customer experience\u201d.<\/em><\/p>\n<p>Il summit ha poi registrato due tavole rotonde che nel primo caso hanno visto protagonisti <strong>Nicol\u00f2 Gavazzi<\/strong>, Chief Sales Officer di Boffi Group, <strong>Carola Bestetti<\/strong>, Communication and Marketing Director di Living Divani, e <strong>Giulia Molteni<\/strong>, Head of Marketing and Communication di Molteni&amp;C | Dada sul tema delle nuove generazioni che affrontano un mercato sempre pi\u00f9 competitivo; nel secondo caso <strong>Daniele Lago<\/strong>, CEO&amp;Head of Design di Lago e <strong>Gianluca Mollura<\/strong>, CEO di Mollura &amp;C, si sono confrontati ancora sull\u2019e-commerce e sulle sue potenzialit\u00e0 per raggiungere un mercato globale.<\/p>\n<p>A chiudere l\u2019intensa mattinata di lavori, infine, l\u2019intervista a <strong>Franco Bianchi<\/strong>, Presidente e CEO di Haworth, che ha raccontato della visione che gli USA hanno dell\u2019Italia e del mercato italiano.<\/p>\n<p><em>Un ringraziamento\u00a0 agli sponsor \u2013 Ilva e Lectra &#8211; che\u00a0 hanno supportato la realizzazione del 4\u00b0 Design Summit.<\/em><\/p>\n","protected":false},"excerpt":{"rendered":"<p>4\u00b0 Design Summit\u00a0L\u2019INDUSTRIA DEL DESIGN TRA DIGITALE E INTERNAZIONALIZZAZIONE\u00a0 Opportunit\u00e0 e sfide per il settore Il summit di Pambianco Strategie di Impresa,tenutosi il 26 giugno 2018,\u00a0interamente dedicato al settore Arredo &amp; Design \u00e8 giunto alla sua quarta edizione annuale. L\u2019evento, organizzato in collaborazione con FederlegnoArredo e con la rivista Interni, si\u00a0 \u00e8 posto come obiettivo &hellip; <a href=\"https:\/\/www.gdapress.it\/it\/index.php\/67068\/design\/4-design-summit-lindustria-del-design-tra-digitale-e-internazionalizzazione-opportunita-e-sfide-per-il-settore.html\" class=\"more-link\">Read more <span class=\"screen-reader-text\">4\u00b0 Design Summit    L\u2019INDUSTRIA DEL DESIGN TRA DIGITALE  E INTERNAZIONALIZZAZIONE  Opportunit\u00e0 e sfide per il settore<\/span><\/a><\/p>\n","protected":false},"author":2,"featured_media":67070,"comment_status":"closed","ping_status":"open","sticky":false,"template":"","format":"standard","meta":{"footnotes":""},"categories":[32],"tags":[22331,22333,22334,1407,13979,22332],"class_list":["post-67068","post","type-post","status-publish","format-standard","has-post-thumbnail","hentry","category-design","tag-4-design-summit","tag-david-pambianco","tag-federlegnoarredo","tag-interni","tag-nicola-porro","tag-pambianco"],"_links":{"self":[{"href":"https:\/\/www.gdapress.it\/it\/index.php\/wp-json\/wp\/v2\/posts\/67068","targetHints":{"allow":["GET"]}}],"collection":[{"href":"https:\/\/www.gdapress.it\/it\/index.php\/wp-json\/wp\/v2\/posts"}],"about":[{"href":"https:\/\/www.gdapress.it\/it\/index.php\/wp-json\/wp\/v2\/types\/post"}],"author":[{"embeddable":true,"href":"https:\/\/www.gdapress.it\/it\/index.php\/wp-json\/wp\/v2\/users\/2"}],"replies":[{"embeddable":true,"href":"https:\/\/www.gdapress.it\/it\/index.php\/wp-json\/wp\/v2\/comments?post=67068"}],"version-history":[{"count":2,"href":"https:\/\/www.gdapress.it\/it\/index.php\/wp-json\/wp\/v2\/posts\/67068\/revisions"}],"predecessor-version":[{"id":67072,"href":"https:\/\/www.gdapress.it\/it\/index.php\/wp-json\/wp\/v2\/posts\/67068\/revisions\/67072"}],"wp:featuredmedia":[{"embeddable":true,"href":"https:\/\/www.gdapress.it\/it\/index.php\/wp-json\/wp\/v2\/media\/67070"}],"wp:attachment":[{"href":"https:\/\/www.gdapress.it\/it\/index.php\/wp-json\/wp\/v2\/media?parent=67068"}],"wp:term":[{"taxonomy":"category","embeddable":true,"href":"https:\/\/www.gdapress.it\/it\/index.php\/wp-json\/wp\/v2\/categories?post=67068"},{"taxonomy":"post_tag","embeddable":true,"href":"https:\/\/www.gdapress.it\/it\/index.php\/wp-json\/wp\/v2\/tags?post=67068"}],"curies":[{"name":"wp","href":"https:\/\/api.w.org\/{rel}","templated":true}]}}