
{"id":66964,"date":"2018-06-12T08:59:54","date_gmt":"2018-06-12T06:59:54","guid":{"rendered":"http:\/\/www.gdapress.it\/it\/?p=66964"},"modified":"2018-06-12T08:59:54","modified_gmt":"2018-06-12T06:59:54","slug":"leonardo-nava-radicamenti-studio-museo-francesco-messina-milano","status":"publish","type":"post","link":"https:\/\/www.gdapress.it\/it\/index.php\/66964\/arte\/leonardo-nava-radicamenti-studio-museo-francesco-messina-milano.html","title":{"rendered":"Leonardo Nava  RADICAMENTI Studio Museo Francesco Messina Milano"},"content":{"rendered":"<p><img loading=\"lazy\" decoding=\"async\" class=\"alignleft size-medium wp-image-66965\" src=\"http:\/\/www.gdapress.it\/it\/..\/public\/it\/2018\/06\/27Radicamenti27-di-Leonardo-Nava-particolare-300x256.jpg\" alt=\"\" width=\"300\" height=\"256\" srcset=\"https:\/\/www.gdapress.it\/it\/..\/public\/it\/2018\/06\/27Radicamenti27-di-Leonardo-Nava-particolare-300x256.jpg 300w, https:\/\/www.gdapress.it\/it\/..\/public\/it\/2018\/06\/27Radicamenti27-di-Leonardo-Nava-particolare-768x656.jpg 768w, https:\/\/www.gdapress.it\/it\/..\/public\/it\/2018\/06\/27Radicamenti27-di-Leonardo-Nava-particolare-468x400.jpg 468w, https:\/\/www.gdapress.it\/it\/..\/public\/it\/2018\/06\/27Radicamenti27-di-Leonardo-Nava-particolare.jpg 1330w\" sizes=\"auto, (max-width: 300px) 100vw, 300px\" \/><\/p>\n<p><em>Presentazione della nuova scultura dell\u2019artista Leonardo Nava<\/em><\/p>\n<p><em><strong>RADICAMENTI<\/strong><\/em><\/p>\n<p>Marted\u00ec 12 giugno 2018, ore 18 &#8211; Ingresso libero<\/p>\n<p>Studio Museo Francesco Messina<\/p>\n<p>Via San Sisto 4\/A\u00a0 Milano<\/p>\n<p><em>\u201cCaos vuol dire energia. Leonardo Nava traspone energia. Lotta con l\u2019informe.<\/em><\/p>\n<p><em>Cos\u00ec l\u2019informe diventa energia. L\u2019energia diventa forma.\u201d \u00a0<\/em>Flavio Caroli<\/p>\n<p>Verr\u00e0 inaugurata oggi alle ore 18.00 presso lo Studio Museo Francesco Messina la nuova scultura dell\u2019artista <strong>Leonardo Nava<\/strong>. Alla presentazione dell\u2019opera <strong>\u201cRadicamenti\u201d<\/strong> saranno \u00a0presenti: l\u2019Assessore alla Cultura del Comune di Milano<strong> Filippo Del Corno<\/strong>, la Direttrice dello Studio Museo Francesco Messina<strong> Maria Fratelli<\/strong>, lo storico dell\u2019arte<strong> Flavio Caroli<\/strong>, l\u2019epistemologa<strong> Eleonora Fiorani<\/strong> e il poeta <strong>Marco Lando<\/strong>. La scultura rimarr\u00e0 installata sino a dicembre.<\/p>\n<p>L\u2019artista ha realizzato una imponente struttura vegetale sulla facciata dell\u2019ex Chiesa di San Sisto che si sviluppa sull\u2019edificio e se ne appropria attraversandolo tra esterno ed interno. Il naturalismo, che trovava espressione nella figura umana di Francesco Messina, negli ultimi cinquant\u2019anni approda a nuovi esiti figurativi. La realizzazione, iniziata a gennaio, ha fatto da corollario ad una serie di mostre che il museo ha dedicato dall\u2019inizio dell\u2019anno al rapporto arte e natura.<\/p>\n<p>Tema di cui l\u2019autore indaga il rapporto anche nelle sculture pi\u00f9 intime e raccolte rientranti nel ciclo \u201c<em>natura ed artificio\u201d <\/em>\u00a0che il Museo presenter\u00e0 il prossimo autunno.<\/p>\n<p><em>\u201cIl mio \u00e8 stato un lavoro sulla processualit\u00e0.<\/em> &#8211; spiega <strong>Leonardo Nava<\/strong> illustrando la sua opera &#8211; <em>Ho lavorato al progetto e alla realizzazione della scultura, in cui ho vissuto la consapevolezza di essere parte di un processo naturale, che attraverso l\u2019energia ne ha sostanziato la costruzione. Questo \u00e8 potuto essere attraverso la materia. La materia \u00e8 l\u2019origine di tutto, anche del nostro stesso pensiero, apparentemente immateriale ma che dalla materia deriva e che materia diventa in seguito. La materia \u00e8 stata il tramite per entrare nelle fibre della vita e della sostanza dell\u2019energia. La scultura \u00e8 come un corpo che stilla energia.\u201d<\/em><\/p>\n<p>L\u2019opera \u201cRadicamenti\u201d, i cui i racemi prendono forma e forza plastica sull\u2019edifico, esemplifica il grande dialogo natura-scultura. L&#8217;energia della scultura traduce, nell\u2019intersecarsi continuo di fasci e strutture, la tensione e la forza di un intervento che si dispiega al limite tra realt\u00e0 e artificio, in un costante rimando ad una visione di natura rigeneratrice, specchio di ci\u00f2 che intimamente \u00e8 l\u2019uomo diventando esempio d\u2019arte pubblica che porta all\u2019esterno, nella citt\u00e0, \u00a0la missione dello Studio Museo Francesco Messina.<\/p>\n<p><em>\u201cNon c\u2019\u00e8 altra presenza<\/em> &#8211; commenta <strong>Eleonora Fiorani<\/strong> &#8211; <em>che come l\u2019albero, il pi\u00f9 grande e maestoso dei viventi e il pi\u00f9 vicino al cielo, sia tanto carica di mitologie, di significati, di simboli, di metafore, di allegorie e in grado di evocare una sensazione di una presenza misteriosa, in cui sogno e realt\u00e0 sconfinano l\u2019uno nell\u2019altro. Ed \u00e8 all\u2019albero che fa riferimento l\u2019installazione di Leonardo Nava al Museo Messina che declina artificiale e naturale creando un nuovo linguaggio di forme libere dall\u2019astrazione. [&#8230;] L\u2019installazione \u00e8 essa stessa scultura vivente di una citt\u00e0 diversa che dialoga con la pietra rompendo le sue perfette forme geometriche rigide e chiuse e la intriga con le sue potenti forme sinuose e curvilinee fatte di intrecci di rami e nodi, che creano ritmiche vibrazioni, profondit\u00e0 e ombre.\u201d<\/em><\/p>\n<p>Per informazioni:<\/p>\n<p><strong>Studio Museo Francesco Messina<\/strong><br \/>\nVia San Sisto 4\/a, 20123 Milano<br \/>\nTel. 02 86453005<\/p>\n<p>E-mail: c.museomessina@comune.milano.it<br \/>\nWeb: www.comunedimilano.it\/museomessina<\/p>\n","protected":false},"excerpt":{"rendered":"<p>Presentazione della nuova scultura dell\u2019artista Leonardo Nava RADICAMENTI Marted\u00ec 12 giugno 2018, ore 18 &#8211; Ingresso libero Studio Museo Francesco Messina Via San Sisto 4\/A\u00a0 Milano \u201cCaos vuol dire energia. Leonardo Nava traspone energia. Lotta con l\u2019informe. Cos\u00ec l\u2019informe diventa energia. L\u2019energia diventa forma.\u201d \u00a0Flavio Caroli Verr\u00e0 inaugurata oggi alle ore 18.00 presso lo Studio &hellip; <a href=\"https:\/\/www.gdapress.it\/it\/index.php\/66964\/arte\/leonardo-nava-radicamenti-studio-museo-francesco-messina-milano.html\" class=\"more-link\">Read more <span class=\"screen-reader-text\">Leonardo Nava  RADICAMENTI Studio Museo Francesco Messina Milano<\/span><\/a><\/p>\n","protected":false},"author":2,"featured_media":66965,"comment_status":"closed","ping_status":"open","sticky":false,"template":"","format":"standard","meta":{"footnotes":""},"categories":[4],"tags":[22238,17,22239,14996],"class_list":["post-66964","post","type-post","status-publish","format-standard","has-post-thumbnail","hentry","category-arte","tag-leonardo-nava","tag-milano","tag-radicamenti","tag-studio-museo-francesco-messina"],"_links":{"self":[{"href":"https:\/\/www.gdapress.it\/it\/index.php\/wp-json\/wp\/v2\/posts\/66964","targetHints":{"allow":["GET"]}}],"collection":[{"href":"https:\/\/www.gdapress.it\/it\/index.php\/wp-json\/wp\/v2\/posts"}],"about":[{"href":"https:\/\/www.gdapress.it\/it\/index.php\/wp-json\/wp\/v2\/types\/post"}],"author":[{"embeddable":true,"href":"https:\/\/www.gdapress.it\/it\/index.php\/wp-json\/wp\/v2\/users\/2"}],"replies":[{"embeddable":true,"href":"https:\/\/www.gdapress.it\/it\/index.php\/wp-json\/wp\/v2\/comments?post=66964"}],"version-history":[{"count":1,"href":"https:\/\/www.gdapress.it\/it\/index.php\/wp-json\/wp\/v2\/posts\/66964\/revisions"}],"predecessor-version":[{"id":66966,"href":"https:\/\/www.gdapress.it\/it\/index.php\/wp-json\/wp\/v2\/posts\/66964\/revisions\/66966"}],"wp:featuredmedia":[{"embeddable":true,"href":"https:\/\/www.gdapress.it\/it\/index.php\/wp-json\/wp\/v2\/media\/66965"}],"wp:attachment":[{"href":"https:\/\/www.gdapress.it\/it\/index.php\/wp-json\/wp\/v2\/media?parent=66964"}],"wp:term":[{"taxonomy":"category","embeddable":true,"href":"https:\/\/www.gdapress.it\/it\/index.php\/wp-json\/wp\/v2\/categories?post=66964"},{"taxonomy":"post_tag","embeddable":true,"href":"https:\/\/www.gdapress.it\/it\/index.php\/wp-json\/wp\/v2\/tags?post=66964"}],"curies":[{"name":"wp","href":"https:\/\/api.w.org\/{rel}","templated":true}]}}