
{"id":66921,"date":"2018-05-18T21:59:34","date_gmt":"2018-05-18T19:59:34","guid":{"rendered":"http:\/\/www.gdapress.it\/it\/?p=66921"},"modified":"2018-06-10T22:04:02","modified_gmt":"2018-06-10T20:04:02","slug":"il-nuovo-menu-di-babek-firmato-misha-sukyas","status":"publish","type":"post","link":"https:\/\/www.gdapress.it\/it\/index.php\/66921\/enogastronomia\/il-nuovo-menu-di-babek-firmato-misha-sukyas.html","title":{"rendered":"Il nuovo men\u00f9 di Babek firmato Misha Sukyas"},"content":{"rendered":"<table class=\"x_templateContainer\" border=\"0\" width=\"100%\" cellspacing=\"0\" cellpadding=\"0\">\n<tbody>\n<tr>\n<td id=\"x_templateBody\" valign=\"top\">\n<table class=\"x_mcnTextBlock\" border=\"0\" width=\"100%\" cellspacing=\"0\" cellpadding=\"0\">\n<tbody class=\"x_mcnTextBlockOuter\">\n<tr>\n<td class=\"x_mcnTextBlockInner\" valign=\"top\">\n<table class=\"x_mcnTextContentContainer\" border=\"0\" width=\"100%\" cellspacing=\"0\" cellpadding=\"0\" align=\"left\">\n<tbody>\n<tr>\n<td class=\"x_mcnTextContent\" valign=\"top\">\n<h1><img loading=\"lazy\" decoding=\"async\" class=\"alignleft size-large wp-image-66922\" src=\"http:\/\/www.gdapress.it\/it\/..\/public\/it\/2018\/06\/MAR_5257-267x400.jpg\" alt=\"\" width=\"267\" height=\"400\" srcset=\"https:\/\/www.gdapress.it\/it\/..\/public\/it\/2018\/06\/MAR_5257-267x400.jpg 267w, https:\/\/www.gdapress.it\/it\/..\/public\/it\/2018\/06\/MAR_5257-200x300.jpg 200w, https:\/\/www.gdapress.it\/it\/..\/public\/it\/2018\/06\/MAR_5257-768x1150.jpg 768w\" sizes=\"auto, (max-width: 267px) 100vw, 267px\" \/><\/h1>\n<p>Arriva la nuova stagione ma anche e soprattutto il nuovo men\u00f9 di\u00a0<strong>Babek<\/strong>, un men\u00f9 d\u2019autore firmato da\u00a0<strong>Misha Sukyas<\/strong>. Un connubio naturale tra uno chef che ha girato molti paesi del mondi, scoprendone profumi ed aromi, stravolgendo alcune tradizioni con grande conoscenza ed una realt\u00e0 che ha voluto rivoluzionare il concetto puro di kebab.<\/td>\n<\/tr>\n<\/tbody>\n<\/table>\n<\/td>\n<\/tr>\n<\/tbody>\n<\/table>\n<\/td>\n<\/tr>\n<tr>\n<td id=\"x_templateFooter\" valign=\"top\">\n<table class=\"x_mcnImageGroupBlock\" border=\"0\" width=\"100%\" cellspacing=\"0\" cellpadding=\"0\">\n<tbody class=\"x_mcnImageGroupBlockOuter\">\n<tr>\n<td class=\"x_mcnImageGroupBlockInner\" valign=\"top\"><\/td>\n<\/tr>\n<\/tbody>\n<\/table>\n<table class=\"x_mcnTextBlock\" border=\"0\" width=\"100%\" cellspacing=\"0\" cellpadding=\"0\">\n<tbody class=\"x_mcnTextBlockOuter\">\n<tr>\n<td class=\"x_mcnTextBlockInner\" valign=\"top\">\n<table class=\"x_mcnTextContentContainer\" border=\"0\" width=\"100%\" cellspacing=\"0\" cellpadding=\"0\" align=\"left\">\n<tbody>\n<tr>\n<td class=\"x_mcnTextContent\" valign=\"top\">\n<p dir=\"ltr\">La prima novit\u00e0 riguarda le quattro\u00a0<strong>proposte stagionali<\/strong>\u00a0che troverete nel men\u00f9 :<br \/>\n<strong>NonnabeK<\/strong>\u00a0con pollo ruspante, rucola, ricotta di pecora, ketchup di peperoni e salsa yogurt<br \/>\n<strong>KassiabeK<\/strong>\u00a0con pecora bergamasca, lattuga romana, puntarelle alla romana, stracciatella affumicata e salsa yogurt<br \/>\n<strong>CantabeK<\/strong>\u00a0con fassona piemontese, spinacio, cialde di caciocavallo podolico e salsa yogurt<br \/>\n<strong>SanabeK<\/strong>\u00a0(vegano) con tofu bio piastrato, lattuga romana, insalata di susine e salsa di barbabietole fum\u00e9<\/p>\n<\/td>\n<\/tr>\n<\/tbody>\n<\/table>\n<\/td>\n<\/tr>\n<\/tbody>\n<\/table>\n<table class=\"x_mcnImageBlock\" border=\"0\" width=\"100%\" cellspacing=\"0\" cellpadding=\"0\">\n<tbody class=\"x_mcnImageBlockOuter\">\n<tr>\n<td class=\"x_mcnImageBlockInner\" valign=\"top\"><\/td>\n<\/tr>\n<\/tbody>\n<\/table>\n<table class=\"x_mcnTextBlock\" border=\"0\" width=\"100%\" cellspacing=\"0\" cellpadding=\"0\">\n<tbody class=\"x_mcnTextBlockOuter\">\n<tr>\n<td class=\"x_mcnTextBlockInner\" valign=\"top\">\n<table class=\"x_mcnTextContentContainer\" border=\"0\" width=\"100%\" cellspacing=\"0\" cellpadding=\"0\" align=\"left\">\n<tbody>\n<tr>\n<td class=\"x_mcnTextContent\" valign=\"top\">\n<p dir=\"ltr\">La seconda novit\u00e0 riguarda la sala, che ha subito un mini\u00a0<strong>restyling<\/strong>\u00a0con un look pi\u00f9 arioso e con nuovi posti a sedere, permettendo cos\u00ec di accogliere prenotazioni. Da segnalare inoltre che il men\u00f9 del pranzo presenta una nuova formula ed accanto alla proposta a \u20ac 10,00 con un panino classico a scelta e patate o panelle, ne affianca un\u2019altra a \u20ac 9,00 con panino classico a scelta, acqua e caff\u00e8.<\/p>\n<p>Last but not least, per cena saranno previste delle\u00a0<strong>mini versioni<\/strong>\u00a0dei vari panini, per accontentare i tanti avventori che spesso sono assai indecisi nella scelta ed avranno cos\u00ec modo di provarne diversi.<\/p>\n<p><strong>BabeK<\/strong>\u00a0ha da poco raggiunto il secondo anno di attivit\u00e0, \u00e8 un progetto nato da quattro ragazzi siciliani, che hanno unito percorsi e conoscenze diverse con l\u2019intenzione di restituire valore al kebab, uno dei cibi di strada pi\u00f9 conosciuti al mondo, di cui oggi si ha un\u2019immagine stereotipata ed industrializzata. BabeK \u00e8 kebab al contrario, un approccio controcorrente che vuole riportare l\u2019attenzione alla qualit\u00e0 degli ingredienti, alla filiera produttiva, ai gesti di chi cucina e alla sensualit\u00e0 del gusto. Il team di BabeK non utilizza il classico spiedo ma marina personalmente carni sceltissime, provenienti da piccoli allevamenti locali, che cuoce a bassa temperatura e ripassa in piastra prima di servirle in abbinamento a verdure di stagione, salse fatte in casa e pani artigianali a lievitazione naturale prodotti con farine del Parco Ticino.<\/p>\n<p><strong>Misha Sukyas<\/strong>, chef e personaggio televisivo, si \u00e8 dedicato negli ultimi tempi ad alcune consulenze per nuovi progetti di ristorazione ed ha in cantiere\u00a0alcune fresche novit\u00e0.<\/td>\n<\/tr>\n<\/tbody>\n<\/table>\n<\/td>\n<\/tr>\n<\/tbody>\n<\/table>\n<\/td>\n<\/tr>\n<\/tbody>\n<\/table>\n","protected":false},"excerpt":{"rendered":"<p>Arriva la nuova stagione ma anche e soprattutto il nuovo men\u00f9 di\u00a0Babek, un men\u00f9 d\u2019autore firmato da\u00a0Misha Sukyas. Un connubio naturale tra uno chef che ha girato molti paesi del mondi, scoprendone profumi ed aromi, stravolgendo alcune tradizioni con grande conoscenza ed una realt\u00e0 che ha voluto rivoluzionare il concetto puro di kebab. La prima &hellip; <a href=\"https:\/\/www.gdapress.it\/it\/index.php\/66921\/enogastronomia\/il-nuovo-menu-di-babek-firmato-misha-sukyas.html\" class=\"more-link\">Read more <span class=\"screen-reader-text\">Il nuovo men\u00f9 di Babek firmato Misha Sukyas<\/span><\/a><\/p>\n","protected":false},"author":2,"featured_media":66922,"comment_status":"closed","ping_status":"open","sticky":false,"template":"","format":"standard","meta":{"footnotes":""},"categories":[20],"tags":[22222,16784],"class_list":["post-66921","post","type-post","status-publish","format-standard","has-post-thumbnail","hentry","category-enogastronomia","tag-babek","tag-misha-sukyas"],"_links":{"self":[{"href":"https:\/\/www.gdapress.it\/it\/index.php\/wp-json\/wp\/v2\/posts\/66921","targetHints":{"allow":["GET"]}}],"collection":[{"href":"https:\/\/www.gdapress.it\/it\/index.php\/wp-json\/wp\/v2\/posts"}],"about":[{"href":"https:\/\/www.gdapress.it\/it\/index.php\/wp-json\/wp\/v2\/types\/post"}],"author":[{"embeddable":true,"href":"https:\/\/www.gdapress.it\/it\/index.php\/wp-json\/wp\/v2\/users\/2"}],"replies":[{"embeddable":true,"href":"https:\/\/www.gdapress.it\/it\/index.php\/wp-json\/wp\/v2\/comments?post=66921"}],"version-history":[{"count":1,"href":"https:\/\/www.gdapress.it\/it\/index.php\/wp-json\/wp\/v2\/posts\/66921\/revisions"}],"predecessor-version":[{"id":66923,"href":"https:\/\/www.gdapress.it\/it\/index.php\/wp-json\/wp\/v2\/posts\/66921\/revisions\/66923"}],"wp:featuredmedia":[{"embeddable":true,"href":"https:\/\/www.gdapress.it\/it\/index.php\/wp-json\/wp\/v2\/media\/66922"}],"wp:attachment":[{"href":"https:\/\/www.gdapress.it\/it\/index.php\/wp-json\/wp\/v2\/media?parent=66921"}],"wp:term":[{"taxonomy":"category","embeddable":true,"href":"https:\/\/www.gdapress.it\/it\/index.php\/wp-json\/wp\/v2\/categories?post=66921"},{"taxonomy":"post_tag","embeddable":true,"href":"https:\/\/www.gdapress.it\/it\/index.php\/wp-json\/wp\/v2\/tags?post=66921"}],"curies":[{"name":"wp","href":"https:\/\/api.w.org\/{rel}","templated":true}]}}