
{"id":66842,"date":"2018-06-06T21:59:01","date_gmt":"2018-06-06T19:59:01","guid":{"rendered":"http:\/\/www.gdapress.it\/it\/?p=66842"},"modified":"2018-06-06T22:03:01","modified_gmt":"2018-06-06T20:03:01","slug":"pink-your-life-venerdi-6-luglio-la-notte-si-tinge-di-rosa-in-romagna-e-nord-delle-marche","status":"publish","type":"post","link":"https:\/\/www.gdapress.it\/it\/index.php\/66842\/turismo\/pink-your-life-venerdi-6-luglio-la-notte-si-tinge-di-rosa-in-romagna-e-nord-delle-marche.html","title":{"rendered":"Pink your life: venerd\u00ec 6 luglio la Notte si tinge di rosa in Romagna e nord delle Marche"},"content":{"rendered":"<div><img loading=\"lazy\" decoding=\"async\" class=\"alignleft size-medium wp-image-66843\" src=\"http:\/\/www.gdapress.it\/it\/..\/public\/it\/2018\/06\/1456672_10152382792614942_1567823914_n-289x300.jpg\" alt=\"\" width=\"289\" height=\"300\" srcset=\"https:\/\/www.gdapress.it\/it\/..\/public\/it\/2018\/06\/1456672_10152382792614942_1567823914_n-289x300.jpg 289w, https:\/\/www.gdapress.it\/it\/..\/public\/it\/2018\/06\/1456672_10152382792614942_1567823914_n-385x400.jpg 385w, https:\/\/www.gdapress.it\/it\/..\/public\/it\/2018\/06\/1456672_10152382792614942_1567823914_n.jpg 591w\" sizes=\"auto, (max-width: 289px) 100vw, 289px\" \/><\/div>\n<div><\/div>\n<div><b><i>Pink your life<\/i>: venerd\u00ec 6 luglio la Notte si tinge di rosa in Romagna e nord delle Marche<\/b><\/div>\n<div><b>Grande festa con Alvaro Soler, Rai Radio 2 Caterpillar, Nina Zilli, Ron e tanti altri<\/b><\/div>\n<div><img loading=\"lazy\" decoding=\"async\" class=\"alignleft size-medium wp-image-66845\" src=\"http:\/\/www.gdapress.it\/it\/..\/public\/it\/2018\/06\/sogg-1_cartolina-low-01-1-300x202.jpg\" alt=\"\" width=\"300\" height=\"202\" srcset=\"https:\/\/www.gdapress.it\/it\/..\/public\/it\/2018\/06\/sogg-1_cartolina-low-01-1-300x202.jpg 300w, https:\/\/www.gdapress.it\/it\/..\/public\/it\/2018\/06\/sogg-1_cartolina-low-01-1-768x517.jpg 768w, https:\/\/www.gdapress.it\/it\/..\/public\/it\/2018\/06\/sogg-1_cartolina-low-01-1-500x337.jpg 500w, https:\/\/www.gdapress.it\/it\/..\/public\/it\/2018\/06\/sogg-1_cartolina-low-01-1-272x182.jpg 272w, https:\/\/www.gdapress.it\/it\/..\/public\/it\/2018\/06\/sogg-1_cartolina-low-01-1.jpg 1087w\" sizes=\"auto, (max-width: 300px) 100vw, 300px\" \/><\/div>\n<div>\n<div><\/div>\n<div><b>A festeggiare la 13a edizione del \u201cCapodanno dell\u2019Estate Italiana\u201c ci saranno, venerd\u00ec 6 luglio, il\u00a0<\/b><b>musicista e cantante spagnolo pi\u00f9 amato in Italia, le voci di Rai Radio 2 Caterpillar AM, Nina Zilli, la finalista di Sanremo 2018 Annalisa, Ron, Giusy Ferreri, il trio Maria Antonietta-Paola Turci-Noemi, la \u201cleggenda\u201d Shel Shapiro, Edoardo Bennato con gli archi del Quartetto Flegreo, i Gemelli Diversi, i dj di Virgin Radio e gli artisti di Radio Bruno Estate \u2013 Sulla Spiaggia del Sole 86-87 a Riccione venerd\u00ec mattina all\u2019alba concerto di Francesco De Leo e la sua band in diretta\u00a0<\/b><em><b>a Rai Radio 2 Caterpillar AM e\u00a0<\/b><\/em><b>sabato 7, sempre al sorgere del sole, appuntamento sulla spiaggia di Riminiterme con le sonorit\u00e0 rarefatte di Remo Anzovino &#8211; A Bellaria torna La Notte Rosa dei Bambini, da Santarcangelo dei Teatri lo spettacolo inaugurale di Tamara Cubas nel programma della Notte Rosa \u2013 Quest\u2019anno protagonisti anche i borghi, i castelli e le citt\u00e0 della Romagna, illuminati di rosa, da cui ammirare il grande spettacolo dei fuochi d\u2019artificio sul mare di mezzanotte \u2013 Programma completo su\u00a0<\/b><b><a href=\"https:\/\/u50712.ct.sendgrid.net\/wf\/click?upn=ZQb5dSCgHCiBOos4XMNJ4mM-2BMqkZWmSz1AhrbpnQ8E-2B09d7um8TFR2NKye9vcPl2J-2F-2Ba9WRk-2FKqIJIQtsqK9B0vx95WAgJa-2B5KGMxKf2Yu7aV8clLtmLHbuXPImpMUMDMGhfZxF5cNJanJPUpR3doK99icANgeFO39ihSd3JcDaW-2Bh3zOd-2FHIdFzPaRyREmxszy6fmShA2HWNBZULLBEK4Kg4mSlgi-2FN-2BXLDGQrbPWM-3D_Mf5xXh6Z6WFQaLnbR94Hv2bHKODztHQCbLIsOMv9YHAxMYqBsoie3OKqxb9gG3mKojCYb1cxmilHQpeAKkxKyhrVoORIWzZ8H1ABe6bWRmRS-2FUzecLy1-2BAdYG3AboSk6cDR8VeeMKoVZRW6HqbSwVHtIHkSweUu4ou7urRBDfVSo-2Fd2KNRvvIhdoAIVoqs0B5LeMrY5efIQn-2BTn-2FPSKOoukXdLzJRa99yYVB9-2FZfeP8-3D\" target=\"_blank\" rel=\"noopener noreferrer\">www.lanotterosa.it<\/a><\/b><\/div>\n<div>\n<div>La Notte Rosa ha fatto 13. E anche questa volta vince il premio di evento pi\u00f9 straordinario, popolare e contagioso dell\u2019intera estate italiana. Sar\u00e0 Alvaro\u00a0Soler, il cantante spagnolo pi\u00f9 amato in Italia, ad aprire ufficialmente, venerd\u00ec 6 luglio dalla spiaggia di Rimini, la 13a Notte Rosa, che diffonder\u00e0 la sua atmosfera di festa in tutta la Romagna e nel nord delle Marche all\u2019insegna del claim \u201cpink your life\u201c, vivi in rosa.<\/div>\n<div>A dar vita al Capodanno dell\u2019Estate Italiana ci saranno quest\u2019anno, assieme al vincitore di 16 dischi di platino in Italia, tanti vip della musica, dalla terza classificata a Sanremo 2018,\u00a0Annalisa,\u00a0a\u00a0Nina Zilli, da\u00a0Giusy Ferreri\u00a0a\u00a0Ron,\u00a0dal trio\u00a0Maria Antonietta-Paola Turci-Noemi\u00a0alla leggenda\u00a0Shel Shapiro, passando per\u00a0Edoardo Bennato\u00a0accompagnato dagli archi del\u00a0Quartetto Flegreo, i Gemelli DiVersi,\u00a0il dj set di\u00a0Andrea Delogu\u00a0ed\u00a0Ema Stokholma\u00a0in diretta su\u00a0Rai Radio 2 Caterpillar AM,\u00a0lo special rock party di\u00a0Virgin Radio\u00a0con\u00a0Dj Ringo\u00a0e\u00a0Andrea Rock\u00a0e il concertone di\u00a0Radio Bruno Estate. Per entrare subito nel vivo della magica atmosfera della Notte Rosa, originale\u00a0appuntamento all\u2019alba\u00a0di venerd\u00ec mattina (ore 5.00) alla Spiaggia del Sole 86-87 di Riccione, con il concerto, in diretta su\u00a0Rai Radio 2 Caterpillar AM, di\u00a0Francesco De Leo, fondatore e leader della band L&#8217;Officina della Camomilla, con il suo album d&#8217;esordio La Malanoche\u201c, un disco psichedelico dream pop, sospeso tra sogno e realt\u00e0.\u00a0Appuntamento al sorgere del sole\u00a0anche sabato mattina (ore 5.00, spiaggia di Riminterme), con l\u2019esibizione solista al pianoforte di\u00a0Remo Anzovino\u00a0nel suo\u00a0Nocturne Tour,\u00a0per il lancio dell\u2019omonimo album registrato tra Tokyo e New York e che vede la collaborazione di musicisti internazionali. Oltre alla grande musica, ad arricchire il programma della Notte Rosa numero 13 ci saranno anche intrattenimento per grandi e piccoli. Prosegue per il secondo anno la collaborazione conSantarcangelo Festival\u00a0(6-15 luglio), che \u201cpresta\u201c al Capodanno dell\u2019Estate Italiana il suo spettacolo inaugurale. Si tratta di &#8220;Multitud&#8221;, l\u2019originale performance corale (coinvolge circa 70 volontari del nostro territorio, performer e non) con cui l&#8217;artista\u00a0Tamara Cubas\u00a0analizza la socialit\u00e0 dell\u2019uomo di oggi, la nozione di eterogeneit\u00e0 del gruppo, lo spazio pubblico, i rapporti interpersonali e la capacit\u00e0 di dissenso (venerd\u00ec 6 luglio, ore 21.30, Piazza Ganganelli; sabato 7 luglio, ore 20, Piazza Marconi; domenica 8 luglio, ore 22, Sferisterio. Ingresso gratuito). Torna anche il consueto appuntamento con\u00a0La Notte Rosa dei Bambini\u00a0a Bellaria-Igea marina, con il centro storico che venerd\u00ec 6 si trasformer\u00e0 in un grande parco giochi a cielo aperto, con animazione, acrobati, giocoleria, laboratori, clown, burattini e tanto altro. Per chi \u00e8 in cerca di suggestioni, appuntamento invece a Cervia, con lo spettacolo di\u00a0Hydrofly\u00a0(con un acrobata a volteggiare sull\u2019acqua grazie ad un dispositivo che abbina la propulsione prodotta da una moto d&#8217;acqua ad un apparato jet) sul canale dell\u2019Area Magazzini del Sale, e il\u00a0cinema sull\u2019acqua\u00a0in spiaggia libera, sempre a Cervia. Quest\u2019anno la grande festa della Notte Rosa coinvolger\u00e0 anche i borghi e paesi dell\u2019entroterra romagnolo,\u00a0che illumineranno di rosa i loro monumenti, rocche e castelli.<\/div>\n<div>\u00abL\u2019evento iconico per eccellenza della capacit\u00e0 che appartiene a questo territorio di fare turismo \u2013 commenta l\u2019Assessore Regionale al Turismo Andrea Corsini \u2013 Questa tredicesima edizione rende partecipe per la prima volta l\u2019intera Destinazione Romagna coinvolgendo anche i borghi dell\u2019entroterra che, cos\u00ec ricca di balconi naturali che s\u2019affacciano sulla costa, aggiunger\u00e0 ulteriore appeal al grande spettacolo rosa della Riviera\u00bb.<\/div>\n<div>\u00abLa destinazione Romagna -sottolinea Andrea Gnassi, Presidente della Destinazione Romagna-<\/div>\n<div>\u00e8 l&#8217;hardware territoriale in qualche modo sognato 12 edizioni fa dalla Notte Rosa. Un evento di sistema, oltre i campanilismi, per una competitivit\u00e0 e una leadership che vogliamo mantenere. E dopo tanti anni vedere non solo che la Notte Rosa \u00e8 ormai l&#8217;unico grande evento dell&#8217;estate italiana, ma anche che diventa sempre pi\u00f9 internazionale con il programma 2018, \u00e8 una soddisfazione. E lo \u00e8 anche constatare come un evento abbia saputo produrre un&#8217;alleanza territoriale\u00a0impensabile sino a pochi anni fa\u00bb<\/div>\n<div>Se a mezzanotte di venerd\u00ec 6 luglio le spiagge della riviera si affolleranno\u00a0per il tradizionale appuntamento con lo spettacolo di fuochi d\u2019artificio sul mare, si potr\u00e0 godere dello spettacolo anche dai\u00a0balconi naturali dell\u2019entroterra, avvolti dal silenzio. Anche per la 13a edizione a far festa assieme a tutta la Romagna saranno le vicine Marche, con Pesaro, Tavullia e Gradara che proporrannos tanti eventi a tema rosa. Tutto il calendario eventi e gli speciali pacchetti soggiorno, in continuo aggiornamento, messi a punto per l\u2019occasione dagli operatori turistici sono consultabili su\u00a0<a href=\"https:\/\/u50712.ct.sendgrid.net\/wf\/click?upn=ZQb5dSCgHCiBOos4XMNJ4mM-2BMqkZWmSz1AhrbpnQ8E-2B09d7um8TFR2NKye9vcPl2J-2F-2Ba9WRk-2FKqIJIQtsqK9B0vx95WAgJa-2B5KGMxKf2Yu6n2pHySspjF7RgplARVgkcYQYex08cHwVrJzKc3ftqa2FbCNTe-2FuskvwdZsmuI9dzP8sW1pK9Z40fU-2FDoRTH2FsyeMnIEwiempBjBgPCg6eYfpJoOfNTcJcc6bLCdRp-2FA-3D_Mf5xXh6Z6WFQaLnbR94Hv2bHKODztHQCbLIsOMv9YHAxMYqBsoie3OKqxb9gG3mKojCYb1cxmilHQpeAKkxKypyHQgggjFn-2BLWfTMAvz2vU1XfuhaE2Z0bXfG8IhKbPGHzdaiubjAFZpCW31bgry52N2yppFvPE5NvezSriYFpIqocNnfwlKMYh7ZJn8AosLp11VvT-2B4JnJpMgofHGaUr5se47LnYHCTC5xVzVj1Wmg-3D\" target=\"_blank\" rel=\"noopener noreferrer\">www.lanotterosa.it<\/a>.<\/div>\n<div><\/div>\n<div><b>Notte Rosa 2018: il programma di venerd\u00ec 6 luglio<\/b><\/div>\n<div>Da nord a sud, tanti appuntamenti per la serata inaugurale della 13a Notte Rosa. A Lido degli Scacchi (Fe),\u00a0Nina Zilli\u00a0salir\u00e0 sul palco allestito in Piazzale Sagano per un imperdibile concerto pieno della grinta ed energia che caratterizzano la rocker piacentina, in giro per l\u2019Italia con il suo Il Modern Art Tour (ore 22.30). Piazza Dora Markus a Marina di Ravenna ospita il\u00a0Marina Love Parade, show colorato e festoso all\u2019insegna dell\u2019anticonformismo, con dj set e animazione a cura di Muccassassina by Marina Flower (ore 21). A Cesenatico (Fc) Piazza Costa risuoner\u00e0 delle voci degli artisti che si susseguiranno sul palco di\u00a0Radio Bruno Estate(dalle 21), mentre ai Giardini Don Guanella di Gatteo Mare (Fc)\u00a0Ron\u00a0rende omaggio a\u00a0Lucio Dalla\u00a0con una serata tra musica, aneddoti e ricordi legati al celebre cantautore bolognese (ore 21.30) e nella vicina San Mauro Mare spazio all\u2019hip hop italiano dei Gemelli DiVersi (Parco Stefano Campana, ore 21.30). I pi\u00f9 piccoli saranno i protagonisti venerd\u00ec sera a Bellaria-Igea Marina, con\u00a0La Notte Rosa dei Bambini,\u00a0dove ogni angolo della citt\u00e0 si colorer\u00e0 con artisti di strada, trampoli, percussioni, parate, teatro, musica, burattini e corsi per i pi\u00f9 piccoli per diventare pompiere per un giorno, mentre per tutti i fan di\u00a0Alvaro Soler, appuntamento dalle 22 sulla spiaggia libera di Piazzale Boscovich a Rimini, dove l\u2019artista proporr\u00e0, tra gli altri, il suo nuovo singolo\u00a0\u201cLa Cintura\u201c,\u00a0nella top 3 della classifica singoli e nella top 10 dei brani pi\u00f9 ascoltati in radio e su Spotify Italia. A Riccione, dopo il concerto in spiaggia all\u2019alba di\u00a0Francesco De Leo,\u00a0la festa proseguir\u00e0 in Piazzale Roma, con\u00a0il Gran Gal\u00e0 del Sole \u2013 International Gymnastic Festival,\u00a0la pi\u00f9 grande kermesse di ginnastica del Mediterraneo, seguita, dopo lo spettacolo di fuochi d\u2019artificio in spiaggia, dal\u00a0dj set\u00a0di\u00a0Andrea Delogu\u00a0ed\u00a0Ema Stokholma\u00a0in diretta su\u00a0Rai Radio 2 Caterpillar AM. Al Parco Mare Nord a Misano Adriatico dalle 21 si fa festa con i\u00a0dj\u00a0di\u00a0Virgin Radio\u00a0e il loro\u00a0Rock Party in occasione della tappa del Mondiale Superbike al Misano World Circuit \u201cMarco Simoncelli\u201d, con\u00a0Dj Ringo e il talk show con i piloti della Superbike\u00a0e, a seguire, i live di\u00a0Andrea Rock\u00a0e del chitarrista\u00a0Giuseppe Scarpato\u00a0con i suoi\u00a0Hillside Power Trio. In Piazza Primo Maggio a Cattolica la finalista di Sanremo 2018 con il suo \u201cIl mondo prima di te\u201d,Annalisa,\u00a0terr\u00e0 una tappa del suo Bye Bye Live tour (ore 22.00). L\u2019anima del rock si fonder\u00e0 con le melodie degli archi in Piazzale della Libert\u00e0, a Pesaro, con l\u2019esibizione di\u00a0Edoardo Bennato,\u00a0che porta alla Notte Rosa il suo originale progetto di concerto speciale rossiniano accompagnato dai quattro componenti del\u00a0Quartetto Flegreo\u00a0(ore 22.00).<\/div>\n<div><\/div>\n<div><b>La grande festa della Notte Rosa continua sabato 7 luglio<\/b><\/div>\n<div>Il sabato della Notte Rosa inizia all\u2019alba in spiaggia. Sull\u2019arenile di Riminiterme (ore 5.00), il pianista e compositore\u00a0Remo Anzovino,\u00a0uno dei massimi esponenti della musica strumentale italiana, presenter\u00e0 il suo progetto solista\u00a0Nocturne,\u00a0album che vede la collaborazione di numerosi artisti internazionali con i loro originali strumenti musicali. Appuntamento al sorgere del sole anche alla spiaggia centrale di San Mauro Mare (Bagno Sergio e Neri), con il concerto\u00a0Viaggio nella Canzone Italiana d\u2019Autore del Nicoletta Fabbri Quartet,\u00a0capitanato da Nicoletta Fabbri, cantante del Maestro Nicola Piovani, che porter\u00e0 il pubblico a spasso attraverso la musica italiana d\u2019autore, con un raffinato omaggio alla grande Mina e a Federico Fellini attraverso le musiche scritte per i suoi film. Appuntamento in Piazza Dora Markus a Marina di Ravenna, con il synth pop anni \u201980 del duo\u00a0Sam &amp; Stenn\u00a0(ore 21), seguito dal groove esplosivo dei\u00a0Soul System,\u00a0vincitori dell\u2019edizione 2016 di X Factor 2016. Ci si sposta a Cervia (Ra), con lo specchio d\u2019acqua del canale dei Magazzini del Sale a incresparsi sulle evoluzioni in\u00a0hydrofly\u00a0dello spettacolo\u00a0Waterfly 2.0 by Racing Show, tra giochi di luci, laser e ologrammi (dalle 21 alle 24), mentre nella vicina Milano Marittima, domenica 8 (ore 21.30) l\u2019appuntamento sar\u00e0 alla spiaggia libera di via Spalato, con proiezione di un film su\u00a0water screen\u00a0(cinema sull\u2019acqua). Evento da non perdere per i fan del \u201cBlasco\u201d nazionale ai Giardini Don Guanella di Gatteo Mare (Fc), con il viaggio musicale carico di rock, adrenalina ed emozioni attraverso le pi\u00f9 belle canzoni di Vasco della tribute band dei\u00a0Roxy Bar\u00a0(ore 21.30), mentre nel Piazzale della Capitaneria di Porto a Igea Marina salir\u00e0 sul palco\u00a0Giusy Ferreri\u00a0con la sua grinta unica (ore 22.00). E\u2019 il rock al femminile il protagonista in Piazzale Roma a Riccione, con\u00a0Rai Radio 2 on Tour\u00a0che presenta\u00a0Maria Antonietta, Paola Turci\u00a0e\u00a0Noemi\u00a0in concerto, presentate da\u00a0Andrea Delogu\u00a0ed\u00a0Ema Stokholma\u00a0(ore 22.00). Appuntamento per i nostalgici a Cattolica, in Piazza Mercato, con lo spettacolo \u201cQuasi una leggenda\u201d di\u00a0Shel Shapiro, che racconta la sua carriera artistica lunga pi\u00f9 di cinquant\u2019anni (ore 22.00).<\/div>\n<div><\/div>\n<div><b>Aspettando la Notte Rosa, tra musica dal vivo e cinema d&#8217;autore<\/b><\/div>\n<div>A Rimini e Riccione sono tanti gli appuntamenti che anticiperanno il lungo weekend di festa della Notte Rosa. La \u201cPerla Verde\u201c accoglie dal 1\u00b0 luglio\u00a0oltre cinquemila ginnasti provenienti da 20 nazioni\u00a0per il\u00a0Festival del Sole &#8211; International Gymnastic Festival, con centoventi ore di spettacolo dal vivo in 6 arene allestite sul lungomare. Sempre a Riccione, dal 2 al 5 luglio al Palazzo dei Congressi si tengono le\u00a0Giornate Estive di Cinema\u00a0di\u00a0CINE\u2018, giunte alla VI edizione, con prime visioni, anteprime esclusive, happening e red carpet e i due appuntamenti \u201coff\u201c di Cinemax e Cinecamp: cinema all\u2019aperto, talk show, mostre e per i pi\u00f9 piccoli un camp in collaborazione con il Festival di Giffoni. A Rimini un monumento del turismo nazionale, nonch\u00e8 simbolo dell\u2019immaginario cinematografico, il Grand Hotel caro a Fellini, festegger\u00e0 gioved\u00ec 5 luglio i suoi\u00a0110 anni di vita, con un\u2018indimenticabile serata di gala. Sempre a Rimini la musica sar\u00e0 protagonista incontrastata da sabato 30 giugno, con la settima\u00a0Molo Street\u00a0Parade sul portocanale: i pi\u00f9 famosi dj d\u2019Europa e i pescatori locali si uniscono per servire sui loro \u201cpiatti\u201d, a migliaia di persone, musica e sardoncini. Appuntamento con il jazz pi\u00f9 sofisticato mercoled\u00ec 4 luglio alla Corte degli Agostiniani, nell\u2019ambito della rassegna Percuotere la Mente, con\u00a0Flavio Boltro &amp; la Jazz Orchestra\u00a0a riproporre, in una versione inedita, i classici di\u00a0Miles Davis, da &#8220;So what\u201d a \u201cAll blues\u201d, da \u201cRound Midnight\u201d a \u201cSummertime\u201d (concerto a pagamento, ore 21.15). Reduce da un tour invernale che ha fatto registrare 20 sold out nei palazzetti di tutta Italia, arriva a Rimini con la sua contagiosa energia\u00a0Caparezza, che gioved\u00ec 5 luglio dar\u00e0 vita ad una travolgente serata al Rimini Park Rock (Park ovest Rimini Fiera, concerto a pagamento) esibendosi nei successi del suo recente album \u201cPrisoner 709\u201d.<\/div>\n<div><\/div>\n<\/div>\n<\/div>\n","protected":false},"excerpt":{"rendered":"<p>Pink your life: venerd\u00ec 6 luglio la Notte si tinge di rosa in Romagna e nord delle Marche Grande festa con Alvaro Soler, Rai Radio 2 Caterpillar, Nina Zilli, Ron e tanti altri A festeggiare la 13a edizione del \u201cCapodanno dell\u2019Estate Italiana\u201c ci saranno, venerd\u00ec 6 luglio, il\u00a0musicista e cantante spagnolo pi\u00f9 amato in Italia, &hellip; <a href=\"https:\/\/www.gdapress.it\/it\/index.php\/66842\/turismo\/pink-your-life-venerdi-6-luglio-la-notte-si-tinge-di-rosa-in-romagna-e-nord-delle-marche.html\" class=\"more-link\">Read more <span class=\"screen-reader-text\">Pink your life: venerd\u00ec 6 luglio la Notte si tinge di rosa in Romagna e nord delle Marche<\/span><\/a><\/p>\n","protected":false},"author":2,"featured_media":66843,"comment_status":"closed","ping_status":"open","sticky":false,"template":"","format":"standard","meta":{"footnotes":""},"categories":[9],"tags":[22188,22189,22190,2764],"class_list":["post-66842","post","type-post","status-publish","format-standard","has-post-thumbnail","hentry","category-turismo","tag-caterpillar-am","tag-la-notte-rosa","tag-rai-radio-2","tag-romagna"],"_links":{"self":[{"href":"https:\/\/www.gdapress.it\/it\/index.php\/wp-json\/wp\/v2\/posts\/66842","targetHints":{"allow":["GET"]}}],"collection":[{"href":"https:\/\/www.gdapress.it\/it\/index.php\/wp-json\/wp\/v2\/posts"}],"about":[{"href":"https:\/\/www.gdapress.it\/it\/index.php\/wp-json\/wp\/v2\/types\/post"}],"author":[{"embeddable":true,"href":"https:\/\/www.gdapress.it\/it\/index.php\/wp-json\/wp\/v2\/users\/2"}],"replies":[{"embeddable":true,"href":"https:\/\/www.gdapress.it\/it\/index.php\/wp-json\/wp\/v2\/comments?post=66842"}],"version-history":[{"count":2,"href":"https:\/\/www.gdapress.it\/it\/index.php\/wp-json\/wp\/v2\/posts\/66842\/revisions"}],"predecessor-version":[{"id":66846,"href":"https:\/\/www.gdapress.it\/it\/index.php\/wp-json\/wp\/v2\/posts\/66842\/revisions\/66846"}],"wp:featuredmedia":[{"embeddable":true,"href":"https:\/\/www.gdapress.it\/it\/index.php\/wp-json\/wp\/v2\/media\/66843"}],"wp:attachment":[{"href":"https:\/\/www.gdapress.it\/it\/index.php\/wp-json\/wp\/v2\/media?parent=66842"}],"wp:term":[{"taxonomy":"category","embeddable":true,"href":"https:\/\/www.gdapress.it\/it\/index.php\/wp-json\/wp\/v2\/categories?post=66842"},{"taxonomy":"post_tag","embeddable":true,"href":"https:\/\/www.gdapress.it\/it\/index.php\/wp-json\/wp\/v2\/tags?post=66842"}],"curies":[{"name":"wp","href":"https:\/\/api.w.org\/{rel}","templated":true}]}}