
{"id":66727,"date":"2018-05-22T09:49:55","date_gmt":"2018-05-22T07:49:55","guid":{"rendered":"http:\/\/www.gdapress.it\/it\/?p=66727"},"modified":"2018-05-22T09:49:55","modified_gmt":"2018-05-22T07:49:55","slug":"concerto-milano-riccardo-chailly-la-filarmonica-della-scala-open-air-piazza-duomo","status":"publish","type":"post","link":"https:\/\/www.gdapress.it\/it\/index.php\/66727\/musica\/concerto-milano-riccardo-chailly-la-filarmonica-della-scala-open-air-piazza-duomo.html","title":{"rendered":"Concerto per Milano: Riccardo Chailly e la Filarmonica della Scala \u201cOpen Air\u201d in Piazza Duomo"},"content":{"rendered":"<p><img loading=\"lazy\" decoding=\"async\" class=\"alignnone size-medium wp-image-66728\" src=\"http:\/\/www.gdapress.it\/it\/..\/public\/it\/2018\/05\/ChaillyDuomoFilarmonica\u00a9hanninen015B-1986-300x200.jpg\" alt=\"\" width=\"300\" height=\"200\" srcset=\"https:\/\/www.gdapress.it\/it\/..\/public\/it\/2018\/05\/ChaillyDuomoFilarmonica\u00a9hanninen015B-1986-300x200.jpg 300w, https:\/\/www.gdapress.it\/it\/..\/public\/it\/2018\/05\/ChaillyDuomoFilarmonica\u00a9hanninen015B-1986-768x513.jpg 768w, https:\/\/www.gdapress.it\/it\/..\/public\/it\/2018\/05\/ChaillyDuomoFilarmonica\u00a9hanninen015B-1986-500x334.jpg 500w, https:\/\/www.gdapress.it\/it\/..\/public\/it\/2018\/05\/ChaillyDuomoFilarmonica\u00a9hanninen015B-1986-720x480.jpg 720w, https:\/\/www.gdapress.it\/it\/..\/public\/it\/2018\/05\/ChaillyDuomoFilarmonica\u00a9hanninen015B-1986-272x182.jpg 272w\" sizes=\"auto, (max-width: 300px) 100vw, 300px\" \/> <img loading=\"lazy\" decoding=\"async\" class=\"alignnone size-medium wp-image-66729\" src=\"http:\/\/www.gdapress.it\/it\/..\/public\/it\/2018\/05\/ChaillyDuomoFilarmonica\u00a9hanninen015B-1986-1-300x200.jpg\" alt=\"\" width=\"300\" height=\"200\" srcset=\"https:\/\/www.gdapress.it\/it\/..\/public\/it\/2018\/05\/ChaillyDuomoFilarmonica\u00a9hanninen015B-1986-1-300x200.jpg 300w, https:\/\/www.gdapress.it\/it\/..\/public\/it\/2018\/05\/ChaillyDuomoFilarmonica\u00a9hanninen015B-1986-1-768x513.jpg 768w, https:\/\/www.gdapress.it\/it\/..\/public\/it\/2018\/05\/ChaillyDuomoFilarmonica\u00a9hanninen015B-1986-1-500x334.jpg 500w, https:\/\/www.gdapress.it\/it\/..\/public\/it\/2018\/05\/ChaillyDuomoFilarmonica\u00a9hanninen015B-1986-1-720x480.jpg 720w, https:\/\/www.gdapress.it\/it\/..\/public\/it\/2018\/05\/ChaillyDuomoFilarmonica\u00a9hanninen015B-1986-1-272x182.jpg 272w\" sizes=\"auto, (max-width: 300px) 100vw, 300px\" \/> <img loading=\"lazy\" decoding=\"async\" class=\"alignnone size-medium wp-image-66730\" src=\"http:\/\/www.gdapress.it\/it\/..\/public\/it\/2018\/05\/33204748_10155470213606088_5294781063409696768_n-300x115.jpg\" alt=\"\" width=\"300\" height=\"115\" srcset=\"https:\/\/www.gdapress.it\/it\/..\/public\/it\/2018\/05\/33204748_10155470213606088_5294781063409696768_n-300x115.jpg 300w, https:\/\/www.gdapress.it\/it\/..\/public\/it\/2018\/05\/33204748_10155470213606088_5294781063409696768_n-768x293.jpg 768w, https:\/\/www.gdapress.it\/it\/..\/public\/it\/2018\/05\/33204748_10155470213606088_5294781063409696768_n-500x191.jpg 500w, https:\/\/www.gdapress.it\/it\/..\/public\/it\/2018\/05\/33204748_10155470213606088_5294781063409696768_n.jpg 825w\" sizes=\"auto, (max-width: 300px) 100vw, 300px\" \/><\/p>\n<p><strong>Concerto per Milano: Riccardo Chailly e la Filarmonica della Scala \u201cOpen Air\u201d in Piazza Duomo<\/strong><\/p>\n<p><em>Con UniCredit e Allianz Italia per il grande concerto nel cuore della citt\u00e0: a Milano l\u2019appuntamento gratuito di musica classica pi\u00f9 partecipato in Italia con Riccardo Chailly. In programma il celebre Concerto n. 1 di <\/em><em>\u010c<\/em><em>ajkovskij <\/em><em>con Denis Matsuev al pianoforte e Quadri da un\u2019esposizione di Musorgskij per orchestra. Rai Cultura trasmette il concerto in HD su Rai 5 e all\u2019estero. Diretta anche sul web.<\/em><\/p>\n<p><strong>Domenica<\/strong> <strong>10 giugno 2018<\/strong> <strong>alle<\/strong> <strong>21.30<\/strong> la Filarmonica della Scala torna in Piazza Duomo con il <em>Concerto per Milano<\/em>, sesta edizione dell\u2019annuale appuntamento sinfonico gratuito che trasforma il cuore della citt\u00e0 in una sala da concerto \u201cOpen Air\u201d. A dirigere l\u2019orchestra \u00e8 <strong>Riccardo Chailly<\/strong>, ospite solista di questa edizione \u00e8 il pianista russo <strong>Denis Matsuev<\/strong>, interprete del monumentale <em>Concerto per pianoforte e orchestra n. 1 in si bem. min op. 23<\/em> di P\u00ebtr Il\u2019i\u010d \u010cajkovskij, uno dei brani pi\u00f9 celebri del repertorio pianistico e tra i pi\u00f9 amati dal pubblico. La seconda parte del programma \u00e8 ancora un omaggio ai grandi autori russi: Chailly dirige <em>Quadri da un\u2019esposizione<\/em> di Modest Musorgskij nell\u2019orchestrazione di Maurice Ravel.<\/p>\n<p>Rai Cultura trasmette il concerto in diretta su <em>Rai 5<\/em> in HD, con la regia di Patrizia Carmine, e sul portale web <em>RaiPlay. <\/em>Grazie a RaiCom sar\u00e0 inoltre trasmesso in diretta in Germania, Francia e nei paesi francofoni da <em>Arte<\/em>, in Grecia, Corea, e in differita in Slovenia, Ungheria, Giappone e Cina.<\/p>\n<p>Realizzato con il patrocinio del <strong>Comune di Milano,<\/strong> in collaborazione con il Main Partner <strong>UniCredit<\/strong>, lo Sponsor <strong>Allianz Italia<\/strong> e il sostegno di <strong>Esselunga<\/strong>, il <em>Concerto per Milano<\/em> \u00e8 l\u2019occasione imperdibile di ascoltare la Filarmonica della Scala sotto le stelle. Sette maxischermi e un impianto audio ad alta definizione consentono, alle migliaia di spettatori, visione e ascolto ottimali da qualsiasi punto della piazza. L\u2019iniziativa si avvale del supporto di: <strong>Rai Cultura<\/strong>, <strong>Class Editori<\/strong>, Media Partner, <strong>Vidion<\/strong>, Digital Partner, <strong>ATM<\/strong>, <strong>Trenord<\/strong> e <strong>Sea Aeroporti<\/strong>, Mobility Partners dell\u2019iniziativa.<\/p>\n<p>Jean Pierre Mustier, Presidente della Filarmonica della Scala e CEO UniCredit dice: \u00abQuesto grande concerto gratuito e aperto a tutti \u00e8 ormai diventato un importante evento internazionale. Anche attraverso questa iniziativa, Filarmonica e UniCredit confermano il loro comune obiettivo: avvicinare la grande musica a tutti\u00bb.<\/p>\n<p>Giacomo Campora,\u00a0Amministratore Delegato\u00a0di\u00a0Allianz S.p.A. sottolinea: \u00abE\u2019 un grande piacere e onore poter sostenere per il sesto anno consecutivo uno degli appuntamenti musicali pi\u00f9 amati dai milanesi e da tutti gli appassionati della grande musica, che conferma la portata culturale del modello Milano, capace di avvicinare il grande pubblico a eventi indimenticabili e unici nel panorama internazionale. Allianz \u00e8 partner della Filarmonica della Scala dal 2000 e, fin dalla sua prima edizione, sostiene insieme ad UniCredit \u2013 nostro partner strategico anche nel business &#8211; il grande Concerto gratuito per Milano. \u00c8 un evento straordinario, organizzato con il patrocinio del Comune e reso possibile grazie al sostegno dei partner privati, uno spettacolo di altissimo livello che ogni anno attrae migliaia di spettatori nella magica cornice notturna di Piazza del Duomo.\u00a0Da quest\u2019anno, soprattutto, abbiamo significativamente rafforzato il nostro impegno\u00a0con\u00a0la Filarmonica, prestigiosa istituzione milanese e uno dei simboli della cultura musicale italiana pi\u00f9 apprezzati al mondo, con il rinnovo pluriennale del nostro accordo di partnership, grazie alla regia del nostro Direttore Generale, Maurizio Devescovi, membro del Consiglio di Amministrazione della Filarmonica della Scala\u00bb.<\/p>\n<p>\u00abIn questi anni, come Filarmonica, abbiamo concentrato le nostre energie sul repertorio russo romantico\u00bb \u2013 dice Riccardo Chailly &#8211; \u00abl\u2019apice e il traguardo di questo periodo di lavoro \u00e8 il programma del concerto di quest\u2019anno. Dopo \u010cajkovskij, i <em>Quadri da un\u2019esposizione<\/em> di Musorgskij nell\u2019orchestrazione di Ravel, un brano amato dal pubblico: anche chi non conosce questa musica dopo il primo ascolto viene rapito dalla sua forza e non pu\u00f2 pi\u00f9 prescinderne. Ci auguriamo che ci\u00f2 accada anche quest\u2019anno in piazza Duomo\u00bb.<\/p>\n<p>\u00ab\u00c8 una serata straordinaria che porta la musica e i suoi protagonisti fuori dai luoghi usuali, nel cuore della citt\u00e0. Sono davvero entusiasta di poter partecipare a questo grande avvenimento\u00bb secondo Denis Matsuev, pianista che, dopo il trionfo nel 1998 al Concorso <em>\u010c<\/em><em>ajkovskij<\/em>, si \u00e8 imposto come uno dei pi\u00f9 brillanti interpreti del repertorio russo, esibendosi in centinaia di concerti ogni anno nelle pi\u00f9 prestigiose sale da concerto, anche in tourn\u00e9e con la Filarmonica e Riccardo Chailly.<\/p>\n<p>Del ricco calendario di eventi milanesi in grado di attrarre in citt\u00e0 visitatori dall\u2019Italia e dall\u2019estero, il concerto gratuito della Filarmonica in Piazza Duomo, giunto alla sesta edizione grazie al supporto di UniCredit e Allianz Italia, \u00e8 divenuto il pi\u00f9 atteso appuntamento cittadino d\u2019inizio estate e un importante avvenimento internazionale, alla stregua dei grandi concerti di Vienna, Londra, Berlino. Lo dimostra il crescente interesse del pubblico straniero che pone l\u2019iniziativa nella pi\u00f9 ampia programmazione delle capitali europee confermando il valore della Filarmonica della Scala, istituzione indipendente che non attinge a fondi pubblici e svolge un\u2019importante funzione culturale e sociale con il solo sostegno privato.<\/p>\n<p>All\u2019avanguardia della tecnologia: un imponente palcoscenico di 32 metri di larghezza per 16 di profondit\u00e0 accoglie i quasi 100 strumentisti, il solista ed il direttore d\u2019orchestra. La scena \u00e8 illuminata da oltre 100 fari di ultima generazione mentre l\u2019impianto audio \u00e8 realizzato con 132 diffusori L-Acoustic. La ripresa \u00e8 affidata a circa 120 microfoni in grado di captare il suono in modo naturale. Il supporto professionale \u00e8 fornito da Agor\u00e0, Massimo Stage, New Light, Event Management.<\/p>\n<p>Le riprese televisive in HD sono affidate a 11 telecamere della Rai, che impiega una squadra di oltre 60 addetti e, attraverso regie dedicate, trasmette le immagini su 7 megaschermi allestiti in Piazza Duomo e le trasferisce via satellite al centro di produzione per la diffusione in diretta sui canali televisivi. Questi numeri, uniti alle 200 persone coinvolte nello staff della produzione, fanno del <em>Concerto per Milano<\/em> il pi\u00f9 importante evento gratuito di musica sinfonica all\u2019aperto in Italia.<\/p>\n<p>In occasione del concerto, Trenord ha predisposto un biglietto speciale <em>Trenord Day Pass<\/em>, in vendita al prezzo di \u20ac 13, che consente di raggiungere in treno Milano da tutte le stazioni servite all\u2019interno dell\u2019area di validit\u00e0 della tariffa ferroviaria regionale. Il biglietto sar\u00e0 in vendita su tutti i canali Trenord.<\/p>\n<p>Edizioni precedenti: nel 2013, in occasione degli Expo Days, che anticipavano l\u2019esposizione universale del 2015, Riccardo Chailly aveva diretto musiche di Gershwin, con Stefano Bollani al pianoforte, davanti a un pubblico di quasi 50.000 spettatori; nel 2014 oltre 40.000 milanesi sono rimasti ad ascoltare Esa-Pekka Salonen con il pianista Lang Lang, nonostante la pioggia battente. Nell\u2019anno di Expo, con Chailly sul podio e l\u2019esibizione di David Garrett, il concerto in Piazza Duomo \u00e8 diventato l\u2019evento pi\u00f9 atteso e partecipato della classica milanese. Le ultime edizioni hanno portato sul palcoscenico con Riccardo Chailly la pianista argentina Martha Argerich e il violinista Nikolaj Znaider.<\/p>\n<p>&nbsp;<\/p>\n<p><strong>Il programma:<\/strong><\/p>\n<p><strong>Domenica 10 giugno 2018, ore 21.30<\/strong><\/p>\n<p><strong>Piazza Duomo<\/strong><\/p>\n<p><strong>Riccardo Chailly<\/strong>, direttore<\/p>\n<p><strong>Denis Matsuev<\/strong>, pianoforte<\/p>\n<p>P\u00ebtr Il\u2019i\u010d \u010cajkovskij<\/p>\n<p><em>Concerto per pianoforte e orchestra n. 1 in si bem. min. op. 23<\/em><\/p>\n<p>Modest Musorgskij \u2013 Maurice Ravel<\/p>\n<p><em>Quadri da un\u2019esposizione<\/em><\/p>\n<p><strong>Concerto gratuito<\/strong><\/p>\n<p><strong>Riccardo Chailly<\/strong><\/p>\n<p>Riccardo Chailly \u00e8 Direttore Musicale del Teatro alla Scala e Direttore Principale della Filarmonica della Scala. \u00c8 stato Kapellmeister del Gewandhausorchester di Lipsia, la compagine sinfonica pi\u00f9 antica d\u2019Europa, e Direttore Principale dell\u2019Orchestra del Royal Concertgebouw di Amsterdam, che ha guidato per sedici anni, oltre che dell\u2019Orchestra Verdi di Milano. Dal 2016 \u00e8 Direttore Musicale dell\u2019Orchestra del Festival di Lucerna, succedendo a Claudio Abbado. Conduce le principali orchestre internazionali, fra cui Wiener e Berliner Philharmoniker, New York Philharmonic, Cleveland Orchestra, Philadelphia Orchestra e Chicago Symphony Orchestra. \u00c8 ospite regolare di festival quali Salisburgo e BBC Proms di Londra. Da oltre trent\u2019anni \u00e8 artista esclusivo Decca. Tra i riconoscimenti pi\u00f9 recenti il Gramophone Award come Disco dell\u2019Anno per l\u2019integrale delle <em>Sinfonie<\/em> di Brahms. L\u2019attivit\u00e0 discografica con la Filarmonica della Scala, ripresa nel 2013 con il disco <em>Viva Verdi<\/em> realizzato in occasione del bicentenario verdiano, ha visto nel 2017 l\u2019uscita di <em>Overtures, Preludi e Intermezzi<\/em> da opere che hanno avuto la prima rappresentazione alla Scala.<\/p>\n<p><strong>Denis Matsuev <\/strong><\/p>\n<p>Dopo il trionfo nel 1998 al Concorso Internazionale <em>\u010c<\/em><em>ajkovskij<\/em>, Denis Matsuev \u00e8 diventato un virtuoso del grande repertorio pianistico russo, imponendosi come uno dei pi\u00f9 importanti interpreti della sua generazione. Si esibisce nelle pi\u00f9 prestigiose sale da concerto collaborando con orchestre quali Teatro Mariinskij, Chicago Symphony, Berliner Philharmoniker, London Symphony, Royal Concertgebouw, Gewandhaus di Lipsia, Filarmonica della Scala, Maggio Musicale Fiorentino, Accademia Nazionale di Santa Cecilia. Ospite regolare di numerosi Festival, tra i quali Verbier, Lucerne, BBC Proms, le sue incisioni discografiche hanno sempre riscosso un grande successo. Per l\u2019etichetta del Mariinskij, nel 2018 uscir\u00e0 un disco dedicato a Prokof\u2019ev e Rachmaninov. Nel 2014 \u00e8 stato nominato UNESCO Goodwill Ambassador e nel 2016 \u00e8 stato insignito dell\u2019Ordine d\u2019Onore della Federazione Russa. In qualit\u00e0 di ambasciatore della FIFA World Cup Russia terr\u00e0 un concerto nella Piazza Rossa di Mosca il prossimo 13 giugno.<\/p>\n<p><strong>Filarmonica della Scala <\/strong><\/p>\n<p>Fondata da Claudio Abbado e dai musicisti scaligeri con l\u2019obiettivo di sviluppare il repertorio sinfonico accanto alla tradizione operistica del Teatro, si costituisce in associazione indipendente nel 1982. L\u2019orchestra instaura rapporti di collaborazione con i maggiori direttori: Georges Pr\u00eatre, Lorin Maazel e Wolfgang Sawallisch sono presenti dalle prime stagioni. Membri Onorari sono Valery Gergiev e Daniel Barenboim. Con oltre seicento concerti la Filarmonica \u00e8 l\u2019orchestra italiana pi\u00f9 presente all\u2019estero: ha debuttato negli Stati Uniti con Riccardo Chailly nel 2007 e in Cina con Myung-Whun Chung nel 2008. Il progetto <em>Open Filarmonica<\/em> racchiude tutte le iniziative per la citt\u00e0: prove aperte benefiche, <em>Sound, Music!<\/em> per i bambini delle scuole primarie, le borse di studio, il concerto annuale in Piazza Duomo. Riccardo Chailly dirige regolarmente la Filarmonica dal 1991 e nel 2015 \u00e8 stato nominato Direttore Principale.<\/p>\n<p>&nbsp;<\/p>\n","protected":false},"excerpt":{"rendered":"<p>Concerto per Milano: Riccardo Chailly e la Filarmonica della Scala \u201cOpen Air\u201d in Piazza Duomo Con UniCredit e Allianz Italia per il grande concerto nel cuore della citt\u00e0: a Milano l\u2019appuntamento gratuito di musica classica pi\u00f9 partecipato in Italia con Riccardo Chailly. In programma il celebre Concerto n. 1 di \u010cajkovskij con Denis Matsuev al &hellip; <a href=\"https:\/\/www.gdapress.it\/it\/index.php\/66727\/musica\/concerto-milano-riccardo-chailly-la-filarmonica-della-scala-open-air-piazza-duomo.html\" class=\"more-link\">Read more <span class=\"screen-reader-text\">Concerto per Milano: Riccardo Chailly e la Filarmonica della Scala \u201cOpen Air\u201d in Piazza Duomo<\/span><\/a><\/p>\n","protected":false},"author":3,"featured_media":66730,"comment_status":"closed","ping_status":"open","sticky":false,"template":"","format":"standard","meta":{"footnotes":""},"categories":[19],"tags":[17881,22113,14542,16776],"class_list":["post-66727","post","type-post","status-publish","format-standard","has-post-thumbnail","hentry","category-musica","tag-concerto-per-milano","tag-denis-matsuev","tag-filarmonica-della-scala","tag-riccardo-chailly"],"_links":{"self":[{"href":"https:\/\/www.gdapress.it\/it\/index.php\/wp-json\/wp\/v2\/posts\/66727","targetHints":{"allow":["GET"]}}],"collection":[{"href":"https:\/\/www.gdapress.it\/it\/index.php\/wp-json\/wp\/v2\/posts"}],"about":[{"href":"https:\/\/www.gdapress.it\/it\/index.php\/wp-json\/wp\/v2\/types\/post"}],"author":[{"embeddable":true,"href":"https:\/\/www.gdapress.it\/it\/index.php\/wp-json\/wp\/v2\/users\/3"}],"replies":[{"embeddable":true,"href":"https:\/\/www.gdapress.it\/it\/index.php\/wp-json\/wp\/v2\/comments?post=66727"}],"version-history":[{"count":1,"href":"https:\/\/www.gdapress.it\/it\/index.php\/wp-json\/wp\/v2\/posts\/66727\/revisions"}],"predecessor-version":[{"id":66731,"href":"https:\/\/www.gdapress.it\/it\/index.php\/wp-json\/wp\/v2\/posts\/66727\/revisions\/66731"}],"wp:featuredmedia":[{"embeddable":true,"href":"https:\/\/www.gdapress.it\/it\/index.php\/wp-json\/wp\/v2\/media\/66730"}],"wp:attachment":[{"href":"https:\/\/www.gdapress.it\/it\/index.php\/wp-json\/wp\/v2\/media?parent=66727"}],"wp:term":[{"taxonomy":"category","embeddable":true,"href":"https:\/\/www.gdapress.it\/it\/index.php\/wp-json\/wp\/v2\/categories?post=66727"},{"taxonomy":"post_tag","embeddable":true,"href":"https:\/\/www.gdapress.it\/it\/index.php\/wp-json\/wp\/v2\/tags?post=66727"}],"curies":[{"name":"wp","href":"https:\/\/api.w.org\/{rel}","templated":true}]}}